{"id":37486,"date":"2026-07-25T11:59:00","date_gmt":"2026-07-25T09:59:00","guid":{"rendered":"https:\/\/euapp01.newsmemory.com\/lamarseillaise\/news\/?p=37486"},"modified":"2026-07-31T09:02:54","modified_gmt":"2026-07-31T07:02:54","slug":"week-end-le-jade-ce-mineral-absent-du-costa-rica-mais-tres-utilise-il-y-a-2-000-ans","status":"publish","type":"post","link":"https:\/\/euapp01.newsmemory.com\/lamarseillaise\/news\/2026\/07\/25\/week-end-le-jade-ce-mineral-absent-du-costa-rica-mais-tres-utilise-il-y-a-2-000-ans\/","title":{"rendered":"[Week-end] Le jade, ce min\u00e9ral absent du Costa Rica mais tr\u00e8s utilis\u00e9 il y a 2&nbsp;000 ans"},"content":{"rendered":"<div class=\"paragraph\">\n<p>Il y a environ 2\u00a0500\u00a0ans, les habitants de l\u2019actuel Costa Rica se mettent \u00e0 produire des objets en pierre verte\u00a0: perles, pendentifs&#8230; et surtout des \u00ab\u00a0dioses hachas\u00a0\u00bb &#8211;\u00a0des petites figurines rituelles les typiques de la r\u00e9gion. Mais de quoi sont-ils faits\u00a0? La pierre verte peut aussi bien \u00eatre du quartz, de la serpentine, du jade&#8230; \u00ab\u00a0<i>Difficile de le savoir \u00e0 l\u2019\u0153il nu,<\/i> admet <a href=\"https:\/\/www.lamarseillaise.fr\/societe\/entretien-matthieu-menager-chercheur-le-costa-rica-invite-a-depasser-les-definitions-classiques-d-aires-culturelles-ME20536497\">Matthieu M\u00e9nager<\/a>. <i>Cela n\u2019avait jamais \u00e9t\u00e9 \u00e9tudi\u00e9 pr\u00e9cis\u00e9ment sur des objets au contexte arch\u00e9ologique connu.<\/i>\u00a0\u00bb C\u2019est-\u00e0-dire des objets dont on sait l\u2019origine et quand ils ont \u00e9t\u00e9 produits. \u00ab\u00a0<i>Beaucoup ont \u00e9t\u00e9 pill\u00e9s<\/i>, pr\u00e9cise le chercheur \u00e0 l\u2019Universit\u00e9 d\u2019Avignon. <i>Cela induit des biais et une perte d\u2019information.<\/i>\u00a0\u00bb<\/p>\n<p>Avec ses coll\u00e8gues du projet MayaCosta, le chercheur a s\u00e9lectionn\u00e9 plus de 900\u00a0objets au contexte arch\u00e9ologique clair, issus de 54\u00a0sites du Costa Rica et conserv\u00e9s dans deux mus\u00e9es\u00a0: le Mus\u00e9e national du Costa Rica et le Mus\u00e9um d\u2019histoire naturelle de Carnegie, \u00e0 Pittsburgh (\u00c9tats-Unis). Les analyses r\u00e9v\u00e8lent une vari\u00e9t\u00e9 de min\u00e9raux qui sont tr\u00e8s souvent ceux pr\u00e9sents sur place &#8211;\u00a0la serpentine ou le quartz, par exemple. \u00ab\u00a0<i>Les artisans utilisaient principalement des mat\u00e9riaux disponibles localement qui ne semblent pas avoir \u00e9t\u00e9 \u00e9chang\u00e9s d\u2019une r\u00e9gion arch\u00e9ologique \u00e0 l\u2019autre<\/i>\u00a0\u00bb, pointe Matthieu M\u00e9nager. Sauf pour un min\u00e9ral\u00a0: le jade, pour lequel il n\u2019y a pas de gisement au Costa Rica. \u00ab\u00a0<i>Les blocs et objets en jade venaient donc de plus loin et il existait des \u00e9changes inter-r\u00e9gionaux<\/i>\u00a0\u00bb, ajoute le chercheur.<\/p>\n<p><b>Trois gisements<\/b><\/p>\n<p>Le jade \u00e9tait donc particuli\u00e8rement appr\u00e9ci\u00e9. \u00ab\u00a0<i>Le c\u00f4t\u00e9 symbolique a d\u00fb jouer<\/i>, estime Matthieu M\u00e9nager. <i>C\u2019est une pierre qui \u00e9tait d\u00e9j\u00e0 importante chez les peuples olm\u00e8ques.<\/i>\u00a0\u00bb C\u2019est-\u00e0-dire il y a plus de 3\u00a0000\u00a0ans parmi ces populations \u00e9tablies sur la c\u00f4te du Golfe du Mexique. Mais c\u2019est aussi une pierre tr\u00e8s dure aux coloris allant du vert au bleu. \u00ab\u00a0<i>Le bleu \u00e9tait tr\u00e8s pris\u00e9 des populations pr\u00e9colombiennes du Costa Rica<\/i>\u00a0\u00bb, pr\u00e9cise le chercheur.<\/p>\n<p>D\u2019o\u00f9 vient ce jade utilis\u00e9 par les populations costaricaines de l\u2019\u00e9poque\u00a0? \u00ab\u00a0<i>Il n\u2019y a que trois gisements connus dans la r\u00e9gion<\/i>\u00a0\u00bb, rel\u00e8ve Matthieu M\u00e9nager. Un au Guatemala, un en R\u00e9publique Dominicaine et un autre \u00e0 Cuba. Des glyphes sur les objets \u00e9voquaient une relation avec le Guatemala, \u00e0 environ 1\u00a0000\u00a0kilom\u00e8tres au nord-ouest, l\u00e0 o\u00f9 vivait une grande partie de la civilisation maya. \u00ab\u00a0<i>Nos analyses semblent confirmer cette origine<\/i>\u00a0\u00bb, glisse le chercheur, pr\u00e9cisant que l\u2019\u00e9tude est faite et l\u2019article en cours de r\u00e9daction. \u00ab\u00a0<i>Peut-\u00eatre ces objets en jade \u00e9taient-ils import\u00e9s en \u00e9change de coquillages pris\u00e9s des \u00e9lites mayas<\/i><i>\u00a0<\/i><i>: des esp\u00e8ces de spondyles absentes des c\u00f4tes de la zone maya mais abondantes sur celles du Costa Rica<\/i>, avance-t-il. <i>Il nous faut encore confirmer cette hypoth\u00e8se.<\/i>\u00a0\u00bb Tout comme il reste \u00e0 \u00e9claircir pourquoi, il y a 1\u00a0400\u00a0ans, le jade dispara\u00eet des objets fa\u00e7onn\u00e9s au Costa Rica.<\/p>\n<\/p><\/div>\n<div class=\"paragraph\">\n<p><b>REP\u00c8RES<\/b><\/p>\n<p><b>MayaCosta<\/b><\/p>\n<p>C\u2019est le projet financ\u00e9 par l\u2019Agence nationale de la recherche dans le cadre duquel a \u00e9t\u00e9 r\u00e9alis\u00e9e cette \u00e9tude. Il vise \u00e0 \u00e9tudier les \u00e9changes de biens pr\u00e9cieux entre Mayas et habitants du Costa Rica \u00e0 l\u2019\u00e9poque pr\u00e9colombienne.<\/p>\n<p><b>Mayas<\/b><\/p>\n<p>Cette civilisation a v\u00e9cu en Am\u00e9rique Centrale, principalement dans les territoires correspondant au sud du Mexique, au Guatemala et \u00e0 certaines parties du Honduras et du Salvador, sur environ 3 000 ans. L\u2019arriv\u00e9e des colons espagnols au XVIe si\u00e8cle a boulevers\u00e9 les soci\u00e9t\u00e9s mayas.<\/p>\n<p><b>Jade<\/b><\/p>\n<p>Depuis le N\u00e9olithique, cette pierre verte est utilis\u00e9e pour faire des objets symboliques. Le terme d\u00e9signe deux mat\u00e9riaux : le jade \u00e0 jad\u00e9ite et le jade n\u00e9phrite. Des gisements du premier sont connus au Guatemala et dans les Alpes italiennes. On trouve le second plut\u00f4t en Chine, en Russie, en Nouvelle-Z\u00e9lande et au Canada.<\/p>\n<\/p><\/div>\n","protected":false},"excerpt":{"rendered":"Il y a environ 2&nbsp;500&nbsp;ans, les habitants de l&rsquo;actuel Costa Rica se mettent &agrave; produire des objets en pierre verte&nbsp;: perles, pendentifs&#8230; et surtout des &laquo;&nbsp;dioses hachas&nbsp;&raquo; &#8211;&nbsp;des petites figurines &#8230;","protected":false},"author":1,"featured_media":37487,"comment_status":"open","ping_status":"open","sticky":false,"template":"","format":"standard","meta":{"footnotes":""},"categories":[3926,3925,20],"tags":[6168,1793,174,1592,416,1058,353,171,988,2001],"news-destination":[3944],"news-source":[475],"is_homepage":[],"ta_other":[],"class_list":["post-37486","post","type-post","status-publish","format-standard","has-post-thumbnail","hentry","category-accueil-merge","category-accueil-third","category-societe","tag-amerique-centrale","tag-archeologie","tag-avignon","tag-recherche","tag-recherche-scientifique","tag-science","tag-sciences","tag-vaucluse","tag-week-end","tag-weekend","news-destination-homepage","news-source-website"],"_links":{"self":[{"href":"https:\/\/euapp01.newsmemory.com\/lamarseillaise\/news\/wp-json\/wp\/v2\/posts\/37486","targetHints":{"allow":["GET"]}}],"collection":[{"href":"https:\/\/euapp01.newsmemory.com\/lamarseillaise\/news\/wp-json\/wp\/v2\/posts"}],"about":[{"href":"https:\/\/euapp01.newsmemory.com\/lamarseillaise\/news\/wp-json\/wp\/v2\/types\/post"}],"author":[{"embeddable":true,"href":"https:\/\/euapp01.newsmemory.com\/lamarseillaise\/news\/wp-json\/wp\/v2\/users\/1"}],"replies":[{"embeddable":true,"href":"https:\/\/euapp01.newsmemory.com\/lamarseillaise\/news\/wp-json\/wp\/v2\/comments?post=37486"}],"version-history":[{"count":1,"href":"https:\/\/euapp01.newsmemory.com\/lamarseillaise\/news\/wp-json\/wp\/v2\/posts\/37486\/revisions"}],"predecessor-version":[{"id":37488,"href":"https:\/\/euapp01.newsmemory.com\/lamarseillaise\/news\/wp-json\/wp\/v2\/posts\/37486\/revisions\/37488"}],"wp:featuredmedia":[{"embeddable":true,"href":"https:\/\/euapp01.newsmemory.com\/lamarseillaise\/news\/wp-json\/wp\/v2\/media\/37487"}],"wp:attachment":[{"href":"https:\/\/euapp01.newsmemory.com\/lamarseillaise\/news\/wp-json\/wp\/v2\/media?parent=37486"}],"wp:term":[{"taxonomy":"category","embeddable":true,"href":"https:\/\/euapp01.newsmemory.com\/lamarseillaise\/news\/wp-json\/wp\/v2\/categories?post=37486"},{"taxonomy":"post_tag","embeddable":true,"href":"https:\/\/euapp01.newsmemory.com\/lamarseillaise\/news\/wp-json\/wp\/v2\/tags?post=37486"},{"taxonomy":"news-destination","embeddable":true,"href":"https:\/\/euapp01.newsmemory.com\/lamarseillaise\/news\/wp-json\/wp\/v2\/news-destination?post=37486"},{"taxonomy":"news-source","embeddable":true,"href":"https:\/\/euapp01.newsmemory.com\/lamarseillaise\/news\/wp-json\/wp\/v2\/news-source?post=37486"},{"taxonomy":"is_homepage","embeddable":true,"href":"https:\/\/euapp01.newsmemory.com\/lamarseillaise\/news\/wp-json\/wp\/v2\/is_homepage?post=37486"},{"taxonomy":"ta_other","embeddable":true,"href":"https:\/\/euapp01.newsmemory.com\/lamarseillaise\/news\/wp-json\/wp\/v2\/ta_other?post=37486"}],"curies":[{"name":"wp","href":"https:\/\/api.w.org\/{rel}","templated":true}]}}