{"id":37477,"date":"2026-07-25T11:03:00","date_gmt":"2026-07-25T09:03:00","guid":{"rendered":"https:\/\/euapp01.newsmemory.com\/lamarseillaise\/news\/?p=37477"},"modified":"2026-07-31T08:13:09","modified_gmt":"2026-07-31T06:13:09","slug":"grand-entretien-larusso-avec-tu-moublieras-cest-le-coeur-qui-parle","status":"publish","type":"post","link":"https:\/\/euapp01.newsmemory.com\/lamarseillaise\/news\/2026\/07\/25\/grand-entretien-larusso-avec-tu-moublieras-cest-le-coeur-qui-parle\/","title":{"rendered":"[Grand entretien] Larusso : \u00ab&nbsp;Avec &#8220;Tu m\u2019oublieras&#8221;, c\u2019est le c\u0153ur qui parle&nbsp;\u00bb"},"content":{"rendered":"<div class=\"paragraph\">\n<p><b>La Marseillaise<\/b><b>\u00a0<\/b><b>: <\/b><b>Vous \u00eates l\u2019une des madeleines de Proust des ann\u00e9es 1990-2000 pour beaucoup de gens. Comment l\u2019expliquez-vous ?<\/b><\/p>\n<p><b>Larusso<\/b><b>\u00a0<\/b><b>:<\/b> C\u2019est tr\u00e8s sp\u00e9cial et c\u2019est compliqu\u00e9 de l\u2019expliquer. On a grandi ensemble, la chanson \u00ab Tu m\u2019oublieras \u00bb les a aid\u00e9s \u00e0 traverser des moments bien sp\u00e9cifiques et tr\u00e8s marqu\u00e9s de leur vie. Moi, j\u2019ai cette relation avec d\u2019autres chanteurs, donc j\u2019arrive \u00e0 le comprendre. Ce n\u2019est pas la t\u00eate, mais le c\u0153ur qui parle.<\/p>\n<p><b>Votre public est constitu\u00e9 de gens qui ont v\u00e9cu leur jeunesse \u00e0 la fin des ann\u00e9es 1990, mais aussi de plus jeunes. Gr\u00e2ce \u00e0 leurs parents qui leur ont transmis votre r\u00e9pertoire<\/b><b>\u00a0<\/b><b>?<\/b><\/p>\n<p><b>Larusso<\/b><b>\u00a0<\/b><b>: <\/b>Quand je vois ces gamins, je trouve \u00e7a incroyable. Avant toute chose, les parents transmettent l\u2019\u00e9ducation, les valeurs, mais transmettent aussi leurs go\u00fbts. On \u00e9coute donc forc\u00e9ment les musiques de nos parents. Puis, on se les approprie et \u00e7a devient des souvenirs qu\u2019on cr\u00e9e avec nos parents. C\u2019est tr\u00e8s fort et \u00e7a reste.<\/p>\n<p><b>\u00ab<\/b><b>\u00a0<\/b><b>Tu m\u2019oublieras<\/b><b>\u00a0<\/b><b>\u00bb est le sample de \u00ab<\/b><b>\u00a0<\/b><b>You W<\/b><b>ill Forget<\/b><b>\u00a0<\/b><b>\u00bb d\u2019Irma Jackson (1979), elle-m\u00eame reprise en fran\u00e7ais pas des chanteuses telles que R\u00e9gine. Quel \u00e9tait le contexte de l\u2019enregistrement de votre chanson, en 1998<\/b><b>\u00a0<\/b><b>?<\/b><\/p>\n<p><b>Larusso<\/b><b>\u00a0<\/b><b>: <\/b>Je suis partie dans un studio d\u2019enregistrement. J\u2019ai fait <i>Je survivrai <\/i>en voix t\u00e9moin [reprise d\u2019 \u00ab I Will Survive \u00bb de Gloria Gaynor, Ndlr]. Puis, le propri\u00e9taire du studio me fait \u00e9couter \u00ab Tu oublieras<i> \u00bb<\/i> par R\u00e9gine. Je n\u2019aime pas. Il me dit\u00a0: \u00ab\u00a0<i>Tu es compl\u00e8tement folle, ce titre est magnifique.<\/i>\u00a0\u00bb Ensuite, il me fait \u00e9couter une version de ce morceau par Jeane Manson. Je n\u2019aime pas non plus. Ce n\u2019est pas mon d\u00e9lire. Je le laisse trois mois dans un placard et le fais \u00e9couter \u00e0 une copine. Elle se met \u00e0 pleurer et me convainc. Et puis, \u00e7a ne me co\u00fbtait rien d\u2019aller au studio et de l\u2019enregistrer. Heureusement que j\u2019y suis all\u00e9e.<\/p>\n<p><b>\u00ab<\/b><b>\u00a0<\/b><b>I Will Forget<\/b><b>\u00a0<\/b><b>\u00bb, \u00ab<\/b><b>\u00a0<\/b><b>I Will Survive<\/b><b>\u00a0<\/b><b>\u00bb sont des tubes funk et disco. \u00c0 quel point cette musique vous a-t-elle berc\u00e9e ?<\/b><\/p>\n<p><b>Larusso<\/b><b>\u00a0<\/b><b>: <\/b>C\u2019est ma base. Je suis ce qu\u2019on appelle une enfant Michael Jackson, mais aussi une enfant de la soul et de la funk \u00e0 travers mon p\u00e8re. Et l\u2019h\u00e9ritage de ma m\u00e8re, c\u2019est la musique fran\u00e7aise style Cloclo, Aznavour, Gilbert Montagn\u00e9. J\u2019ai baign\u00e9 l\u00e0-dedans.<\/p>\n<p><b>Ce fil funk se retrouve dans votre discographie, notamment en 2012, lorsque vous avez travaill\u00e9 avec le rappeur de Cypress Hill, B Real, sur \u00ab<\/b><b>\u00a0<\/b><b>Untouchable<\/b><b>\u00a0<\/b><b>\u00bb. Comment une telle rencontre a pu se produire ? <\/b><\/p>\n<p><b>Larusso<\/b><b>\u00a0<\/b><b>: <\/b>C\u2019est gr\u00e2ce \u00e0 Charly, de Charly et Lulu. Je l\u2019appelle et lui dis que je viens de terminer un album et qu\u2019il faut que je le fasse mixer. Il me parle de Richard \u00ab\u00a0Segal\u00a0\u00bb Huredia qui est partant [ing\u00e9nieur du son et mixeur de certains albums de Dr Dre, Eminem ou encore Outkast]. On part \u00e0 Los Angeles, \u00e9coute \u00ab Untouchable \u00bb et se demande pourquoi il y a des parties vides \u00e0 certains moments de la chanson. Il me dit\u00a0: \u00ab <i>Louis<\/i> [le pr\u00e9nom de B-Real] <i>a aim\u00e9 ton morceau et veut le faire avec toi.<\/i>\u00a0\u00bb B-Real, quand m\u00eame. Le lendemain, on \u00e9tait en studio. On est rentr\u00e9 en France, on a sorti le truc. Une bonne partie des gens, surtout du m\u00e9tier, ont \u00e9t\u00e9 tr\u00e8s m\u00e9chants en disant que c\u2019\u00e9tait un arrangement entre maisons de disques ou un piston. Cela m\u2019a beaucoup d\u00e9\u00e7ue, alors que c\u2019\u00e9tait juste une histoire d\u2019amiti\u00e9 et un coup de c\u0153ur. Richard \u00ab\u00a0Segal\u00a0\u00bb Huredia a mix\u00e9 tout l\u2019album. Mais je ne l\u2019ai pas sorti. \u00c7a m\u2019a \u00e9puis\u00e9e et d\u00e9go\u00fbt\u00e9e. J\u2019ai p\u00e9t\u00e9 un plomb.<\/p>\n<p><b>M\u00eame si vous avez particip\u00e9 ces derni\u00e8res ann\u00e9es \u00e0 des \u00e9missions comme \u00ab<\/b><b>\u00a0<\/b><b>Mask singer<\/b><b>\u00a0<\/b><b>\u00bb, vous cultivez une relative discr\u00e9tion. Pourtant, votre lien avec vos fans semble ind\u00e9fectible&#8230;<\/b><\/p>\n<p><b>Larusso<\/b><b>\u00a0<\/b><b>: <\/b>Car j\u2019ai grandi avec les gens. Quand je suis arriv\u00e9e dans l\u2019industrie musicale, j\u2019\u00e9tais toute gamine. Ils ont donc le sentiment que je suis la bonne copine. Ensuite, mon c\u00f4t\u00e9 authentique, dans le sens o\u00f9 je n\u2019essaie pas de me donner un genre ou de plaire \u00e0 tout prix, \u00e7a joue \u00e9galement. Les gens voient bien que je suis juste une chanteuse, que je ne me prends pas la t\u00eate.<\/p>\n<p><b>Vous le disiez, vous \u00e9tiez tr\u00e8s jeune quand vous avez cartonn\u00e9 avec \u00ab<\/b><b>\u00a0<\/b><b>Tu m\u2019oublieras<\/b><b>\u00a0<\/b><b>\u00bb. Est-ce qu\u2019\u00e0 titre musical, vous \u00eates nostalgique de cette \u00e9poque ? <\/b><\/p>\n<p><b>Larusso<\/b><b>\u00a0<\/b><b>: <\/b>Bien s\u00fbr. Car l\u2019offre musicale \u00e9tait bien plus vari\u00e9e qu\u2019aujourd\u2019hui. \u00c0 l\u2019\u00e9poque, on allumait la radio, on entendait du rap, du RnB, de la vari\u00e9t\u00e9 fran\u00e7aise, des grandes voix, des morceaux d\u2019\u00e9t\u00e9, du reggae, de la pop, du rock. Aujourd\u2019hui, il y a plut\u00f4t des couleurs, dont il faut suivre les codes.<\/p>\n<p><b>On assiste actuellement \u00e0 un retour en force des inspirations funk et soul. Qu\u2019est-ce que cela vous inspire ?<\/b><\/p>\n<p><b>Larusso<\/b><b>\u00a0<\/b><b>: <\/b>J\u2019en suis ravie. \u00c0 partir du moment o\u00f9 les gens retournent \u00e0 la source, \u00e7a ne peut que m\u2019aller. La funk, la soul\u00a0: l\u00e0 o\u00f9 on avait des musiciens qui jouaient avec nous et pas juste des machines.<\/p>\n<p><b><span class=\"mln_small-caps_mln\">Propos recueillis par Philippe Amsellem<\/span><\/b><\/p>\n<p><i><a rel=\"nofollow noopener noreferrer\" href=\"https:\/\/lakermesse.fr\/la-seyne-sur-mer\/\" target=\"_blank\">www.lakermesse.fr\/la-seyne-sur-mer<\/a><\/i><\/p>\n<\/p><\/div>\n","protected":false},"excerpt":{"rendered":"La Marseillaise&nbsp;: Vous &ecirc;tes l&rsquo;une des madeleines de Proust des ann&eacute;es 1990-2000 pour beaucoup de gens. Comment l&rsquo;expliquez-vous ?","protected":false},"author":1,"featured_media":37478,"comment_status":"open","ping_status":"open","sticky":false,"template":"","format":"standard","meta":{"footnotes":""},"categories":[3926,3925,32],"tags":[326,327,34,343,3096,398,1964,325,3292,31,988,2001],"news-destination":[3944],"news-source":[475],"is_homepage":[],"ta_other":[],"class_list":["post-37477","post","type-post","status-publish","format-standard","has-post-thumbnail","hentry","category-accueil-merge","category-accueil-third","category-culture","tag-chanson","tag-chanson-francaise","tag-concert","tag-entretien","tag-funk","tag-la-seyne-sur-mer","tag-le-grand-entretien","tag-musique","tag-soul","tag-var","tag-week-end","tag-weekend","news-destination-homepage","news-source-website"],"_links":{"self":[{"href":"https:\/\/euapp01.newsmemory.com\/lamarseillaise\/news\/wp-json\/wp\/v2\/posts\/37477","targetHints":{"allow":["GET"]}}],"collection":[{"href":"https:\/\/euapp01.newsmemory.com\/lamarseillaise\/news\/wp-json\/wp\/v2\/posts"}],"about":[{"href":"https:\/\/euapp01.newsmemory.com\/lamarseillaise\/news\/wp-json\/wp\/v2\/types\/post"}],"author":[{"embeddable":true,"href":"https:\/\/euapp01.newsmemory.com\/lamarseillaise\/news\/wp-json\/wp\/v2\/users\/1"}],"replies":[{"embeddable":true,"href":"https:\/\/euapp01.newsmemory.com\/lamarseillaise\/news\/wp-json\/wp\/v2\/comments?post=37477"}],"version-history":[{"count":1,"href":"https:\/\/euapp01.newsmemory.com\/lamarseillaise\/news\/wp-json\/wp\/v2\/posts\/37477\/revisions"}],"predecessor-version":[{"id":37479,"href":"https:\/\/euapp01.newsmemory.com\/lamarseillaise\/news\/wp-json\/wp\/v2\/posts\/37477\/revisions\/37479"}],"wp:featuredmedia":[{"embeddable":true,"href":"https:\/\/euapp01.newsmemory.com\/lamarseillaise\/news\/wp-json\/wp\/v2\/media\/37478"}],"wp:attachment":[{"href":"https:\/\/euapp01.newsmemory.com\/lamarseillaise\/news\/wp-json\/wp\/v2\/media?parent=37477"}],"wp:term":[{"taxonomy":"category","embeddable":true,"href":"https:\/\/euapp01.newsmemory.com\/lamarseillaise\/news\/wp-json\/wp\/v2\/categories?post=37477"},{"taxonomy":"post_tag","embeddable":true,"href":"https:\/\/euapp01.newsmemory.com\/lamarseillaise\/news\/wp-json\/wp\/v2\/tags?post=37477"},{"taxonomy":"news-destination","embeddable":true,"href":"https:\/\/euapp01.newsmemory.com\/lamarseillaise\/news\/wp-json\/wp\/v2\/news-destination?post=37477"},{"taxonomy":"news-source","embeddable":true,"href":"https:\/\/euapp01.newsmemory.com\/lamarseillaise\/news\/wp-json\/wp\/v2\/news-source?post=37477"},{"taxonomy":"is_homepage","embeddable":true,"href":"https:\/\/euapp01.newsmemory.com\/lamarseillaise\/news\/wp-json\/wp\/v2\/is_homepage?post=37477"},{"taxonomy":"ta_other","embeddable":true,"href":"https:\/\/euapp01.newsmemory.com\/lamarseillaise\/news\/wp-json\/wp\/v2\/ta_other?post=37477"}],"curies":[{"name":"wp","href":"https:\/\/api.w.org\/{rel}","templated":true}]}}