{"id":37474,"date":"2026-07-25T11:11:00","date_gmt":"2026-07-25T09:11:00","guid":{"rendered":"https:\/\/euapp01.newsmemory.com\/lamarseillaise\/news\/?p=37474"},"modified":"2026-07-25T11:17:43","modified_gmt":"2026-07-25T09:17:43","slug":"le-maire-dales-vise-par-des-menaces-signees-dz-mafia","status":"publish","type":"post","link":"https:\/\/euapp01.newsmemory.com\/lamarseillaise\/news\/2026\/07\/25\/le-maire-dales-vise-par-des-menaces-signees-dz-mafia\/","title":{"rendered":"Le maire d\u2019Al\u00e8s vis\u00e9 par des menaces sign\u00e9es \u00ab&nbsp;DZ Mafia&nbsp;\u00bb"},"content":{"rendered":"<div class=\"paragraph\">\n<p>Le message est clair. Jeudi dernier, l\u2019\u00e9pouse du maire d\u2019Al\u00e8s, Christophe Rivenq (LR), d\u00e9couvre dans leur bo\u00eete aux lettres une enveloppe marqu\u00e9e d\u2019insultes et de menaces de mort visant son mari, avec \u00e0 l\u2019int\u00e9rieur deux balles de 9 mm. Des tags injurieux et mena\u00e7ants \u00e9taient \u00e9galement retrouv\u00e9s sur les murs de leur domicile. Le tout sign\u00e9 \u00ab\u00a0DZ NG\u00a0\u00bb, pour \u00ab\u00a0DZ Mafia Nouvelle G\u00e9n\u00e9ration\u00a0\u00bb. Une appellation interpr\u00e9t\u00e9e par certains sp\u00e9cialistes comme le signe d\u2019une recomposition du pouvoir entre les principaux leaders du groupe criminel marseillais DZ Mafia, et qui semblerait s\u2019\u00eatre progressivement implant\u00e9e \u00e0 Al\u00e8s depuis l\u2019\u00e9t\u00e9 dernier, notamment dans le quartier des C\u00e9vennes.<\/p>\n<p>Quelques jours apr\u00e8s, lundi 20\u00a0juillet, Christophe Rivenq \u00e9tait exfiltr\u00e9 de son domicile par le RAID apr\u00e8s le signalement d\u2019une nouvelle menace et la suspicion d\u2019une voiture pi\u00e9g\u00e9e. Le soir m\u00eame, des mesures de protection renforc\u00e9es du maire \u00e9taient prises \u00e0 la demande du ministre de l\u2019Int\u00e9rieur Laurent Nu\u00f1ez. Le parquet anti-criminalit\u00e9 organis\u00e9e s\u2019est saisi de l\u2019enqu\u00eate, tandis que le 22\u00a0juillet, une vid\u00e9o tourn\u00e9e par des membres se r\u00e9clamant de la DZ Mafia et niant sa responsabilit\u00e9 \u00e9tait publi\u00e9e sur les r\u00e9seaux sociaux. Cette d\u00e9monstration de force intervient dans un contexte de fortes pressions exerc\u00e9es localement par les forces de l\u2019ordre contre le narcotrafic. Interrog\u00e9e par <i>Le<\/i><i>\u00a0<\/i><i>Monde<\/i> au sujet des violences qui se sont multipli\u00e9es ces derniers mois dans la commune gardoise, une source polici\u00e8re souligne que \u00ab<i>\u00a0<\/i><i>la DZ NG est active sur Al\u00e8s. Et on conna\u00eet la dangerosit\u00e9 de cette organisation et leur capacit\u00e9 \u00e0 faire monter des jeunes endoctrin\u00e9s sur leurs actions violentes<\/i>\u00a0\u00bb<i>. <\/i>Dans une vid\u00e9o publi\u00e9e sur Facebook, Christophe Rivenq s\u2019est montr\u00e9 d\u00e9termin\u00e9 \u00e0 poursuivre avec \u00ab<i>\u00a0<\/i><i>la m\u00eame fermet\u00e9<\/i><i>\u00a0<\/i>\u00bb son combat contre le narcotrafic.<\/p>\n<\/p><\/div>\n<div class=\"intext\"> \u00ab\u00a0Je resterai debout\u00a0\u00bb\n              <\/div>\n<div class=\"paragraph\">\n<p>\u00ab<i>\u00a0<\/i><i>Je resterai debout parce que, ce faisant, c\u2019est la R\u00e9publique qui reste debout<\/i><i>\u00a0<\/i>\u00bb, affirme-t-il, avant d\u2019appeler \u00e0 renforcer le pouvoir des \u00e9lus pour leur permettre \u00ab\u00a0<i>d\u2019\u00eatre encore plus actifs pour prot\u00e9ger nos concitoyens<\/i><i>\u00a0<\/i>\u00bb.<\/p>\n<p>Rapidement, l\u2019\u00e9lu a re\u00e7u des t\u00e9moignages de soutien de la part de la pr\u00e9sidence de la R\u00e9publique, du S\u00e9nat et du gouvernement, mais aussi de nombreux \u00e9lus locaux. D\u00e8s le 17\u00a0juillet, Paul Planque, \u00e9lu d\u2019opposition (PCF) \u00e0 Al\u00e8s, affirmait dans un communiqu\u00e9 la n\u00e9cessit\u00e9 de faire preuve \u00ab<i>\u00a0<\/i><i>d\u2019unit\u00e9 et de fermet\u00e9<\/i><i>\u00a0<\/i>\u00bb face \u00e0 des actes d\u2019une telle gravit\u00e9.<i> <\/i>\u00ab<i>\u00a0<\/i><i>La peur ne doit jamais dicter nos choix, ni faire reculer celles et ceux qui accomplissent leur mission avec courage.<\/i><i>\u00a0<\/i>\u00bb Des communiqu\u00e9s de soutien ont \u00e9galement \u00e9t\u00e9 diffus\u00e9s par la section d\u2019Al\u00e8s du PCF, par le maire de S\u00e8te Herv\u00e9 Marqu\u00e8s (LR) ou encore par les \u00c9cologistes du Gard, ces derniers affirmant que \u00ab<i>\u00a0<\/i><i>la r\u00e9ponse \u00e0 ce d\u00e9fi doit \u00eatre \u00e0 la hauteur de l\u2019urgence et ne saurait se r\u00e9duire \u00e0 une logique s\u00e9curitaire r\u00e9pressive qui, comme le montre l\u2019exemple des op\u00e9rations &#8220;place nette&#8221;, s\u2019av\u00e8re inefficace pour d\u00e9manteler les structures mafieuses<\/i><i>\u00a0<\/i>\u00bb. Vincent Bouget, le maire de N\u00eemes, s\u2019est rendu de son c\u00f4t\u00e9 d\u00e8s le 17\u00a0juillet \u00e0 Al\u00e8s. \u00ab<i>\u00a0<\/i><i>J\u2019ai pu l\u2019assurer de tout mon soutien face aux injures et aux menaces de mort inacceptables qu\u2019il a re\u00e7ues, indique<\/i>-t-il. <i>La peur ne doit jamais dicter la loi. Les conditions du d\u00e9bat d\u00e9mocratique doivent rester respectueuses de l\u2019int\u00e9grit\u00e9 de toutes et tous.<\/i><i>\u00a0<\/i>\u00bb<i> <\/i><\/p>\n<p><i><\/i><\/p>\n<\/p><\/div>\n<div class=\"intext\"> \u00ab\u00a0La peur doit changer de camp, la DZ Mafia traqu\u00e9e\u00a0\u00bb\n              <\/div>\n<div class=\"paragraph\">\n<p>Toujours au sein du PCF, Sylvain Andr\u00e9, maire de Cendras, a aussi apport\u00e9 son soutien \u00e0 l\u2019\u00e9lu, affirmant que ces menaces constituent des faits d\u2019une extr\u00eame gravit\u00e9\u00a0: \u00ab<i>\u00a0<\/i><i>La R\u00e9publique ne doit pas flancher d\u2019un millim\u00e8tre face aux voyous. Quelles que soient nos sensibilit\u00e9s politiques, nous devons faire bloc derri\u00e8re celles et ceux qui incarnent la R\u00e9publique. Face aux intimidations, notre unit\u00e9 est notre meilleure r\u00e9ponse.<\/i><i>\u00a0<\/i>\u00bb <i><\/i><\/p>\n<p>Pour la f\u00e9d\u00e9ration du PCF du Gard, \u00ab\u00a0<i>la peur doit changer de camp. La DZ Mafia doit \u00eatre traqu\u00e9e et emp\u00each\u00e9e de nuire. Pas de place dans notre d\u00e9mocratie pour les trafiquants. Nous sommes disponibles pour toute initiative publique<\/i><i>\u00a0<\/i>\u00bb<i>, <\/i>d\u00e9clare son secr\u00e9taire d\u00e9partemental et vice-pr\u00e9sident du D\u00e9partement, Christian Bastid. <i><\/i><\/p>\n<\/p><\/div>\n<div class=\"paragraph\">\n<p>Lire aussi \u00ab <a rel=\"noopener noreferrer\" href=\"https:\/\/www.lamarseillaise.fr\/societe\/la-dz-mafia-nie-avoir-menace-le-maire-d-ales-AE20530022\" target=\"_blank\">La DZ mafia nie avoir menac\u00e9 le maire d\u2019Al\u00e8s<\/a> \u00bb<\/p>\n<\/p><\/div>\n","protected":false},"excerpt":{"rendered":"Le message est clair. Jeudi dernier, l&rsquo;&eacute;pouse du maire d&rsquo;Al&egrave;s, Christophe Rivenq (LR), d&eacute;couvre dans leur bo&icirc;te aux lettres une enveloppe marqu&eacute;e d&rsquo;insultes et de menaces de mort visant son mari, &#8230;","protected":false},"author":1,"featured_media":37475,"comment_status":"open","ping_status":"open","sticky":false,"template":"","format":"standard","meta":{"footnotes":""},"categories":[330],"tags":[635,2394,1276,238,665,752,2636,268,284,250],"news-destination":[],"news-source":[475],"is_homepage":[],"ta_other":[],"class_list":["post-37474","post","type-post","status-publish","format-standard","has-post-thumbnail","hentry","category-politique","tag-christophe-rivenq","tag-dz-mafia","tag-enquete","tag-gard","tag-lr","tag-maire","tag-menaces","tag-narcotrafic","tag-occitanie","tag-pcf","news-source-website"],"_links":{"self":[{"href":"https:\/\/euapp01.newsmemory.com\/lamarseillaise\/news\/wp-json\/wp\/v2\/posts\/37474","targetHints":{"allow":["GET"]}}],"collection":[{"href":"https:\/\/euapp01.newsmemory.com\/lamarseillaise\/news\/wp-json\/wp\/v2\/posts"}],"about":[{"href":"https:\/\/euapp01.newsmemory.com\/lamarseillaise\/news\/wp-json\/wp\/v2\/types\/post"}],"author":[{"embeddable":true,"href":"https:\/\/euapp01.newsmemory.com\/lamarseillaise\/news\/wp-json\/wp\/v2\/users\/1"}],"replies":[{"embeddable":true,"href":"https:\/\/euapp01.newsmemory.com\/lamarseillaise\/news\/wp-json\/wp\/v2\/comments?post=37474"}],"version-history":[{"count":1,"href":"https:\/\/euapp01.newsmemory.com\/lamarseillaise\/news\/wp-json\/wp\/v2\/posts\/37474\/revisions"}],"predecessor-version":[{"id":37476,"href":"https:\/\/euapp01.newsmemory.com\/lamarseillaise\/news\/wp-json\/wp\/v2\/posts\/37474\/revisions\/37476"}],"wp:featuredmedia":[{"embeddable":true,"href":"https:\/\/euapp01.newsmemory.com\/lamarseillaise\/news\/wp-json\/wp\/v2\/media\/37475"}],"wp:attachment":[{"href":"https:\/\/euapp01.newsmemory.com\/lamarseillaise\/news\/wp-json\/wp\/v2\/media?parent=37474"}],"wp:term":[{"taxonomy":"category","embeddable":true,"href":"https:\/\/euapp01.newsmemory.com\/lamarseillaise\/news\/wp-json\/wp\/v2\/categories?post=37474"},{"taxonomy":"post_tag","embeddable":true,"href":"https:\/\/euapp01.newsmemory.com\/lamarseillaise\/news\/wp-json\/wp\/v2\/tags?post=37474"},{"taxonomy":"news-destination","embeddable":true,"href":"https:\/\/euapp01.newsmemory.com\/lamarseillaise\/news\/wp-json\/wp\/v2\/news-destination?post=37474"},{"taxonomy":"news-source","embeddable":true,"href":"https:\/\/euapp01.newsmemory.com\/lamarseillaise\/news\/wp-json\/wp\/v2\/news-source?post=37474"},{"taxonomy":"is_homepage","embeddable":true,"href":"https:\/\/euapp01.newsmemory.com\/lamarseillaise\/news\/wp-json\/wp\/v2\/is_homepage?post=37474"},{"taxonomy":"ta_other","embeddable":true,"href":"https:\/\/euapp01.newsmemory.com\/lamarseillaise\/news\/wp-json\/wp\/v2\/ta_other?post=37474"}],"curies":[{"name":"wp","href":"https:\/\/api.w.org\/{rel}","templated":true}]}}