{"id":37471,"date":"2026-07-25T10:40:00","date_gmt":"2026-07-25T08:40:00","guid":{"rendered":"https:\/\/euapp01.newsmemory.com\/lamarseillaise\/news\/?p=37471"},"modified":"2026-07-31T08:13:09","modified_gmt":"2026-07-31T06:13:09","slug":"week-end-plongee-dans-un-fort-de-guerre-a-niolon","status":"publish","type":"post","link":"https:\/\/euapp01.newsmemory.com\/lamarseillaise\/news\/2026\/07\/25\/week-end-plongee-dans-un-fort-de-guerre-a-niolon\/","title":{"rendered":"[Week-end] Plong\u00e9e dans un fort de guerre \u00e0 Niolon"},"content":{"rendered":"<div class=\"paragraph\">\n<p>Depuis la d\u00e9partementale\u00a048 s\u2019ouvre la calanque de Niolon, termin\u00e9e \u00e0 sa pointe par un curieux complexe faisant face \u00e0 la mer avec une vue privil\u00e9gi\u00e9e sur la rade de Marseille. Les calanquais le connaissent depuis pr\u00e8s de deux si\u00e8cles, sous des formes diff\u00e9rentes au gr\u00e9 des transformations du site.<\/p>\n<p>Ici, les pierres meuli\u00e8res de 1861, date inscrite sur l\u2019encadrement de porte du fort de Niolon, c\u00f4toient le b\u00e9ton des bunkers allemands de 1943 et les mat\u00e9riaux modernes de 1975 utilis\u00e9s pour les petits bungalows d\u2019inspiration m\u00e9diterran\u00e9enne du centre de plong\u00e9e de l\u2019Union nationale des centres sportifs de plein air (UCPA), qui occupe le site depuis 1966.<\/p>\n<p>Depuis la reprise du club de voile local, l\u2019association a bien modifi\u00e9 les lieux. \u00ab\u00a0<i>\u00c0 l\u2019origine, on proposait des stages de voile, mais tr\u00e8s rapidement, on a d\u00e9velopp\u00e9 la plong\u00e9e en parall\u00e8le<\/i>\u00a0\u00bb retrace Thierry Sturzer, directeur de l\u2019UCPA Niolon depuis deux ans. La peinture blanche et les postes informatiques trahissent la nouvelle occupation du b\u00e2ti ma\u00e7onn\u00e9. \u00ab\u00a0<i>Au tout d\u00e9but, on utilisait l\u2019int\u00e9rieur du fort comme logement, puis comme magasin pour le mat\u00e9riel de plong\u00e9e<\/i>\u00a0\u00bb, poursuit le directeur, jusqu\u2019en 2012, o\u00f9 il a \u00e9t\u00e9 r\u00e9habilit\u00e9 comme b\u00e2timent administratif.<\/p>\n<p>Le lieu est occup\u00e9 \u00e0 des fins de d\u00e9fense depuis le d\u00e9but du XVIII<sup>e<\/sup>\u00a0si\u00e8cle, sur ordre du Roi-Soleil. Certaines sources font \u00e9tat d\u2019une r\u00e9quisition de dix\u00a0Carryens en 1665 pour am\u00e9nager les premi\u00e8res fortifications servant \u00e0 barrer la rade de Marseille et le mouillage de l\u2019Estaque, termin\u00e9es en 1702. Les premi\u00e8res \u00e9bauches du fort que l\u2019on conna\u00eet aujourd\u2019hui furent pos\u00e9es sous la forme d\u2019une tour-mod\u00e8le 1811 de type\u00a02, abritant 30\u00a0hommes et pouvant accueillir trois canons sur son toit. Cet ensemble a \u00e9t\u00e9 fortement modifi\u00e9 au cours de la fin du XIX<sup>e<\/sup>\u00a0si\u00e8cle avec la progression de la port\u00e9e des canons et la construction, en cons\u00e9quence, de fortifications plus hautes et retranch\u00e9es <a rel=\"noopener noreferrer\" href=\"https:\/\/www.lamarseillaise.fr\/societe\/fort-de-niolon-un-geant-du-littoral-vite-depasse-par-les-progres-de-l-artillerie-BH18689800\" target=\"_blank\">comme le fort de Niolon haut, fin 1880<\/a>.<\/p>\n<p><b>\u00ab<\/b><b>\u00a0<\/b><b>70<\/b><b>\u00a0<\/b><b>000 plong\u00e9es chaque ann\u00e9e<\/b><b>\u00a0<\/b><b>\u00bb<\/b><\/p>\n<p>L\u2019occupant allemand et son organisation Todt ont aussi particip\u00e9 au dessein d\u00e9fensif du site. C\u2019est en se promenant au c\u0153ur du village d\u2019inspiration m\u00e9diterran\u00e9enne d\u00e9di\u00e9 aux logements des stagiaires que l\u2019on peut les reconna\u00eetre. L\u00e0 o\u00f9 se trouvaient autrefois des pi\u00e8ces d\u2019artillerie fran\u00e7aises de 90\u00a0mm r\u00e9cup\u00e9r\u00e9es, se trouvent d\u00e9sormais des portes-fen\u00eatres offrant une vue privil\u00e9gi\u00e9e sur la mer. \u00ab\u00a0<i>Tout l\u2019existant a \u00e9t\u00e9 r\u00e9utilis\u00e9<\/i>\u00a0\u00bb, reprend Thierry Sturzer, \u00ab\u00a0<i>tous les bungalows datant de 1975 sont en r\u00e9novation depuis deux ans<\/i>\u00a0\u00bb et les quatre bunkers servant d\u2019habitation vont \u00e9galement l\u2019\u00eatre. Le poste de direction de tir en b\u00e9ton, comme les autres bunkers, est quant \u00e0 lui utilis\u00e9 pour la technique.<\/p>\n<p>Une grande partie de la muraille ouest est surplomb\u00e9e d\u2019un espace de restauration, tandis que le p\u00f4le technique, inaugur\u00e9 en 2012, trouve sa place au plus pr\u00e8s des quais du Port, toujours sur le promontoire fortifi\u00e9. \u00ab\u00a0<i>Le centre s\u2019est d\u00e9velopp\u00e9 \u00e0 partir du fort<\/i>\u00a0\u00bb au fil des ann\u00e9es, resitue le directeur, pour devenir aujourd\u2019hui \u00ab\u00a0<i>l\u2019un des plus gros centres de plong\u00e9e d\u2019Europe<\/i>\u00a0\u00bb selon son tenancier. \u00ab\u00a0<i>Il y a un ou deux ans, on avait calcul\u00e9 70<\/i><i>\u00a0<\/i><i>000<\/i><i>\u00a0<\/i><i>plong\u00e9es par an<\/i>\u00a0\u00bb compl\u00e8te-t-il, d\u2019o\u00f9 les infrastructures d\u00e9di\u00e9es.<\/p>\n<p>Cette aventure est rendue possible par le contrat qui liait l\u2019UCPA \u00e0 Marine nationale, propri\u00e9taire jusqu\u2019au 15\u00a0novembre 2008, date de cession au Conservatoire du littoral. Une convention renouvel\u00e9e en 2025 lie toujours l\u2019association et le Conservatoire jusqu\u2019en 2055. \u00ab\u00a0<i>Durant cette p\u00e9riode, l\u2019UCPA verse une redevance \u00e0 la commune du Rove qui permet de financer la gestion du site, dont un agent de terrain qui est garde du littoral<\/i>\u00a0\u00bb, d\u00e9taille le Conservatoire.<\/p>\n<p>Thierry Sturzer souhaite valoriser l\u2019histoire des lieux. \u00ab\u00a0<i>J\u2019aimerais bien mettre quelques photos de canons dans les bunkers. Pourquoi ne pas d\u00e9dier une salle \u00e0 l\u2019histoire<\/i><i>\u00a0<\/i><i>? Voire une ouverture au public aux journ\u00e9es du patrimoine<\/i><i>\u00a0<\/i><i>?<\/i>\u00a0\u00bb Les id\u00e9es ne manquent pas.<\/p>\n<\/p><\/div>\n","protected":false},"excerpt":{"rendered":"Depuis la d&eacute;partementale&nbsp;48 s&rsquo;ouvre la calanque de Niolon, termin&eacute;e &agrave; sa pointe par un curieux complexe faisant face &agrave; la mer avec une vue privil&eacute;gi&eacute;e sur la rade de Marseille. Les calanquais le &#8230;","protected":false},"author":1,"featured_media":37472,"comment_status":"open","ping_status":"open","sticky":false,"template":"","format":"standard","meta":{"footnotes":""},"categories":[3926,3925,20],"tags":[1346,10,1436,280,1654,128,97,2525,1224,1361,988,2001],"news-destination":[3944],"news-source":[475],"is_homepage":[],"ta_other":[],"class_list":["post-37471","post","type-post","status-publish","format-standard","has-post-thumbnail","hentry","category-accueil-merge","category-accueil-third","category-societe","tag-architecture","tag-bouches-du-rhone","tag-calanques","tag-histoire","tag-le-rove","tag-mediterranee","tag-patrimoine","tag-plongee","tag-port","tag-vacances","tag-week-end","tag-weekend","news-destination-homepage","news-source-website"],"_links":{"self":[{"href":"https:\/\/euapp01.newsmemory.com\/lamarseillaise\/news\/wp-json\/wp\/v2\/posts\/37471","targetHints":{"allow":["GET"]}}],"collection":[{"href":"https:\/\/euapp01.newsmemory.com\/lamarseillaise\/news\/wp-json\/wp\/v2\/posts"}],"about":[{"href":"https:\/\/euapp01.newsmemory.com\/lamarseillaise\/news\/wp-json\/wp\/v2\/types\/post"}],"author":[{"embeddable":true,"href":"https:\/\/euapp01.newsmemory.com\/lamarseillaise\/news\/wp-json\/wp\/v2\/users\/1"}],"replies":[{"embeddable":true,"href":"https:\/\/euapp01.newsmemory.com\/lamarseillaise\/news\/wp-json\/wp\/v2\/comments?post=37471"}],"version-history":[{"count":1,"href":"https:\/\/euapp01.newsmemory.com\/lamarseillaise\/news\/wp-json\/wp\/v2\/posts\/37471\/revisions"}],"predecessor-version":[{"id":37473,"href":"https:\/\/euapp01.newsmemory.com\/lamarseillaise\/news\/wp-json\/wp\/v2\/posts\/37471\/revisions\/37473"}],"wp:featuredmedia":[{"embeddable":true,"href":"https:\/\/euapp01.newsmemory.com\/lamarseillaise\/news\/wp-json\/wp\/v2\/media\/37472"}],"wp:attachment":[{"href":"https:\/\/euapp01.newsmemory.com\/lamarseillaise\/news\/wp-json\/wp\/v2\/media?parent=37471"}],"wp:term":[{"taxonomy":"category","embeddable":true,"href":"https:\/\/euapp01.newsmemory.com\/lamarseillaise\/news\/wp-json\/wp\/v2\/categories?post=37471"},{"taxonomy":"post_tag","embeddable":true,"href":"https:\/\/euapp01.newsmemory.com\/lamarseillaise\/news\/wp-json\/wp\/v2\/tags?post=37471"},{"taxonomy":"news-destination","embeddable":true,"href":"https:\/\/euapp01.newsmemory.com\/lamarseillaise\/news\/wp-json\/wp\/v2\/news-destination?post=37471"},{"taxonomy":"news-source","embeddable":true,"href":"https:\/\/euapp01.newsmemory.com\/lamarseillaise\/news\/wp-json\/wp\/v2\/news-source?post=37471"},{"taxonomy":"is_homepage","embeddable":true,"href":"https:\/\/euapp01.newsmemory.com\/lamarseillaise\/news\/wp-json\/wp\/v2\/is_homepage?post=37471"},{"taxonomy":"ta_other","embeddable":true,"href":"https:\/\/euapp01.newsmemory.com\/lamarseillaise\/news\/wp-json\/wp\/v2\/ta_other?post=37471"}],"curies":[{"name":"wp","href":"https:\/\/api.w.org\/{rel}","templated":true}]}}