{"id":37461,"date":"2026-07-25T10:05:00","date_gmt":"2026-07-25T08:05:00","guid":{"rendered":"https:\/\/euapp01.newsmemory.com\/lamarseillaise\/news\/?p=37461"},"modified":"2026-07-25T10:27:22","modified_gmt":"2026-07-25T08:27:22","slug":"week-end-une-comedie-musicale-a-briancon","status":"publish","type":"post","link":"https:\/\/euapp01.newsmemory.com\/lamarseillaise\/news\/2026\/07\/25\/week-end-une-comedie-musicale-a-briancon\/","title":{"rendered":"[Week-end] Une com\u00e9die musicale \u00e0 Brian\u00e7on"},"content":{"rendered":"<div class=\"paragraph\">\n<p>Cette ann\u00e9e encore, les 28 artistes de la compagnie qu\u2019ils soient chanteurs, danseurs, circassiens, musiciens ou com\u00e9diens se sont attach\u00e9s \u00e0 revisiter un grand classique en proposant une version originale revisit\u00e9e et pleine d\u2019humour d\u2019un des classiques de Perrault, Le Petit Poucet.<\/p>\n<p>La com\u00e9die musicale \u00ab\u00a0Ah\u00a0! Le Petit Poucet&#8230;\u00a0\u00bb se veut familiale avec une double lecture possible qui peut plaire autant aux petits qu\u2019aux grands, le tout avec des clins d\u2019\u0153il \u00e0 l\u2019actualit\u00e9 et aux pr\u00e9occupations soci\u00e9tales modernes qui vous donne rendez-vous ce samedi et pour 12 autres repr\u00e9sentations programm\u00e9es entre les mois de juillet et d\u2019ao\u00fbt.<\/p>\n<\/p><\/div>\n<div class=\"paragraph\">\n<p><i>Repr\u00e9sentation \u00e0 21h30 et ouverture des portes \u00e0 20h30. Comptez 13 euros pour les enfants entre 5 et 11 ans et 18 euros adultes. <\/i><\/p>\n<\/p><\/div>\n","protected":false},"excerpt":{"rendered":"Cette ann&eacute;e encore, les 28 artistes de la compagnie qu&rsquo;ils soient chanteurs, danseurs, circassiens, musiciens ou com&eacute;diens se sont attach&eacute;s &agrave; revisiter un grand classique en proposant une version originale &#8230;","protected":false},"author":1,"featured_media":37462,"comment_status":"open","ping_status":"open","sticky":false,"template":"","format":"standard","meta":{"footnotes":""},"categories":[32],"tags":[4768,4481,2807,325,97,529,3808,988,2001],"news-destination":[],"news-source":[475],"is_homepage":[],"ta_other":[],"class_list":["post-37461","post","type-post","status-publish","format-standard","has-post-thumbnail","hentry","category-culture","tag-alpes","tag-comedie-musicale","tag-evenements-culturels","tag-musique","tag-patrimoine","tag-spectacle","tag-unesco","tag-week-end","tag-weekend","news-source-website"],"_links":{"self":[{"href":"https:\/\/euapp01.newsmemory.com\/lamarseillaise\/news\/wp-json\/wp\/v2\/posts\/37461","targetHints":{"allow":["GET"]}}],"collection":[{"href":"https:\/\/euapp01.newsmemory.com\/lamarseillaise\/news\/wp-json\/wp\/v2\/posts"}],"about":[{"href":"https:\/\/euapp01.newsmemory.com\/lamarseillaise\/news\/wp-json\/wp\/v2\/types\/post"}],"author":[{"embeddable":true,"href":"https:\/\/euapp01.newsmemory.com\/lamarseillaise\/news\/wp-json\/wp\/v2\/users\/1"}],"replies":[{"embeddable":true,"href":"https:\/\/euapp01.newsmemory.com\/lamarseillaise\/news\/wp-json\/wp\/v2\/comments?post=37461"}],"version-history":[{"count":1,"href":"https:\/\/euapp01.newsmemory.com\/lamarseillaise\/news\/wp-json\/wp\/v2\/posts\/37461\/revisions"}],"predecessor-version":[{"id":37463,"href":"https:\/\/euapp01.newsmemory.com\/lamarseillaise\/news\/wp-json\/wp\/v2\/posts\/37461\/revisions\/37463"}],"wp:featuredmedia":[{"embeddable":true,"href":"https:\/\/euapp01.newsmemory.com\/lamarseillaise\/news\/wp-json\/wp\/v2\/media\/37462"}],"wp:attachment":[{"href":"https:\/\/euapp01.newsmemory.com\/lamarseillaise\/news\/wp-json\/wp\/v2\/media?parent=37461"}],"wp:term":[{"taxonomy":"category","embeddable":true,"href":"https:\/\/euapp01.newsmemory.com\/lamarseillaise\/news\/wp-json\/wp\/v2\/categories?post=37461"},{"taxonomy":"post_tag","embeddable":true,"href":"https:\/\/euapp01.newsmemory.com\/lamarseillaise\/news\/wp-json\/wp\/v2\/tags?post=37461"},{"taxonomy":"news-destination","embeddable":true,"href":"https:\/\/euapp01.newsmemory.com\/lamarseillaise\/news\/wp-json\/wp\/v2\/news-destination?post=37461"},{"taxonomy":"news-source","embeddable":true,"href":"https:\/\/euapp01.newsmemory.com\/lamarseillaise\/news\/wp-json\/wp\/v2\/news-source?post=37461"},{"taxonomy":"is_homepage","embeddable":true,"href":"https:\/\/euapp01.newsmemory.com\/lamarseillaise\/news\/wp-json\/wp\/v2\/is_homepage?post=37461"},{"taxonomy":"ta_other","embeddable":true,"href":"https:\/\/euapp01.newsmemory.com\/lamarseillaise\/news\/wp-json\/wp\/v2\/ta_other?post=37461"}],"curies":[{"name":"wp","href":"https:\/\/api.w.org\/{rel}","templated":true}]}}