{"id":37458,"date":"2026-07-25T10:08:00","date_gmt":"2026-07-25T08:08:00","guid":{"rendered":"https:\/\/euapp01.newsmemory.com\/lamarseillaise\/news\/?p=37458"},"modified":"2026-07-25T10:27:22","modified_gmt":"2026-07-25T08:27:22","slug":"week-end-le-jazz-sinvite-a-toulon-des-samedi","status":"publish","type":"post","link":"https:\/\/euapp01.newsmemory.com\/lamarseillaise\/news\/2026\/07\/25\/week-end-le-jazz-sinvite-a-toulon-des-samedi\/","title":{"rendered":"[Week-end] Le Jazz s\u2019invite \u00e0 Toulon d\u00e8s samedi"},"content":{"rendered":"<div class=\"paragraph\">\n<p>Les grandes places du centre-ville et les quartiers s\u2019animeront au rythme des performances de stars mondiales et de jeunes musiciens locaux en pleine ascension pour faire vibrer le public. Cette ann\u00e9e, Jazz \u00e0 Toulon vous donne \u00e0 d\u00e9couvrir 20 groupes et artistes, 10 concerts nocturnes et 10 concerts OFF, qui sont des spectacles propos\u00e9s \u00e0 19h, pour une 36<sup>e<\/sup>\u00a0\u00e9dition qui reste fid\u00e8le \u00e0 l\u2019ADN de l\u2019\u00e9v\u00e9nement.<\/p>\n<p>Ouvert \u00e0 tous, le jazz qui descend dans la rue, au plus pr\u00e8s des habitants et chaque soir les plus belles places de Toulon et de ses quartiers se transformeront en sc\u00e8nes \u00e0 ciel ouvert. Le tout avec une programmation riche qui verra passer Alfredo Rodriguez, Fabiola mendez, Cory Henry ou encore Christiano Nascimento &#038; WIM WELKER Group.<\/p>\n<p>Dimanche, le premier rendez-vous est donn\u00e9 sur la place de la Libert\u00e9 d\u00e8s 21h30 avec le Spanish Harlem Orchestra. Un collectif riche de ses trois Grammy Awards et compos\u00e9 de treize musiciens virtuoses qui s\u2019est impos\u00e9 comme l\u2019ambassadeur le plus fid\u00e8le de la \u00ab\u00a0salsa dura\u00a0\u00bb, une tradition n\u00e9e dans le quartier de Spanish Harlem \u00e0 New York.<\/p>\n<\/p><\/div>\n","protected":false},"excerpt":{"rendered":"Les grandes places du centre-ville et les quartiers s&rsquo;animeront au rythme des performances de stars mondiales et de jeunes musiciens locaux en pleine ascension pour faire vibrer le public. Cette ann&eacute;e, Jazz &agrave; Toulon vous donne &#8230;","protected":false},"author":1,"featured_media":37459,"comment_status":"open","ping_status":"open","sticky":false,"template":"","format":"standard","meta":{"footnotes":""},"categories":[32],"tags":[400,1083,40,325,597,31,988,2001],"news-destination":[],"news-source":[475],"is_homepage":[],"ta_other":[],"class_list":["post-37458","post","type-post","status-publish","format-standard","has-post-thumbnail","hentry","category-culture","tag-concerts","tag-gratuit","tag-jazz","tag-musique","tag-toulon","tag-var","tag-week-end","tag-weekend","news-source-website"],"_links":{"self":[{"href":"https:\/\/euapp01.newsmemory.com\/lamarseillaise\/news\/wp-json\/wp\/v2\/posts\/37458","targetHints":{"allow":["GET"]}}],"collection":[{"href":"https:\/\/euapp01.newsmemory.com\/lamarseillaise\/news\/wp-json\/wp\/v2\/posts"}],"about":[{"href":"https:\/\/euapp01.newsmemory.com\/lamarseillaise\/news\/wp-json\/wp\/v2\/types\/post"}],"author":[{"embeddable":true,"href":"https:\/\/euapp01.newsmemory.com\/lamarseillaise\/news\/wp-json\/wp\/v2\/users\/1"}],"replies":[{"embeddable":true,"href":"https:\/\/euapp01.newsmemory.com\/lamarseillaise\/news\/wp-json\/wp\/v2\/comments?post=37458"}],"version-history":[{"count":1,"href":"https:\/\/euapp01.newsmemory.com\/lamarseillaise\/news\/wp-json\/wp\/v2\/posts\/37458\/revisions"}],"predecessor-version":[{"id":37460,"href":"https:\/\/euapp01.newsmemory.com\/lamarseillaise\/news\/wp-json\/wp\/v2\/posts\/37458\/revisions\/37460"}],"wp:featuredmedia":[{"embeddable":true,"href":"https:\/\/euapp01.newsmemory.com\/lamarseillaise\/news\/wp-json\/wp\/v2\/media\/37459"}],"wp:attachment":[{"href":"https:\/\/euapp01.newsmemory.com\/lamarseillaise\/news\/wp-json\/wp\/v2\/media?parent=37458"}],"wp:term":[{"taxonomy":"category","embeddable":true,"href":"https:\/\/euapp01.newsmemory.com\/lamarseillaise\/news\/wp-json\/wp\/v2\/categories?post=37458"},{"taxonomy":"post_tag","embeddable":true,"href":"https:\/\/euapp01.newsmemory.com\/lamarseillaise\/news\/wp-json\/wp\/v2\/tags?post=37458"},{"taxonomy":"news-destination","embeddable":true,"href":"https:\/\/euapp01.newsmemory.com\/lamarseillaise\/news\/wp-json\/wp\/v2\/news-destination?post=37458"},{"taxonomy":"news-source","embeddable":true,"href":"https:\/\/euapp01.newsmemory.com\/lamarseillaise\/news\/wp-json\/wp\/v2\/news-source?post=37458"},{"taxonomy":"is_homepage","embeddable":true,"href":"https:\/\/euapp01.newsmemory.com\/lamarseillaise\/news\/wp-json\/wp\/v2\/is_homepage?post=37458"},{"taxonomy":"ta_other","embeddable":true,"href":"https:\/\/euapp01.newsmemory.com\/lamarseillaise\/news\/wp-json\/wp\/v2\/ta_other?post=37458"}],"curies":[{"name":"wp","href":"https:\/\/api.w.org\/{rel}","templated":true}]}}