{"id":37455,"date":"2026-07-25T10:17:00","date_gmt":"2026-07-25T08:17:00","guid":{"rendered":"https:\/\/euapp01.newsmemory.com\/lamarseillaise\/news\/?p=37455"},"modified":"2026-07-25T10:27:22","modified_gmt":"2026-07-25T08:27:22","slug":"a-aix-des-jeunes-mettent-la-securite-routiere-en-images","status":"publish","type":"post","link":"https:\/\/euapp01.newsmemory.com\/lamarseillaise\/news\/2026\/07\/25\/a-aix-des-jeunes-mettent-la-securite-routiere-en-images\/","title":{"rendered":"\u00c0 Aix, des jeunes mettent la s\u00e9curit\u00e9 routi\u00e8re en images"},"content":{"rendered":"<div class=\"paragraph\">\n<p>La terrasse des Deux-Ormes s\u2019est transform\u00e9e en plateau de tournage, le temps d\u2019une matin\u00e9e. Sur son parvis, des b\u00e9n\u00e9voles de l\u2019association Anonymal se tiennent derri\u00e8re les cam\u00e9ras, braqu\u00e9es sur de jeunes b\u00e9n\u00e9ficiaires du centre social Jas Nord. Comme d\u00e9cor, les rues adjacentes, un sac de livraison, un scooter et un casque oubli\u00e9.<\/p>\n<p>\u00ab\u00a0<i>On r\u00e9alise un court-m\u00e9trage de cinq minutes sur la th\u00e9matique de la s\u00e9curit\u00e9 routi\u00e8re<\/i>\u00a0\u00bb, r\u00e9sume, entre deux prises, Cl\u00e9mence Lethimonnier, technicienne audiovisuelle pour Anonymal. Le projet, soutenu par la R\u00e9gion Sud dans le cadre du programme \u00ab\u00a0Passeurs d\u2019images\u00a0\u00bb, a d\u00e9but\u00e9 d\u00e8s lundi pour l\u2019\u00e9quipe compos\u00e9e de cinq jeunes entre 14 et 17\u00a0ans du centre social.<\/p>\n<p>Apr\u00e8s deux jours d\u00e9di\u00e9s \u00e0 l\u2019\u00e9criture du sc\u00e9nario, place aux tournages dans diff\u00e9rents lieux du Jas de Bouffan. \u00ab\u00a0<i>On essaie d\u2019orienter nos actions sur des sujets d\u2019actualit\u00e9. On s\u2019est dit que le format vid\u00e9o est un support qui pourrait aider les jeunes \u00e0 \u00eatre sensibilis\u00e9s sur le sujet. C\u2019est un court-m\u00e9trage tourn\u00e9 par des jeunes, pour des jeunes<\/i>, pr\u00e9cise de son c\u00f4t\u00e9 Abou Ibrahima-Said, r\u00e9f\u00e9rent pr\u00e9vention jeunesse du centre social. <i>Le sc\u00e9nario est \u00e9crit \u00e0 partir de leur v\u00e9cu, de ce qu\u2019ils constatent r\u00e9guli\u00e8rement&#8230; On reste sur un tournage de fiction, avec plusieurs histoires mises en parall\u00e8le autour du message<\/i><i>\u00a0<\/i><i>: restez attentifs.<\/i>\u00a0\u00bb Il pr\u00e9cise\u00a0: la d\u00e9marche est volontaire.<\/p>\n<p>Entre deux prises de vues, Zakaria, conducteur du scooter pour la \u00ab\u00a0sc\u00e8ne du snack\u00a0\u00bb, revient d\u2019abord sur la s\u00e9quence. \u00ab\u00a0<i>Je joue un livreur, je viens r\u00e9cup\u00e9rer une commande au snack et j\u2019oublie mon casque, je pars sans<\/i>\u00a0\u00bb, indique ce b\u00e9n\u00e9ficiaire du centre, \u00e2g\u00e9 de 17\u00a0ans. Sa participation aux ateliers audiovisuels n\u2019est pas la premi\u00e8re. \u00ab<i>\u00a0<\/i><i>Tout ce qui est cin\u00e9ma, j\u2019aime bien. Au total, j\u2019ai d\u00fb faire quatre ou cinq tournages, retrace-t-il. Pour celui-l\u00e0, on s\u2019est tous mis d\u2019accord sur le sujet avant de tourner.<\/i>\u00a0\u00bb<\/p>\n<p>Ce vendredi marquait le dernier jour de tournage pour l\u2019\u00e9quipe. Le court-m\u00e9trage sera pr\u00e9sent\u00e9 en avant-premi\u00e8re au grand public le 23\u00a0ao\u00fbt, \u00e0 l\u2019occasion des Instants d\u2019\u00e9t\u00e9.<\/p>\n<\/p><\/div>\n","protected":false},"excerpt":{"rendered":"La terrasse des Deux-Ormes s&rsquo;est transform&eacute;e en plateau de tournage, le temps d&rsquo;une matin&eacute;e. Sur son parvis, des b&eacute;n&eacute;voles de l&rsquo;association Anonymal se tiennent derri&egrave;re les cam&eacute;ras, &#8230;","protected":false},"author":1,"featured_media":37456,"comment_status":"open","ping_status":"open","sticky":false,"template":"","format":"standard","meta":{"footnotes":""},"categories":[20],"tags":[556,168,4533,10,501,59,1802,1301],"news-destination":[],"news-source":[475],"is_homepage":[],"ta_other":[],"class_list":["post-37455","post","type-post","status-publish","format-standard","has-post-thumbnail","hentry","category-societe","tag-aix-en-provence","tag-association","tag-audiovisuel","tag-bouches-du-rhone","tag-centre-social","tag-jeunes","tag-securite-routiere","tag-tournage","news-source-website"],"_links":{"self":[{"href":"https:\/\/euapp01.newsmemory.com\/lamarseillaise\/news\/wp-json\/wp\/v2\/posts\/37455","targetHints":{"allow":["GET"]}}],"collection":[{"href":"https:\/\/euapp01.newsmemory.com\/lamarseillaise\/news\/wp-json\/wp\/v2\/posts"}],"about":[{"href":"https:\/\/euapp01.newsmemory.com\/lamarseillaise\/news\/wp-json\/wp\/v2\/types\/post"}],"author":[{"embeddable":true,"href":"https:\/\/euapp01.newsmemory.com\/lamarseillaise\/news\/wp-json\/wp\/v2\/users\/1"}],"replies":[{"embeddable":true,"href":"https:\/\/euapp01.newsmemory.com\/lamarseillaise\/news\/wp-json\/wp\/v2\/comments?post=37455"}],"version-history":[{"count":1,"href":"https:\/\/euapp01.newsmemory.com\/lamarseillaise\/news\/wp-json\/wp\/v2\/posts\/37455\/revisions"}],"predecessor-version":[{"id":37457,"href":"https:\/\/euapp01.newsmemory.com\/lamarseillaise\/news\/wp-json\/wp\/v2\/posts\/37455\/revisions\/37457"}],"wp:featuredmedia":[{"embeddable":true,"href":"https:\/\/euapp01.newsmemory.com\/lamarseillaise\/news\/wp-json\/wp\/v2\/media\/37456"}],"wp:attachment":[{"href":"https:\/\/euapp01.newsmemory.com\/lamarseillaise\/news\/wp-json\/wp\/v2\/media?parent=37455"}],"wp:term":[{"taxonomy":"category","embeddable":true,"href":"https:\/\/euapp01.newsmemory.com\/lamarseillaise\/news\/wp-json\/wp\/v2\/categories?post=37455"},{"taxonomy":"post_tag","embeddable":true,"href":"https:\/\/euapp01.newsmemory.com\/lamarseillaise\/news\/wp-json\/wp\/v2\/tags?post=37455"},{"taxonomy":"news-destination","embeddable":true,"href":"https:\/\/euapp01.newsmemory.com\/lamarseillaise\/news\/wp-json\/wp\/v2\/news-destination?post=37455"},{"taxonomy":"news-source","embeddable":true,"href":"https:\/\/euapp01.newsmemory.com\/lamarseillaise\/news\/wp-json\/wp\/v2\/news-source?post=37455"},{"taxonomy":"is_homepage","embeddable":true,"href":"https:\/\/euapp01.newsmemory.com\/lamarseillaise\/news\/wp-json\/wp\/v2\/is_homepage?post=37455"},{"taxonomy":"ta_other","embeddable":true,"href":"https:\/\/euapp01.newsmemory.com\/lamarseillaise\/news\/wp-json\/wp\/v2\/ta_other?post=37455"}],"curies":[{"name":"wp","href":"https:\/\/api.w.org\/{rel}","templated":true}]}}