{"id":37452,"date":"2026-07-25T10:09:00","date_gmt":"2026-07-25T08:09:00","guid":{"rendered":"https:\/\/euapp01.newsmemory.com\/lamarseillaise\/news\/?p=37452"},"modified":"2026-07-31T08:00:02","modified_gmt":"2026-07-31T06:00:02","slug":"la-cgt-des-cheminots-reclame-une-amelioration-du-service-public-ferroviaire","status":"publish","type":"post","link":"https:\/\/euapp01.newsmemory.com\/lamarseillaise\/news\/2026\/07\/25\/la-cgt-des-cheminots-reclame-une-amelioration-du-service-public-ferroviaire\/","title":{"rendered":"La CGT des cheminots r\u00e9clame une am\u00e9lioration du service public ferroviaire"},"content":{"rendered":"<div class=\"paragraph\">\n<p>Le 19\u00a0juillet, un TGV Paris-Nice a \u00e9t\u00e9 immobilis\u00e9 pr\u00e8s de la gare de Carnoules apr\u00e8s une d\u00e9formation de la voie ferr\u00e9e provoqu\u00e9e par les fortes chaleurs. Les passagers ont \u00e9t\u00e9 \u00e9vacu\u00e9s sous l\u2019encadrement d\u2019agents de la SNCF, de gendarmes et pompiers, puis dirig\u00e9s vers la gare de Carnoules. L\u2019incendie de Taradeau a perturb\u00e9 le trafic, compliquant la prise en charge.<\/p>\n<p>Apr\u00e8s cet incident, la CGT des cheminots Paca d\u00e9nonce, dans un communiqu\u00e9, la fermeture de gare de Carnoules\u00a0: \u00ab\u00a0<i>Une fois arriv\u00e9s sur le parvis de la gare ferm\u00e9e et d\u00e9serte, les voyageurs sont rest\u00e9s dehors sans aide.<\/i>\u00a0\u00bb Le syndicat \u00e9voque aussi un manque d\u2019entretien des pistes le long des rails, pas \u00ab\u00a0<i>adapt\u00e9es<\/i><i>\u00a0<\/i>\u00bb. Sans \u00ab\u00a0<i>aucun moyen mat\u00e9riel pour cela, les agents ont r\u00e9ussi \u00e0 accompagner les gens les plus en difficult\u00e9<\/i>\u00a0\u00bb. Une situation jug\u00e9e \u00ab\u00a0<i>inacceptable<\/i><i>\u00a0<\/i>\u00bb.<\/p>\n<\/p><\/div>\n<div class=\"intext\"> Un incident \u00ab\u00a0r\u00e9v\u00e9lateur\u00a0\u00bb\n              <\/div>\n<div class=\"paragraph\">\n<p>Pour le syndicat, cet incident serait \u00ab\u00a0<i>r\u00e9v\u00e9lateur<\/i>\u00a0\u00bb de la situation des infrastructures ferroviaires en Paca, mais aussi symptomatique de la \u00ab\u00a0<i>politique court-termiste<\/i><i>\u00a0<\/i>\u00bb et de la concurrence entre les acteurs et compagnies ferroviaires. La CGT des cheminots reproche aux \u00ab\u00a0<i>dirigeants<\/i><i>\u00a0<\/i>\u00bb de maintenir ce syst\u00e8me concurrentiel \u00ab\u00a0<i>pour am\u00e9liorer la situation \u00e9conomique et financi\u00e8re et non pas pour une am\u00e9lioration du syst\u00e8me<\/i><i>\u00a0<\/i>\u00bb<i>. <\/i>Elle r\u00e9clame une \u00ab\u00a0<i>entreprise SNCF unique et int\u00e9gr\u00e9e<\/i><i>\u00a0<\/i>\u00bb, avec \u00ab\u00a0<i>des moyens humains, mat\u00e9riels et financiers pour am\u00e9liorer et d\u00e9velopper le service public ferroviaire<\/i><i>\u00a0<\/i>\u00bb.<\/p>\n<\/p><\/div>\n","protected":false},"excerpt":{"rendered":"Le 19&nbsp;juillet, un TGV Paris-Nice a &eacute;t&eacute; immobilis&eacute; pr&egrave;s de la gare de Carnoules apr&egrave;s une d&eacute;formation de la voie ferr&eacute;e provoqu&eacute;e par les fortes chaleurs. Les passagers ont &#8230;","protected":false},"author":1,"featured_media":37453,"comment_status":"open","ping_status":"open","sticky":false,"template":"","format":"standard","meta":{"footnotes":""},"categories":[3926,3925,331],"tags":[3788,113,1580,118,913,1188,80,222,751,4184,1388,3340,348,31],"news-destination":[3944],"news-source":[475],"is_homepage":[],"ta_other":[],"class_list":["post-37452","post","type-post","status-publish","format-standard","has-post-thumbnail","hentry","category-accueil-merge","category-accueil-third","category-social","tag-carnoules","tag-cgt","tag-cheminots","tag-economie","tag-finances","tag-moyens","tag-paca","tag-region-sud-paca","tag-service-public","tag-service-public-ferroviaire","tag-sncf","tag-tgv","tag-train","tag-var","news-destination-homepage","news-source-website"],"_links":{"self":[{"href":"https:\/\/euapp01.newsmemory.com\/lamarseillaise\/news\/wp-json\/wp\/v2\/posts\/37452","targetHints":{"allow":["GET"]}}],"collection":[{"href":"https:\/\/euapp01.newsmemory.com\/lamarseillaise\/news\/wp-json\/wp\/v2\/posts"}],"about":[{"href":"https:\/\/euapp01.newsmemory.com\/lamarseillaise\/news\/wp-json\/wp\/v2\/types\/post"}],"author":[{"embeddable":true,"href":"https:\/\/euapp01.newsmemory.com\/lamarseillaise\/news\/wp-json\/wp\/v2\/users\/1"}],"replies":[{"embeddable":true,"href":"https:\/\/euapp01.newsmemory.com\/lamarseillaise\/news\/wp-json\/wp\/v2\/comments?post=37452"}],"version-history":[{"count":1,"href":"https:\/\/euapp01.newsmemory.com\/lamarseillaise\/news\/wp-json\/wp\/v2\/posts\/37452\/revisions"}],"predecessor-version":[{"id":37454,"href":"https:\/\/euapp01.newsmemory.com\/lamarseillaise\/news\/wp-json\/wp\/v2\/posts\/37452\/revisions\/37454"}],"wp:featuredmedia":[{"embeddable":true,"href":"https:\/\/euapp01.newsmemory.com\/lamarseillaise\/news\/wp-json\/wp\/v2\/media\/37453"}],"wp:attachment":[{"href":"https:\/\/euapp01.newsmemory.com\/lamarseillaise\/news\/wp-json\/wp\/v2\/media?parent=37452"}],"wp:term":[{"taxonomy":"category","embeddable":true,"href":"https:\/\/euapp01.newsmemory.com\/lamarseillaise\/news\/wp-json\/wp\/v2\/categories?post=37452"},{"taxonomy":"post_tag","embeddable":true,"href":"https:\/\/euapp01.newsmemory.com\/lamarseillaise\/news\/wp-json\/wp\/v2\/tags?post=37452"},{"taxonomy":"news-destination","embeddable":true,"href":"https:\/\/euapp01.newsmemory.com\/lamarseillaise\/news\/wp-json\/wp\/v2\/news-destination?post=37452"},{"taxonomy":"news-source","embeddable":true,"href":"https:\/\/euapp01.newsmemory.com\/lamarseillaise\/news\/wp-json\/wp\/v2\/news-source?post=37452"},{"taxonomy":"is_homepage","embeddable":true,"href":"https:\/\/euapp01.newsmemory.com\/lamarseillaise\/news\/wp-json\/wp\/v2\/is_homepage?post=37452"},{"taxonomy":"ta_other","embeddable":true,"href":"https:\/\/euapp01.newsmemory.com\/lamarseillaise\/news\/wp-json\/wp\/v2\/ta_other?post=37452"}],"curies":[{"name":"wp","href":"https:\/\/api.w.org\/{rel}","templated":true}]}}