{"id":37449,"date":"2026-07-25T09:51:00","date_gmt":"2026-07-25T07:51:00","guid":{"rendered":"https:\/\/euapp01.newsmemory.com\/lamarseillaise\/news\/?p=37449"},"modified":"2026-07-25T10:27:22","modified_gmt":"2026-07-25T08:27:22","slug":"week-end-une-epopee-immersive-autour-de-napoleon-a-marseille","status":"publish","type":"post","link":"https:\/\/euapp01.newsmemory.com\/lamarseillaise\/news\/2026\/07\/25\/week-end-une-epopee-immersive-autour-de-napoleon-a-marseille\/","title":{"rendered":"[Week-end] Une \u00e9pop\u00e9e immersive autour de Napol\u00e9on \u00e0 Marseille"},"content":{"rendered":"<div class=\"paragraph\">\n<p><b>Une immersion au c\u0153ur de l\u2019Empire napol\u00e9onien<\/b><\/p>\n<p>\u00c9quip\u00e9 de votre casque de r\u00e9alit\u00e9 virtuelle et lors d\u2019une visite libre, vous \u00e9coutez les confidences de l\u2019Empereur et embarquez dans sa l\u00e9gende. Tandis qu\u2019il relate ses souvenirs, les sc\u00e8nes prennent vie autour de vous. La r\u00e9union d\u2019\u00e9tat-major \u00e0 la veille de la bataille d\u2019Austerlitz, une charge de cavalerie des cuirassiers, la mont\u00e9e de la colonne Vend\u00f4me, l\u2019ambiance glaciale de la B\u00e9r\u00e9zina, l\u2019ultime voyage vers Sainte-H\u00e9l\u00e8ne&#8230; Tout autant de faits historiques vous sont relat\u00e9s pour une immersion totale autour des moments cl\u00e9s qui ont forg\u00e9 la l\u00e9gende napol\u00e9onienne. Pendant 27\u00a0minutes, petits et grands pourront assister aux grands \u00e9v\u00e9nements du Premier Empire dans une ambiance sonore et visuelle saisissante, comme si vous y \u00e9tiez\u00a0!<\/p>\n<\/p><\/div>\n<div class=\"paragraph\">\n<p><b><span class=\"mln_small-caps_mln\"><\/span><\/b><\/p>\n<p><i>Samedi et dimanche de 10h15 \u00e0 19h. <\/i><\/p>\n<p><i>Comptez entre 19 et 23 euros l\u2019entr\u00e9e. <\/i><\/p>\n<p><i>Accessible d\u00e8s 8<\/i><i>\u00a0<\/i><i>ans.<\/i><\/p>\n<\/p><\/div>\n","protected":false},"excerpt":{"rendered":"Une immersion au c&oelig;ur de l&rsquo;Empire napol&eacute;onien&Eacute;quip&eacute; de votre casque de r&eacute;alit&eacute; virtuelle et lors d&rsquo;une visite libre, vous &eacute;coutez les confidences de l&rsquo;Empereur et embarquez dans sa &#8230;","protected":false},"author":1,"featured_media":37450,"comment_status":"open","ping_status":"open","sticky":false,"template":"","format":"standard","meta":{"footnotes":""},"categories":[20],"tags":[2873,10,58,280,4065,55,16,6166,988,2001],"news-destination":[],"news-source":[475],"is_homepage":[],"ta_other":[],"class_list":["post-37449","post","type-post","status-publish","format-standard","has-post-thumbnail","hentry","category-societe","tag-activites-de-loisirs","tag-bouches-du-rhone","tag-famille","tag-histoire","tag-legendes","tag-loisirs","tag-marseille","tag-sons","tag-week-end","tag-weekend","news-source-website"],"_links":{"self":[{"href":"https:\/\/euapp01.newsmemory.com\/lamarseillaise\/news\/wp-json\/wp\/v2\/posts\/37449","targetHints":{"allow":["GET"]}}],"collection":[{"href":"https:\/\/euapp01.newsmemory.com\/lamarseillaise\/news\/wp-json\/wp\/v2\/posts"}],"about":[{"href":"https:\/\/euapp01.newsmemory.com\/lamarseillaise\/news\/wp-json\/wp\/v2\/types\/post"}],"author":[{"embeddable":true,"href":"https:\/\/euapp01.newsmemory.com\/lamarseillaise\/news\/wp-json\/wp\/v2\/users\/1"}],"replies":[{"embeddable":true,"href":"https:\/\/euapp01.newsmemory.com\/lamarseillaise\/news\/wp-json\/wp\/v2\/comments?post=37449"}],"version-history":[{"count":1,"href":"https:\/\/euapp01.newsmemory.com\/lamarseillaise\/news\/wp-json\/wp\/v2\/posts\/37449\/revisions"}],"predecessor-version":[{"id":37451,"href":"https:\/\/euapp01.newsmemory.com\/lamarseillaise\/news\/wp-json\/wp\/v2\/posts\/37449\/revisions\/37451"}],"wp:featuredmedia":[{"embeddable":true,"href":"https:\/\/euapp01.newsmemory.com\/lamarseillaise\/news\/wp-json\/wp\/v2\/media\/37450"}],"wp:attachment":[{"href":"https:\/\/euapp01.newsmemory.com\/lamarseillaise\/news\/wp-json\/wp\/v2\/media?parent=37449"}],"wp:term":[{"taxonomy":"category","embeddable":true,"href":"https:\/\/euapp01.newsmemory.com\/lamarseillaise\/news\/wp-json\/wp\/v2\/categories?post=37449"},{"taxonomy":"post_tag","embeddable":true,"href":"https:\/\/euapp01.newsmemory.com\/lamarseillaise\/news\/wp-json\/wp\/v2\/tags?post=37449"},{"taxonomy":"news-destination","embeddable":true,"href":"https:\/\/euapp01.newsmemory.com\/lamarseillaise\/news\/wp-json\/wp\/v2\/news-destination?post=37449"},{"taxonomy":"news-source","embeddable":true,"href":"https:\/\/euapp01.newsmemory.com\/lamarseillaise\/news\/wp-json\/wp\/v2\/news-source?post=37449"},{"taxonomy":"is_homepage","embeddable":true,"href":"https:\/\/euapp01.newsmemory.com\/lamarseillaise\/news\/wp-json\/wp\/v2\/is_homepage?post=37449"},{"taxonomy":"ta_other","embeddable":true,"href":"https:\/\/euapp01.newsmemory.com\/lamarseillaise\/news\/wp-json\/wp\/v2\/ta_other?post=37449"}],"curies":[{"name":"wp","href":"https:\/\/api.w.org\/{rel}","templated":true}]}}