{"id":37446,"date":"2026-07-25T09:18:00","date_gmt":"2026-07-25T07:18:00","guid":{"rendered":"https:\/\/euapp01.newsmemory.com\/lamarseillaise\/news\/?p=37446"},"modified":"2026-07-31T07:46:50","modified_gmt":"2026-07-31T05:46:50","slug":"la-mairie-de-toulon-espere-sortir-de-la-carence-de-la-loi-sru-dici-fin-2026","status":"publish","type":"post","link":"https:\/\/euapp01.newsmemory.com\/lamarseillaise\/news\/2026\/07\/25\/la-mairie-de-toulon-espere-sortir-de-la-carence-de-la-loi-sru-dici-fin-2026\/","title":{"rendered":"La mairie de Toulon esp\u00e8re sortir de la carence de la loi SRU d\u2019ici fin 2026"},"content":{"rendered":"<div class=\"intext\"> Loi SRU : la Ville sur<br \/>\n               <br \/>la bonne voie\n              <\/div>\n<div class=\"paragraph\">\n<p>Dans le cadre du <a rel=\"noopener noreferrer\" href=\"https:\/\/www.lamarseillaise.fr\/societe\/un-contrat-de-mixite-sociale-pour-relancer-le-logement-social-OG15648226\" target=\"_blank\">contrat de mixit\u00e9 sociale conclu entre Toulon et la pr\u00e9fecture<\/a> (en attente de renouvellement pour 2026-2028), visant \u00e0 mettre davantage de foncier b\u00e2ti \u00e0 disposition des bailleurs sociaux pour cr\u00e9er des logements, la mairie poursuit ses efforts. Le conseil municipal a vot\u00e9 (le RN s\u2019est abstenu) une participation de la Ville d\u2019un montant total de 650\u00a0000\u00a0euros dans la cr\u00e9ation de 49\u00a0nouveaux logements sociaux\u00a0: 11\u00a0via l\u2019office public Toulon Habitat, 28\u00a0via Var Habitat et 10\u00a0par l\u2019\u00e9tablissement social d\u2019habitat Unicil. \u00ab\u00a0<a rel=\"noopener noreferrer\" href=\"https:\/\/www.lamarseillaise.fr\/societe\/logement-social-le-prefet-du-var-pourrait-prendre-la-main-CB20303670\" target=\"_blank\"><i>Nous sommes pass\u00e9s de 2,9 \u00e0 1,6<\/i><i>\u00a0<\/i><i>million d\u2019euros de p\u00e9nalit\u00e9s SRU<\/i><\/a><i>, nous avons espoir de sortir de la carence d\u2019ici la fin de l\u2019ann\u00e9e<\/i>\u00a0\u00bb, a d\u00e9clar\u00e9 la maire (SE), Jos\u00e9e Massi.<\/p>\n<\/p><\/div>\n<div class=\"intext\"> Convention logement pour les saisonniers\n              <\/div>\n<div class=\"paragraph\">\n<p>Une nouvelle convention, couvrant la p\u00e9riode 2026-2029, a \u00e9t\u00e9 vot\u00e9e pour favoriser le logement des saisonniers. Elle pr\u00e9voit la mise \u00e0 disposition de 30\u00a0logements, en vertu du bilan de la pr\u00e9c\u00e9dente convention sign\u00e9e en 2021. Des discussions sont en cours avec le Crous pour y ajouter des logements \u00e9tudiants vacants pendant l\u2019\u00e9t\u00e9.<\/p>\n<\/p><\/div>\n<div class=\"intext\"> Le projet de maison<br \/>\n               <br \/>de sant\u00e9 d\u00e9battu\n              <\/div>\n<div class=\"paragraph\">\n<p>Le conseil a vot\u00e9 un mandat \u00e0 la centrale d\u2019achats Centralis, dans le cadre de l\u2019installation d\u2019un b\u00e2timent modulaire pour la maison de sant\u00e9 pr\u00e9vue dans le quartier Claret. Le co\u00fbt pr\u00e9visionnel s\u2019\u00e9l\u00e8ve \u00e0 900\u00a0000\u00a0euros. Le RN, bien que favorable au projet, s\u2019est abstenu, trouvant le projet \u00ab\u00a0<i>un peu faible par rapport \u00e0 l\u2019ambition<\/i>\u00a0\u00bb, consid\u00e9rant par la voix d\u2019Amaury Navarranne que \u00ab\u00a0<i>l\u2019enveloppe [allait] \u00eatre d\u00e9pass\u00e9e<\/i>\u00a0\u00bb. \u00ab\u00a0<i>Il s\u2019agit d\u2019un co\u00fbt pr\u00e9visionnel<\/i>, a rappel\u00e9 Jos\u00e9e Massi. <i>Pour un b\u00e2timent en dur, il faudrait des ann\u00e9es<\/i><i>\u00a0<\/i><i>: 18<\/i><i>\u00a0<\/i><i>mois pour un march\u00e9, plus le temps des travaux. On a choisi cette formule pour l\u2019urgence.<\/i>\u00a0\u00bb<\/p>\n<\/p><\/div>\n<div class=\"intext\"> Jos\u00e9e Massi d\u00e9fend<br \/>\n               <br \/>son bilan sur les cr\u00e8ches\n              <\/div>\n<div class=\"paragraph\">\n<p>Face aux soup\u00e7ons du RN li\u00e9s aux conditions d\u2019attribution des places en cr\u00e8che, Jos\u00e9e Massi en a rappel\u00e9 les modalit\u00e9s (\u00e2ge, date d\u2019entr\u00e9e, temps d\u2019accueil, situation sociale, regroupement des fratries, quotas militaires&#8230;). Attaqu\u00e9e sur la destruction de la cr\u00e8che Saint-Jacques en 2023, la maire a rappel\u00e9 que les propositions formul\u00e9es pour la sauver avaient \u00e9t\u00e9 refus\u00e9es par la direction et que, depuis, <a rel=\"noopener noreferrer\" href=\"https:\/\/www.lamarseillaise.fr\/societe\/toulon-va-creer-des-places-en-creche-LK17487783\" target=\"_blank\">173\u00a0nouvelles places avaient \u00e9t\u00e9, ou allaient \u00eatre cr\u00e9\u00e9es<\/a>, et qu\u2019il restait \u00ab\u00a0<i>des places disponibles dans toutes les cr\u00e8ches de la ville<\/i><i>\u00a0<\/i>\u00bb.<\/p>\n<p>Le conseil a vot\u00e9 une demande de soutien de 1,786\u00a0million d\u2019euros \u00e0 la CAF pour la cr\u00e9ation de la cr\u00e8che de la Barre.<\/p>\n<\/p><\/div>\n","protected":false},"excerpt":{"rendered":"Dans le cadre du contrat de mixit&eacute; sociale conclu entre Toulon et la pr&eacute;fecture (en attente de renouvellement pour 2026-2028), visant &agrave; mettre davantage de foncier b&acirc;ti &agrave; disposition des bailleurs sociaux pour &#8230;","protected":false},"author":1,"featured_media":37447,"comment_status":"open","ping_status":"open","sticky":false,"template":"","format":"standard","meta":{"footnotes":""},"categories":[3926,3925,330],"tags":[510,1598,148,149,686,2475,2323,3182,596,506,2491,439,1359,597,31],"news-destination":[3944],"news-source":[475],"is_homepage":[],"ta_other":[],"class_list":["post-37446","post","type-post","status-publish","format-standard","has-post-thumbnail","hentry","category-accueil-merge","category-accueil-third","category-politique","tag-bailleurs-sociaux","tag-caf","tag-conseil-municipal","tag-convention","tag-creche","tag-crous","tag-habitat","tag-josee-massi","tag-logement","tag-logements-sociaux","tag-loi-sru","tag-rn","tag-saisonniers","tag-toulon","tag-var","news-destination-homepage","news-source-website"],"_links":{"self":[{"href":"https:\/\/euapp01.newsmemory.com\/lamarseillaise\/news\/wp-json\/wp\/v2\/posts\/37446","targetHints":{"allow":["GET"]}}],"collection":[{"href":"https:\/\/euapp01.newsmemory.com\/lamarseillaise\/news\/wp-json\/wp\/v2\/posts"}],"about":[{"href":"https:\/\/euapp01.newsmemory.com\/lamarseillaise\/news\/wp-json\/wp\/v2\/types\/post"}],"author":[{"embeddable":true,"href":"https:\/\/euapp01.newsmemory.com\/lamarseillaise\/news\/wp-json\/wp\/v2\/users\/1"}],"replies":[{"embeddable":true,"href":"https:\/\/euapp01.newsmemory.com\/lamarseillaise\/news\/wp-json\/wp\/v2\/comments?post=37446"}],"version-history":[{"count":1,"href":"https:\/\/euapp01.newsmemory.com\/lamarseillaise\/news\/wp-json\/wp\/v2\/posts\/37446\/revisions"}],"predecessor-version":[{"id":37448,"href":"https:\/\/euapp01.newsmemory.com\/lamarseillaise\/news\/wp-json\/wp\/v2\/posts\/37446\/revisions\/37448"}],"wp:featuredmedia":[{"embeddable":true,"href":"https:\/\/euapp01.newsmemory.com\/lamarseillaise\/news\/wp-json\/wp\/v2\/media\/37447"}],"wp:attachment":[{"href":"https:\/\/euapp01.newsmemory.com\/lamarseillaise\/news\/wp-json\/wp\/v2\/media?parent=37446"}],"wp:term":[{"taxonomy":"category","embeddable":true,"href":"https:\/\/euapp01.newsmemory.com\/lamarseillaise\/news\/wp-json\/wp\/v2\/categories?post=37446"},{"taxonomy":"post_tag","embeddable":true,"href":"https:\/\/euapp01.newsmemory.com\/lamarseillaise\/news\/wp-json\/wp\/v2\/tags?post=37446"},{"taxonomy":"news-destination","embeddable":true,"href":"https:\/\/euapp01.newsmemory.com\/lamarseillaise\/news\/wp-json\/wp\/v2\/news-destination?post=37446"},{"taxonomy":"news-source","embeddable":true,"href":"https:\/\/euapp01.newsmemory.com\/lamarseillaise\/news\/wp-json\/wp\/v2\/news-source?post=37446"},{"taxonomy":"is_homepage","embeddable":true,"href":"https:\/\/euapp01.newsmemory.com\/lamarseillaise\/news\/wp-json\/wp\/v2\/is_homepage?post=37446"},{"taxonomy":"ta_other","embeddable":true,"href":"https:\/\/euapp01.newsmemory.com\/lamarseillaise\/news\/wp-json\/wp\/v2\/ta_other?post=37446"}],"curies":[{"name":"wp","href":"https:\/\/api.w.org\/{rel}","templated":true}]}}