{"id":37440,"date":"2026-07-25T09:18:00","date_gmt":"2026-07-25T07:18:00","guid":{"rendered":"https:\/\/euapp01.newsmemory.com\/lamarseillaise\/news\/?p=37440"},"modified":"2026-07-25T10:27:22","modified_gmt":"2026-07-25T08:27:22","slug":"faire-revivre-le-souvenir-du-maquis-de-brigadel","status":"publish","type":"post","link":"https:\/\/euapp01.newsmemory.com\/lamarseillaise\/news\/2026\/07\/25\/faire-revivre-le-souvenir-du-maquis-de-brigadel\/","title":{"rendered":"Faire revivre le souvenir du maquis de Brigadel"},"content":{"rendered":"<div class=\"paragraph\">\n<p>En\u00a01943 et\u00a01944, sur le plateau de Brigadel, sur les hauteurs de Puimichel, des agriculteurs acceptent d\u2019arracher leurs amandiers pour cr\u00e9er une piste d\u2019atterrissage pour pouvoir approvisionner en armes et en mat\u00e9riel les r\u00e9sistants qui se pr\u00e9paraient au d\u00e9barquement de Provence. <span class=\"mln_uppercase_mln\">\u00e0<\/span> proximit\u00e9, une ferme sert de lieu d\u2019asile et de refuge aux jeunes qui voulaient \u00e9chapper au Service de travail obligatoire (STO) et au transfert en Allemagne.<\/p>\n<p>Vendredi, une dizaine d\u2019\u00e9lus, de femmes et d\u2019enfants de ces combattants bas-alpins se sont r\u00e9unis sur place, o\u00f9 une st\u00e8le a \u00e9t\u00e9 \u00e9rig\u00e9e en 2018, pour leur rendre hommage et \u00e9viter qu\u2019ils ne tombent dans l\u2019oubli. \u00ab\u00a0<i>Il faut faire circuler le devoir de m\u00e9moire. N\u2019oublions jamais le courage, l\u2019abn\u00e9gation de ces jeunes gens qui n\u2019ont pas h\u00e9sit\u00e9 \u00e0 offrir leur vie afin de s\u2019opposer \u00e0 l\u2019occupation nazie<\/i><i>\u00a0<\/i>\u00bb, a soulign\u00e9 G\u00e9rard Lazaud, ancien adjoint aux anciens combattants d\u2019Oraison, \u00e0 l\u2019initiative de cette st\u00e8le.<\/p>\n<p>Le maire de Puimichel, \u00e9galement pr\u00e9sent, a tenu \u00e0 insister sur \u00ab\u00a0<i>les r\u00e9sistants de l\u2019ombre, tous ceux qui ont donn\u00e9 \u00e0 manger, h\u00e9berg\u00e9. Lors des parachutages, \u00e0 l\u2019aube, ils sortaient tous pour voir s\u2019il n\u2019y avait pas un parachute coinc\u00e9 dans un amandier. La r\u00e9sistance n\u2019aurait rien \u00e9t\u00e9 sans leur aide<\/i><i>\u00a0<\/i>\u00bb, a-t-il avanc\u00e9.<\/p>\n<p>Jean Banner, \u00e0 l\u2019initiative de ce rassemblement, a tenu \u00e0 \u00ab\u00a0<i>remercier ces jeunes qui ont d\u00e9cid\u00e9 de dire non \u00e0 la loi du plus fort et \u00e0 la barbarie nazie<\/i><i>\u00a0<\/i>\u00bb. Il a \u00e9voqu\u00e9 Andr\u00e9 Laurent, ancien r\u00e9sistant et auteur du livre <i>La R\u00e9sistance sur les plaines entre Asse, Bl\u00e9one et Durance<\/i>, d\u00e9c\u00e9d\u00e9 en 2022\u00a0: \u00ab\u00a0<i>Il a laiss\u00e9 aux g\u00e9n\u00e9rations futures un h\u00e9ritage que nous devons transmettre<\/i><i>\u00a0<\/i>\u00bb. \u00ab\u00a0<i>Cela a scind\u00e9 une jeunesse en deux, entre ceux qui sont partis travailler en Allemagne et ceux qui ont rejoint la r\u00e9sistance<\/i><i>\u00a0<\/i>\u00bb, a t\u00e9moign\u00e9 sa femme, Gilberte Laurent, \u00e9galement pr\u00e9sente vendredi.<\/p>\n<p>\u00ab\u00a0<i>Il ne faut pas oublier qu\u2019il y a toujours les familles de ceux qui ont combattu<\/i><i>\u00a0<\/i>\u00bb, a insist\u00e9 Jeanine Telme, la fille du r\u00e9sistant Gaston Telme, n\u00e9 en 1907 et d\u00e9c\u00e9d\u00e9 en 1992. \u00ab\u00a0<i>Il parlait tr\u00e8s peu de la R\u00e9sistance en famille. Tout ce que je sais, je l\u2019ai retrouv\u00e9 dans des documents<\/i><i>\u00a0<\/i>\u00bb, a-t-elle racont\u00e9.<\/p>\n<\/p><\/div>\n<div class=\"intext\"> Bient\u00f4t une c\u00e9r\u00e9monie annuelle\u00a0?\n              <\/div>\n<div class=\"paragraph\">\n<p>Didier Derupty, vice-pr\u00e9sident de la Maison du combattant et des familles, r\u00e9cemment cr\u00e9\u00e9e dans le d\u00e9partement, a propos\u00e9 son aide aux \u00e9lus et aux citoyens pr\u00e9sents pour organiser une c\u00e9r\u00e9monie annuelle sur le lieu de la st\u00e8le. \u00ab\u00a0<i>Il faut arriver \u00e0 f\u00e9d\u00e9rer les endroits, les st\u00e8les oubli\u00e9es. La conservation du devoir de m\u00e9moire est importante<\/i><i>\u00a0<\/i>\u00bb, a-t-il martel\u00e9, alors que la st\u00e8le de Brigadel est tr\u00e8s peu visit\u00e9e et m\u00e9connue des habitants. \u00ab\u00a0<i>Il n\u2019y a plus de r\u00e9sistants, mais il y a des descendants passionn\u00e9s pour faire vivre le devoir de m\u00e9moire.<\/i><i>\u00a0<\/i>\u00bb<\/p>\n<p><span class=\"mln_uppercase_mln\">\u00e9<\/span>lus et familles de r\u00e9sistants pr\u00e9sents ont \u00e9galement \u00e9voqu\u00e9 l\u2019id\u00e9e de proposer aux instituteurs et aux \u00e9coliers de participer \u00e0 une c\u00e9r\u00e9monie annuelle en hommage aux maquisards.<\/p>\n<p>Pendant le d\u00e9barquement de Provence, le 15\u00a0ao\u00fbt 1944, quelque 100\u00a0000\u00a0soldats, essentiellement am\u00e9ricains, canadiens et britanniques, ont d\u00e9barqu\u00e9 sur les plages du Var, ouvrant la voie \u00e0 plus de 250\u00a0000\u00a0Fran\u00e7ais qui allaient reprendre Toulon puis Marseille en moins de deux semaines. Cette arm\u00e9e comptait 84\u00a0000\u00a0Fran\u00e7ais d\u2019Afrique du Nord, 12\u00a0000\u00a0soldats des Forces fran\u00e7aises libres fid\u00e8les au g\u00e9n\u00e9ral de Gaulle et 12\u00a0000\u00a0Corses, mais aussi 130\u00a0000\u00a0soldats d\u2019Alg\u00e9rie et du Maroc et 12\u00a0000\u00a0soldats de l\u2019arm\u00e9e coloniale.<\/p>\n<\/p><\/div>\n","protected":false},"excerpt":{"rendered":"En&nbsp;1943 et&nbsp;1944, sur le plateau de Brigadel, sur les hauteurs de Puimichel, des agriculteurs acceptent d&rsquo;arracher leurs amandiers pour cr&eacute;er une piste d&rsquo;atterrissage pour pouvoir approvisionner en armes et en &#8230;","protected":false},"author":1,"featured_media":37441,"comment_status":"open","ping_status":"open","sticky":false,"template":"","format":"standard","meta":{"footnotes":""},"categories":[20],"tags":[4768,4467,2346,408,618,280,389,920,1729,4253,3082,51,4906],"news-destination":[],"news-source":[475],"is_homepage":[],"ta_other":[],"class_list":["post-37440","post","type-post","status-publish","format-standard","has-post-thumbnail","hentry","category-societe","tag-alpes","tag-alpes-de-haute-provence","tag-ceremonie","tag-combat","tag-devoir-de-memoire","tag-histoire","tag-hommage","tag-memoire","tag-resistance","tag-resistants","tag-seconde-guerre-mondiale","tag-societe","tag-stele","news-source-website"],"_links":{"self":[{"href":"https:\/\/euapp01.newsmemory.com\/lamarseillaise\/news\/wp-json\/wp\/v2\/posts\/37440","targetHints":{"allow":["GET"]}}],"collection":[{"href":"https:\/\/euapp01.newsmemory.com\/lamarseillaise\/news\/wp-json\/wp\/v2\/posts"}],"about":[{"href":"https:\/\/euapp01.newsmemory.com\/lamarseillaise\/news\/wp-json\/wp\/v2\/types\/post"}],"author":[{"embeddable":true,"href":"https:\/\/euapp01.newsmemory.com\/lamarseillaise\/news\/wp-json\/wp\/v2\/users\/1"}],"replies":[{"embeddable":true,"href":"https:\/\/euapp01.newsmemory.com\/lamarseillaise\/news\/wp-json\/wp\/v2\/comments?post=37440"}],"version-history":[{"count":1,"href":"https:\/\/euapp01.newsmemory.com\/lamarseillaise\/news\/wp-json\/wp\/v2\/posts\/37440\/revisions"}],"predecessor-version":[{"id":37442,"href":"https:\/\/euapp01.newsmemory.com\/lamarseillaise\/news\/wp-json\/wp\/v2\/posts\/37440\/revisions\/37442"}],"wp:featuredmedia":[{"embeddable":true,"href":"https:\/\/euapp01.newsmemory.com\/lamarseillaise\/news\/wp-json\/wp\/v2\/media\/37441"}],"wp:attachment":[{"href":"https:\/\/euapp01.newsmemory.com\/lamarseillaise\/news\/wp-json\/wp\/v2\/media?parent=37440"}],"wp:term":[{"taxonomy":"category","embeddable":true,"href":"https:\/\/euapp01.newsmemory.com\/lamarseillaise\/news\/wp-json\/wp\/v2\/categories?post=37440"},{"taxonomy":"post_tag","embeddable":true,"href":"https:\/\/euapp01.newsmemory.com\/lamarseillaise\/news\/wp-json\/wp\/v2\/tags?post=37440"},{"taxonomy":"news-destination","embeddable":true,"href":"https:\/\/euapp01.newsmemory.com\/lamarseillaise\/news\/wp-json\/wp\/v2\/news-destination?post=37440"},{"taxonomy":"news-source","embeddable":true,"href":"https:\/\/euapp01.newsmemory.com\/lamarseillaise\/news\/wp-json\/wp\/v2\/news-source?post=37440"},{"taxonomy":"is_homepage","embeddable":true,"href":"https:\/\/euapp01.newsmemory.com\/lamarseillaise\/news\/wp-json\/wp\/v2\/is_homepage?post=37440"},{"taxonomy":"ta_other","embeddable":true,"href":"https:\/\/euapp01.newsmemory.com\/lamarseillaise\/news\/wp-json\/wp\/v2\/ta_other?post=37440"}],"curies":[{"name":"wp","href":"https:\/\/api.w.org\/{rel}","templated":true}]}}