{"id":37437,"date":"2026-07-25T09:30:00","date_gmt":"2026-07-25T07:30:00","guid":{"rendered":"https:\/\/euapp01.newsmemory.com\/lamarseillaise\/news\/?p=37437"},"modified":"2026-07-31T07:46:50","modified_gmt":"2026-07-31T05:46:50","slug":"des-missions-eco-gestes-menees-sur-tous-les-fronts","status":"publish","type":"post","link":"https:\/\/euapp01.newsmemory.com\/lamarseillaise\/news\/2026\/07\/25\/des-missions-eco-gestes-menees-sur-tous-les-fronts\/","title":{"rendered":"Des missions \u00e9co-gestes men\u00e9es sur tous les fronts"},"content":{"rendered":"<div class=\"paragraph\">\n<p>Joue \u00e0 trier tes d\u00e9chets\u00a0\u00bb, indique une banni\u00e8re. Ce mardi, une quarantaine d\u2019enfants \u00e2g\u00e9s de 7 \u00e0 12\u00a0ans ont troqu\u00e9 la baignade contre le tri s\u00e9lectif, sur la plage de Corbi\u00e8res. Le mot d\u2019ordre, \u00ab\u00a0<i>apprendre \u00e0 prot\u00e9ger l\u2019environnement de fa\u00e7on ludique<\/i>\u00a0\u00bb, souligne Hedi Ramdane, adjoint au maire de Marseille, d\u00e9l\u00e9gu\u00e9 \u00e0 la propret\u00e9. Le dispositif est mis en place par la Ville, en collaboration avec les centres d\u2019animation municipaux des 2<sup>e<\/sup>-3<sup>e<\/sup> et 15<sup>e<\/sup>-16<sup>e<\/sup>\u00a0arrondissements.<\/p>\n<p>\u00ab\u00a0<i>Je viens souvent \u00e0 la plage, c\u2019est la deuxi\u00e8me fois que je fais un atelier sur le tri des d\u00e9chets<\/i>\u00a0\u00bb, explique Malik, 10\u00a0ans, habitu\u00e9 aux animations propos\u00e9es \u00e0 Corbi\u00e8res. Une familiarit\u00e9 qui n\u2019est pas un hasard. \u00ab\u00a0<i>L\u2019id\u00e9e, c\u2019est de sensibiliser les Marseillaises et les Marseillais d\u00e8s le plus jeune \u00e2ge<\/i>\u00a0\u00bb, insiste l\u2019adjoint au maire, convaincu que le message se propage dans l\u2019entourage de la jeunesse. L\u2019\u00e9lu pr\u00e9cise\u00a0: \u00ab\u00a0<i>Moi, j\u2019ai commenc\u00e9 \u00e0 trier quand mes enfants me l\u2019ont dit. Lorsqu\u2019ils sont sensibilis\u00e9s, ils sensibilisent leurs parents, leurs grands fr\u00e8res, leurs grandes s\u0153urs, peut-\u00eatre m\u00eame leurs grands-parents<\/i><i>\u00a0<\/i><i>!<\/i>\u00a0\u00bb<\/p>\n<\/p><\/div>\n<div class=\"intext\"> Sensibiliser<br \/>\n               <br \/>tout en s\u2019amusant\n              <\/div>\n<div class=\"paragraph\">\n<p>Au programme de cet apr\u00e8s-midi, un escape game en plein air, d\u00e9di\u00e9 au tri et \u00e0 la lutte contre l\u2019abandon des d\u00e9chets. Une myst\u00e9rieuse poubelle est verrouill\u00e9e, accompagn\u00e9e d\u2019un \u00ab\u00a0guide du tri\u00a0\u00bb qui liste les diff\u00e9rents d\u00e9chets du quotidien. \u00ab\u00a0Emballage de yaourt, sac-poubelle, m\u00e9got&#8230;\u00a0\u00bb, lisent les enfants \u00e0 la recherche d\u2019indices pour r\u00e9soudre les \u00e9nigmes et ainsi ouvrir la poubelle. \u00ab\u00a0<i>Avez-vous vu des d\u00e9chets quelque part sur la poubelle<\/i><i>\u00a0<\/i><i>?<\/i>\u00a0\u00bb, demande l\u2019animatrice Claudia, qui tente de les mettre sur la bonne piste. Les sept jeunes participants r\u00e9fl\u00e9chissent ensemble dans le but de retrouver le trajet des d\u00e9chets jet\u00e9s en mer, en reliant les continents par les oc\u00e9ans. \u00ab\u00a0<i>On a appris plein de choses<\/i><i>\u00a0<\/i><i>! Trier, c\u2019est bon pour la sant\u00e9, parce que quand on pollue l\u2019oc\u00e9an, le plastique se retrouve dans ce qu\u2019on mange<\/i>\u00a0\u00bb, racontent Mehdi et Adam, 11 et 10\u00a0ans.<\/p>\n<p>\u00c0 l\u2019ombre sous la tonnelle, un autre atelier consiste \u00e0 placer des magnets \u00e0 l\u2019effigie des d\u00e9chets du quotidien sur les poubelles correspondantes. \u00ab\u00a0<i>Les enfants vont avoir un moyen mn\u00e9motechnique de retenir dans quelle poubelle mettre leurs d\u00e9chets<\/i>\u00a0\u00bb, explique l\u2019adjoint d\u00e9l\u00e9gu\u00e9 \u00e0 la propret\u00e9. \u00ab\u00a0<i>Dans la poubelle jaune, il y a les emballages et le carton, dans la verte, il y a le verre, et dans la noire, il y a le reste<\/i>\u00a0\u00bb, se rappelle Sa\u00efda, 12\u00a0ans, apr\u00e8s l\u2019activit\u00e9.<\/p>\n<p>En fin d\u2019apr\u00e8s-midi, une bo\u00eete \u00e0 go\u00fbter \u00e0 l\u2019effigie de la Ville de Marseille est distribu\u00e9e aux enfants pour encourager \u00ab\u00a0les pratiques de go\u00fbter z\u00e9ro d\u00e9chets\u00a0\u00bb. \u00ab\u00a0<i>Quand je vais revenir \u00e0 la plage, je vais l\u2019utiliser<\/i>\u00a0\u00bb, s\u2019enthousiasme Mehdi.<\/p>\n<\/p><\/div>\n<div class=\"intext\"> \u00ab\u00a0Il n\u2019y a rien de mieux que de miser sur la jeunesse\u00a0\u00bb\n              <\/div>\n<div class=\"paragraph\">\n<p>Lanc\u00e9 le 2\u00a0mai, le dispositif s\u2019appuie sur les services propret\u00e9 de la Ville et sur l\u2019entreprise Citeo, engag\u00e9e dans le tri et le recyclage des d\u00e9chets. Hedi Ramdane annonce \u00ab\u00a0<i>95<\/i><i>\u00a0<\/i><i>op\u00e9rations au cours de l\u2019\u00e9t\u00e9, sur 17<\/i><i>\u00a0<\/i><i>sites<\/i>\u00a0\u00bb. \u00ab\u00a0<i>On souhaite s\u2019adresser \u00e0 toute la population marseillaise, dans toutes les plages et tous les parcs. Les 5<\/i><i>\u00a0<\/i><i>000<\/i><i>\u00a0<\/i><i>Marseillais sensibilis\u00e9s, aujourd\u2019hui, parleront peut-\u00eatre \u00e0 5<\/i><i>\u00a0<\/i><i>000 autres<\/i>\u00a0\u00bb, projette l\u2019\u00e9lu.<\/p>\n<p>Une fois les jeux termin\u00e9s, les enfants se d\u00e9p\u00eachent de retourner dans l\u2019eau. L\u2019op\u00e9ration est r\u00e9ussie aux yeux de Malik, 10\u00a0ans, qui affirme vouloir \u00ab\u00a0<i>faire passer le message<\/i>\u00a0\u00bb \u00e0 sa famille et ses amis. \u00c0 ses c\u00f4t\u00e9s, Ma\u00efssa, 12\u00a0ans, r\u00e9sume avec sagesse\u00a0: \u00ab\u00a0<i>Si tu aimes la nature, tu auras besoin de la nature<\/i><i>\u00a0<\/i><i>; trier, c\u2019est quelque chose \u00e0 faire pour tout le monde.<\/i>\u00a0\u00bb<\/p>\n<p>Andr\u00e9a Goyard-de Castro<\/p>\n<\/p><\/div>\n<div class=\"paragraph\">\n<p><b>TEMPS DE D\u00c9COMPOSITION<\/b><\/p>\n<p><b>De 3 mois \u00e0 1 an<\/b><\/p>\n<p>En ce qui concerne les d\u00e9chets organiques, les mouchoirs, le papier toilette et les tickets de m\u00e9tro, s\u2019ils ne sont pas recouverts de plastique.<\/p>\n<p><b>De 3 \u00e0 5 ans<\/b><\/p>\n<p>Pour les chewing-gums et les m\u00e9gots. Un seul m\u00e9got pollue 500 litres d\u2019eau, m\u00eame d\u00e9compos\u00e9 : ses substances persistent dans l\u2019oc\u00e9an.<\/p>\n<p><b>Plus de 100 ans<\/b><\/p>\n<p>Au sujet des canettes en aluminium, sacs en plastique, pneus en caoutchouc, serviettes hygi\u00e9niques, filets de p\u00eache, piles au mercure&#8230;<\/p>\n<p><b>4 000 ans<\/b><\/p>\n<p>Pour une seule bouteille en verre, en raison de sa composition en polym\u00e8res r\u00e9sistants \u00e0 la d\u00e9composition sous-marine.<\/p>\n<\/p><\/div>\n","protected":false},"excerpt":{"rendered":"Joue &agrave; trier tes d&eacute;chets&nbsp;&raquo;, indique une banni&egrave;re. Ce mardi, une quarantaine d&rsquo;enfants &acirc;g&eacute;s de 7 &agrave; 12&nbsp;ans ont troqu&eacute; la baignade contre le tri s&eacute;lectif, sur la plage de &#8230;","protected":false},"author":1,"featured_media":37438,"comment_status":"open","ping_status":"open","sticky":false,"template":"","format":"standard","meta":{"footnotes":""},"categories":[3926,3925,333,20],"tags":[1277,130,10,725,57,336,5864,59,1063,16,128,85,2733,3694,888,116,817,2239,1034,256,2567,1085,4070,3387,99],"news-destination":[3944],"news-source":[475],"is_homepage":[],"ta_other":[],"class_list":["post-37437","post","type-post","status-publish","format-standard","has-post-thumbnail","hentry","category-accueil-merge","category-accueil-third","category-environnement","category-societe","tag-animations","tag-ateliers","tag-bouches-du-rhone","tag-dechets","tag-enfants","tag-ete","tag-faune-aquatique","tag-jeunes","tag-jeunesse","tag-marseille","tag-mediterranee","tag-mer","tag-oceans","tag-plage","tag-plages","tag-pollution","tag-proprete","tag-recyclage","tag-reportage","tag-sante","tag-seniors","tag-sensibilisation","tag-tri","tag-tri-selectif","tag-ville-de-marseille","news-destination-homepage","news-source-website"],"_links":{"self":[{"href":"https:\/\/euapp01.newsmemory.com\/lamarseillaise\/news\/wp-json\/wp\/v2\/posts\/37437","targetHints":{"allow":["GET"]}}],"collection":[{"href":"https:\/\/euapp01.newsmemory.com\/lamarseillaise\/news\/wp-json\/wp\/v2\/posts"}],"about":[{"href":"https:\/\/euapp01.newsmemory.com\/lamarseillaise\/news\/wp-json\/wp\/v2\/types\/post"}],"author":[{"embeddable":true,"href":"https:\/\/euapp01.newsmemory.com\/lamarseillaise\/news\/wp-json\/wp\/v2\/users\/1"}],"replies":[{"embeddable":true,"href":"https:\/\/euapp01.newsmemory.com\/lamarseillaise\/news\/wp-json\/wp\/v2\/comments?post=37437"}],"version-history":[{"count":1,"href":"https:\/\/euapp01.newsmemory.com\/lamarseillaise\/news\/wp-json\/wp\/v2\/posts\/37437\/revisions"}],"predecessor-version":[{"id":37439,"href":"https:\/\/euapp01.newsmemory.com\/lamarseillaise\/news\/wp-json\/wp\/v2\/posts\/37437\/revisions\/37439"}],"wp:featuredmedia":[{"embeddable":true,"href":"https:\/\/euapp01.newsmemory.com\/lamarseillaise\/news\/wp-json\/wp\/v2\/media\/37438"}],"wp:attachment":[{"href":"https:\/\/euapp01.newsmemory.com\/lamarseillaise\/news\/wp-json\/wp\/v2\/media?parent=37437"}],"wp:term":[{"taxonomy":"category","embeddable":true,"href":"https:\/\/euapp01.newsmemory.com\/lamarseillaise\/news\/wp-json\/wp\/v2\/categories?post=37437"},{"taxonomy":"post_tag","embeddable":true,"href":"https:\/\/euapp01.newsmemory.com\/lamarseillaise\/news\/wp-json\/wp\/v2\/tags?post=37437"},{"taxonomy":"news-destination","embeddable":true,"href":"https:\/\/euapp01.newsmemory.com\/lamarseillaise\/news\/wp-json\/wp\/v2\/news-destination?post=37437"},{"taxonomy":"news-source","embeddable":true,"href":"https:\/\/euapp01.newsmemory.com\/lamarseillaise\/news\/wp-json\/wp\/v2\/news-source?post=37437"},{"taxonomy":"is_homepage","embeddable":true,"href":"https:\/\/euapp01.newsmemory.com\/lamarseillaise\/news\/wp-json\/wp\/v2\/is_homepage?post=37437"},{"taxonomy":"ta_other","embeddable":true,"href":"https:\/\/euapp01.newsmemory.com\/lamarseillaise\/news\/wp-json\/wp\/v2\/ta_other?post=37437"}],"curies":[{"name":"wp","href":"https:\/\/api.w.org\/{rel}","templated":true}]}}