{"id":37434,"date":"2026-07-25T08:40:00","date_gmt":"2026-07-25T06:40:00","guid":{"rendered":"https:\/\/euapp01.newsmemory.com\/lamarseillaise\/news\/?p=37434"},"modified":"2026-07-31T07:46:50","modified_gmt":"2026-07-31T05:46:50","slug":"le-feu-des-hautes-alpes-gagne-du-terrain","status":"publish","type":"post","link":"https:\/\/euapp01.newsmemory.com\/lamarseillaise\/news\/2026\/07\/25\/le-feu-des-hautes-alpes-gagne-du-terrain\/","title":{"rendered":"Le feu des Hautes-Alpes gagne du terrain"},"content":{"rendered":"<div class=\"paragraph\">\n<p>Alors que le pr\u00e9fet des Hautes-Alpes disait le feu \u00ab\u00a0<i>contenu<\/i><i>\u00a0<\/i>\u00bb jeudi, l\u2019incendie du secteur du Bois Noir a tr\u00e8s rapidement progress\u00e9 et pratiquement doubl\u00e9 de volume, vendredi, \u00ab\u00a0<i>pouss\u00e9 par des vents forts<\/i><i>\u00a0<\/i>\u00bb. \u00ab\u00a0<i>C\u2019\u00e9tait une journ\u00e9e charni\u00e8re, il fallait absolument tenir aujourd\u2019hui<\/i><i>\u00a0<\/i>\u00bb, a d\u00e9clar\u00e9 le pr\u00e9fet vendredi soir, alors que Ya\u00ebl Braun-Pivet, pr\u00e9sidente de l\u2019Assembl\u00e9e nationale, s\u2019est rendue sur place. \u00ab\u00a0<i>Les conditions \u00e9taient particuli\u00e8rement d\u00e9favorables<\/i><i>\u00a0<\/i><i>: hier, alors que le vent se tassait en fin de journ\u00e9e habituellement, il a continu\u00e9 de souffler toute la nuit, attisant les flammes.<\/i><i>\u00a0<\/i>\u00bb 260\u00a0personnels \u00e9taient mobilis\u00e9s vendredi soir, dont 90\u00a0sapeurs-pompiers des Hautes-Alpes, renforc\u00e9s par des moyens extra-d\u00e9partementaux, 77\u00a0militaires et 70\u00a0engins.<\/p>\n<p>\u00ab\u00a0<i>Une vraie fourmili\u00e8re s\u2019active autour de l\u2019incendie depuis plusieurs jours. <\/i><i>Le d\u00e9tachement d\u2019intervention sp\u00e9cialis\u00e9 (DIS) poursuit la progression \u00e0 pied, avec plusieurs dizaines de kilos de mat\u00e9riel sur le dos<\/i><i>\u00a0<\/i>\u00bb, ont indiqu\u00e9 les sapeurs-pompiers des Hautes-Alpes. \u00ab\u00a0<i>Leur mission<\/i><i>\u00a0<\/i><i>: atteindre les zones difficiles d\u2019acc\u00e8s, ouvrir des cheminements, d\u00e9ployer des centaines de m\u00e8tres de tuyaux&#8230; Pendant des heures, ils \u00e9voluent dans la fum\u00e9e, la chaleur et un relief particuli\u00e8rement exigeant.<\/i><i>\u00a0<\/i>\u00bb Le SDIS\u00a005 compte 92\u00a0sapeurs-pompiers dans ce d\u00e9tachement d\u2019intervention sp\u00e9cialis\u00e9.<\/p>\n<\/p><\/div>\n<div class=\"intext\"> \u00ab\u00a0La situation aurait d\u00fb \u00eatre anticip\u00e9e\u00a0\u00bb\n              <\/div>\n<div class=\"paragraph\">\n<p>Dans un communiqu\u00e9 diffus\u00e9 vendredi, c\u2019est au tour des communistes de d\u00e9plorer la gestion de cet incendie et les d\u00e9lais d\u2019intervention. \u00ab\u00a0<i>La situation aurait d\u00fb \u00eatre anticip\u00e9e<\/i>, regrette Sophie Delfino, secr\u00e9taire d\u00e9partementale du PCF. <i>On trouve des moyens quasi illimit\u00e9s pour la guerre, mais pas pour l\u2019Office national des for\u00eats, pas pour les pompiers qui subissent une situation catastrophique et sont emp\u00each\u00e9s de remplir leur mission, pas pour les collectivit\u00e9s locales et les maires se trouvent d\u00e9munis face \u00e0 cette situation.<\/i><i>\u00a0<\/i>\u00bb<\/p>\n<\/p><\/div>\n","protected":false},"excerpt":{"rendered":"Alors que le pr&eacute;fet des Hautes-Alpes disait le feu &laquo;&nbsp;contenu&nbsp;&raquo; jeudi, l&rsquo;incendie du secteur du Bois Noir a tr&egrave;s rapidement progress&eacute; et pratiquement doubl&eacute; de volume, vendredi, &#8230;","protected":false},"author":1,"featured_media":37435,"comment_status":"open","ping_status":"open","sticky":false,"template":"","format":"standard","meta":{"footnotes":""},"categories":[3926,3925,333,20],"tags":[4768,26,318,4015,6036,1353,319,1396,320,1131,2222,1674,5879,51],"news-destination":[3944],"news-source":[475],"is_homepage":[],"ta_other":[],"class_list":["post-37434","post","type-post","status-publish","format-standard","has-post-thumbnail","hentry","category-accueil-merge","category-accueil-third","category-environnement","category-societe","tag-alpes","tag-environnement","tag-feu","tag-feux-de-foret","tag-flammes","tag-helicoptere","tag-incendie","tag-incendies","tag-pompiers","tag-prefecture","tag-renforts","tag-sapeurs-pompiers","tag-sdis","tag-societe","news-destination-homepage","news-source-website"],"_links":{"self":[{"href":"https:\/\/euapp01.newsmemory.com\/lamarseillaise\/news\/wp-json\/wp\/v2\/posts\/37434","targetHints":{"allow":["GET"]}}],"collection":[{"href":"https:\/\/euapp01.newsmemory.com\/lamarseillaise\/news\/wp-json\/wp\/v2\/posts"}],"about":[{"href":"https:\/\/euapp01.newsmemory.com\/lamarseillaise\/news\/wp-json\/wp\/v2\/types\/post"}],"author":[{"embeddable":true,"href":"https:\/\/euapp01.newsmemory.com\/lamarseillaise\/news\/wp-json\/wp\/v2\/users\/1"}],"replies":[{"embeddable":true,"href":"https:\/\/euapp01.newsmemory.com\/lamarseillaise\/news\/wp-json\/wp\/v2\/comments?post=37434"}],"version-history":[{"count":1,"href":"https:\/\/euapp01.newsmemory.com\/lamarseillaise\/news\/wp-json\/wp\/v2\/posts\/37434\/revisions"}],"predecessor-version":[{"id":37436,"href":"https:\/\/euapp01.newsmemory.com\/lamarseillaise\/news\/wp-json\/wp\/v2\/posts\/37434\/revisions\/37436"}],"wp:featuredmedia":[{"embeddable":true,"href":"https:\/\/euapp01.newsmemory.com\/lamarseillaise\/news\/wp-json\/wp\/v2\/media\/37435"}],"wp:attachment":[{"href":"https:\/\/euapp01.newsmemory.com\/lamarseillaise\/news\/wp-json\/wp\/v2\/media?parent=37434"}],"wp:term":[{"taxonomy":"category","embeddable":true,"href":"https:\/\/euapp01.newsmemory.com\/lamarseillaise\/news\/wp-json\/wp\/v2\/categories?post=37434"},{"taxonomy":"post_tag","embeddable":true,"href":"https:\/\/euapp01.newsmemory.com\/lamarseillaise\/news\/wp-json\/wp\/v2\/tags?post=37434"},{"taxonomy":"news-destination","embeddable":true,"href":"https:\/\/euapp01.newsmemory.com\/lamarseillaise\/news\/wp-json\/wp\/v2\/news-destination?post=37434"},{"taxonomy":"news-source","embeddable":true,"href":"https:\/\/euapp01.newsmemory.com\/lamarseillaise\/news\/wp-json\/wp\/v2\/news-source?post=37434"},{"taxonomy":"is_homepage","embeddable":true,"href":"https:\/\/euapp01.newsmemory.com\/lamarseillaise\/news\/wp-json\/wp\/v2\/is_homepage?post=37434"},{"taxonomy":"ta_other","embeddable":true,"href":"https:\/\/euapp01.newsmemory.com\/lamarseillaise\/news\/wp-json\/wp\/v2\/ta_other?post=37434"}],"curies":[{"name":"wp","href":"https:\/\/api.w.org\/{rel}","templated":true}]}}