{"id":37431,"date":"2026-07-25T08:48:00","date_gmt":"2026-07-25T06:48:00","guid":{"rendered":"https:\/\/euapp01.newsmemory.com\/lamarseillaise\/news\/?p=37431"},"modified":"2026-07-29T07:10:24","modified_gmt":"2026-07-29T05:10:24","slug":"la-tournee-dete-la-marseillaise-celebre-michel-berger-a-septemes-les-vallons","status":"publish","type":"post","link":"https:\/\/euapp01.newsmemory.com\/lamarseillaise\/news\/2026\/07\/25\/la-tournee-dete-la-marseillaise-celebre-michel-berger-a-septemes-les-vallons\/","title":{"rendered":"La tourn\u00e9e d\u2019\u00e9t\u00e9 La Marseillaise c\u00e9l\u00e8bre Michel Berger \u00e0 Sept\u00e8mes-les-Vallons"},"content":{"rendered":"<div class=\"paragraph\">\n<p>\u00ab <i>O<\/i><i>n fait un panorama des musiques de Michel Berger extraites de ses albums studio, live, et de celles qu\u2019il a \u00e9crites pour d\u2019autres aussi<\/i>\u00a0\u00bb, explique Arnaud de Maria, chanteur-pianiste, fan de Michel Berger depuis son plus jeune \u00e2ge. Le groupe Tribute \u00e0 Michel Berger se produira \u00e0 Sept\u00e8mes-les-Vallons \u00e0 21h40, ce 26\u00a0juillet. Au cours de la m\u00eame soir\u00e9e, l\u2019humoriste Kamel montera sur sc\u00e8ne \u00e0 partir de 20h45, tandis que le DJ Herbie Lite prendra le relais \u00e0 partir de 23h.<\/p>\n<p>Michel Berger, mort brutalement en 1992, est un \u00ab\u00a0<i>pr\u00e9curseur<\/i>\u00a0\u00bb, \u00ab\u00a0<i>le cr\u00e9ateur du premier op\u00e9ra-rock<\/i>\u00a0\u00bb, <i>Starmania<\/i>, rappelle Arnaud de Maria. Accompagn\u00e9 de son groupe, avec Emmanuel Castets \u00e0 la guitare, Christophe Touzier au clavier, Bruno Perez \u00e0 la basse, Wilfrid Soliwada \u00e0 la batterie et Philippe Gambini comme ing\u00e9nieur du son, il compte bien mettre en avant sa \u00ab\u00a0<i>passion musicale<\/i>\u00a0\u00bb pour cet artiste, \u00ab\u00a0<i>pilier de la musique fran\u00e7aise<\/i>\u00a0\u00bb.<\/p>\n<p><b>Immersion<\/b><\/p>\n<p>\u00ab\u00a0<i>Pour moi, \u201cQuelques mots d\u2019amour\u201d est l\u2019un de ses chefs-d\u2019\u0153uvre<\/i>\u00a0\u00bb, atteste Arnaud de Maria. Enregistr\u00e9e sur le cinqui\u00e8me album de Michel Berger, <i>Beaus\u00e9jour<\/i>, en 1980, cette chanson \u00e9voque la solitude amoureuse. Ce qui marque le plus le chanteur-pianiste du tribute \u00e0 Michel Berger, c\u2019est \u00ab\u00a0<i>l\u2019harmonie musicale qui en ressort<\/i>\u00a0\u00bb.<\/p>\n<p>Les concerts rendant hommage \u00e0 des artistes permettent de \u00ab\u00a0<i>se tourner vers le pass\u00e9, quand l\u2019avenir n\u2019est pas tr\u00e8s rose<\/i>\u00a0\u00bb, juge Arnaud de Maria. D\u2019apr\u00e8s lui, lorsque l\u2019hommage est bien fait, \u00ab\u00a0<i>les gens sont en immersion, ils demandent des photos, on signe des autographes, comme si on \u00e9tait le chanteur lui-m\u00eame<\/i>\u00a0\u00bb. En jouant sur la nostalgie, le public se r\u00e9unit autour de la musique. \u00ab\u00a0<i><span class=\"mln_uppercase_mln\">\u00e7<\/span><\/i><i>a fait du bien aux gens<\/i>\u00a0\u00bb, r\u00e9agit-il.<\/p>\n<p>Le concert Tribute \u00e0 Michel Berger ne sera pas le seul spectacle hommage de la tourn\u00e9e d\u2019\u00e9t\u00e9 La\u00a0Marseillaise. Lundi 3\u00a0ao\u00fbt, \u00e0 l\u2019Estaque, le groupe Fahrenheit rendra hommage aux musiques des ann\u00e9es\u00a080, MagicQueen interpr\u00e9tera des chansons du groupe Queen le 12\u00a0ao\u00fbt \u00e0 Martigues, et Get the Beatles Back se produira le vendredi 28\u00a0ao\u00fbt, \u00e0 Marseille.<\/p>\n<p><b><span class=\"mln_small-caps_mln\">Gabrielle Cartellier<\/span><\/b><\/p>\n<p><i><span class=\"mln_uppercase_mln\">D<\/span><\/i><i>imanche d\u00e8s<\/i><i><span class=\"mln_uppercase_mln\"> <\/span><\/i><i>20h, parking du Vallon du Maire, \u00e0 Sept\u00e8mes-les-Vallons. Entr\u00e9e gratuite. <\/i><\/p>\n<\/p><\/div>\n","protected":false},"excerpt":{"rendered":"&laquo; On fait un panorama des musiques de Michel Berger extraites de ses albums studio, live, et de celles qu&rsquo;il a &eacute;crites pour d&rsquo;autres aussi&nbsp;&raquo;, explique Arnaud de Maria, chanteur-pianiste, fan de Michel Berger &#8230;","protected":false},"author":1,"featured_media":37432,"comment_status":"open","ping_status":"open","sticky":false,"template":"","format":"standard","meta":{"footnotes":""},"categories":[3923,3926,32],"tags":[10,327,34,400,1138,1083,389,325,1324,1251,1258,2047,1137,1279],"news-destination":[3944],"news-source":[475],"is_homepage":[],"ta_other":[],"class_list":["post-37431","post","type-post","status-publish","format-standard","has-post-thumbnail","hentry","category-accueil-first","category-accueil-merge","category-culture","tag-bouches-du-rhone","tag-chanson-francaise","tag-concert","tag-concerts","tag-festivites","tag-gratuit","tag-hommage","tag-musique","tag-piano","tag-pop","tag-rock","tag-septemes-les-vallons","tag-spectacles","tag-tournee-dete-la-marseillaise","news-destination-homepage","news-source-website"],"_links":{"self":[{"href":"https:\/\/euapp01.newsmemory.com\/lamarseillaise\/news\/wp-json\/wp\/v2\/posts\/37431","targetHints":{"allow":["GET"]}}],"collection":[{"href":"https:\/\/euapp01.newsmemory.com\/lamarseillaise\/news\/wp-json\/wp\/v2\/posts"}],"about":[{"href":"https:\/\/euapp01.newsmemory.com\/lamarseillaise\/news\/wp-json\/wp\/v2\/types\/post"}],"author":[{"embeddable":true,"href":"https:\/\/euapp01.newsmemory.com\/lamarseillaise\/news\/wp-json\/wp\/v2\/users\/1"}],"replies":[{"embeddable":true,"href":"https:\/\/euapp01.newsmemory.com\/lamarseillaise\/news\/wp-json\/wp\/v2\/comments?post=37431"}],"version-history":[{"count":1,"href":"https:\/\/euapp01.newsmemory.com\/lamarseillaise\/news\/wp-json\/wp\/v2\/posts\/37431\/revisions"}],"predecessor-version":[{"id":37433,"href":"https:\/\/euapp01.newsmemory.com\/lamarseillaise\/news\/wp-json\/wp\/v2\/posts\/37431\/revisions\/37433"}],"wp:featuredmedia":[{"embeddable":true,"href":"https:\/\/euapp01.newsmemory.com\/lamarseillaise\/news\/wp-json\/wp\/v2\/media\/37432"}],"wp:attachment":[{"href":"https:\/\/euapp01.newsmemory.com\/lamarseillaise\/news\/wp-json\/wp\/v2\/media?parent=37431"}],"wp:term":[{"taxonomy":"category","embeddable":true,"href":"https:\/\/euapp01.newsmemory.com\/lamarseillaise\/news\/wp-json\/wp\/v2\/categories?post=37431"},{"taxonomy":"post_tag","embeddable":true,"href":"https:\/\/euapp01.newsmemory.com\/lamarseillaise\/news\/wp-json\/wp\/v2\/tags?post=37431"},{"taxonomy":"news-destination","embeddable":true,"href":"https:\/\/euapp01.newsmemory.com\/lamarseillaise\/news\/wp-json\/wp\/v2\/news-destination?post=37431"},{"taxonomy":"news-source","embeddable":true,"href":"https:\/\/euapp01.newsmemory.com\/lamarseillaise\/news\/wp-json\/wp\/v2\/news-source?post=37431"},{"taxonomy":"is_homepage","embeddable":true,"href":"https:\/\/euapp01.newsmemory.com\/lamarseillaise\/news\/wp-json\/wp\/v2\/is_homepage?post=37431"},{"taxonomy":"ta_other","embeddable":true,"href":"https:\/\/euapp01.newsmemory.com\/lamarseillaise\/news\/wp-json\/wp\/v2\/ta_other?post=37431"}],"curies":[{"name":"wp","href":"https:\/\/api.w.org\/{rel}","templated":true}]}}