{"id":37428,"date":"2026-07-25T08:36:00","date_gmt":"2026-07-25T06:36:00","guid":{"rendered":"https:\/\/euapp01.newsmemory.com\/lamarseillaise\/news\/?p=37428"},"modified":"2026-07-25T10:27:22","modified_gmt":"2026-07-25T08:27:22","slug":"tour-de-france-tadej-pogacar-se-rapproche-dune-cinquieme-couronne","status":"publish","type":"post","link":"https:\/\/euapp01.newsmemory.com\/lamarseillaise\/news\/2026\/07\/25\/tour-de-france-tadej-pogacar-se-rapproche-dune-cinquieme-couronne\/","title":{"rendered":"[Tour de France] Tadej Pogacar se rapproche d\u2019une cinqui\u00e8me couronne"},"content":{"rendered":"<div class=\"paragraph\">\n<p>Personne ne peut rivaliser avec lui lorsqu\u2019il \u00e9volue au sommet de son art. Au c\u0153ur d\u2019une foule immense, Tadej Pogacar a effac\u00e9 un retard de 3 min 30 au pied de l\u2019ultime ascension pour avaler ses adversaires un \u00e0 un et d\u00e9crocher sa 26<sup>e<\/sup>\u00a0victoire d\u2019\u00e9tape sur le Tour de France, la premi\u00e8re de sa carri\u00e8re \u00e0 l\u2019Alpe d\u2019Huez.<\/p>\n<p>\u00ab<i>\u00a0<\/i><i>C\u2019est vraiment cool de gagner ici<\/i><i>\u00a0<\/i>\u00bb, lance-t-il.<i> <\/i>\u00ab<i>\u00a0<\/i><i>L\u2019atmosph\u00e8re \u00e9tait folle pendant toute la mont\u00e9e et c\u2019est gr\u00e2ce \u00e0 toute l\u2019\u00e9quipe que j\u2019ai pu la pousser au fond \u00e0 l\u2019arriv\u00e9e. Je courais pour mes co\u00e9quipiers aujourd\u2019hui, je suis vraiment content de gagner. Quand j\u2019ai entendu que certains coureurs l\u00e2chaient au moment o\u00f9 Felix (Grosschartner) imprimait un gros rythme au pied de la mont\u00e9e, je savais qu\u2019on allait y aller \u00e0 fond pendant toute l\u2019ascension parce que l\u2019\u00e9chapp\u00e9e \u00e9tait super forte. Au pied, dans les premiers kilom\u00e8tres, j\u2019avais de bonnes jambes et il ne restait pas beaucoup de gars qui auraient pu suivre donc j\u2019y suis all\u00e9. J\u2019y suis all\u00e9 \u00e0 fond jusqu\u2019au sommet, avec Adam (Yates) au milieu qui m\u2019a donn\u00e9 du boost, je suis tr\u00e8s heureux qu\u2019il soit de retour.<\/i><i>\u00a0<\/i>\u00bb<i><\/i><\/p>\n<p>Le Slov\u00e8ne a devanc\u00e9 le Fran\u00e7ais Lenny Martinez et l\u2019\u00c9quatorien Richard Carapaz de 6 et 9\u00a0secondes gr\u00e2ce \u00e0 une acc\u00e9l\u00e9ration foudroyante \u00e0 la flamme rouge. Les deux hommes ont pay\u00e9 leur exc\u00e8s de prudence, s\u2019\u00e9tant trop observ\u00e9s dans les derniers kilom\u00e8tres de l\u2019ascension.<\/p>\n<p>Derri\u00e8re, Remco Evenepoel a confort\u00e9 sa place de dauphin au classement g\u00e9n\u00e9ral en se d\u00e9tachant dans le final du groupe des pr\u00e9tendants au podium. Le Belge a termin\u00e9 \u00e0 2 min 29 du vainqueur, reprenant quelques secondes \u00e0 Isaac del Toro (2 min 41) et \u00e0 Paul Seixas (2 min 45).<\/p>\n<p>Au classement g\u00e9n\u00e9ral, Pogacar poss\u00e8de d\u00e9sormais 7\u00a0min 11 d\u2019avance sur Evenepoel, 9 min 42 sur Del Toro et 10 min 06 sur Seixas, \u00e0 la veille de l\u2019\u00e9tape-reine qui se conclura, elle aussi, \u00e0 l\u2019Alpe d\u2019Huez, cette fois apr\u00e8s le passage par le col de Sarenne.<\/p>\n<p>Lenny Martinez profite quant \u00e0 lui de son \u00e9chapp\u00e9e et de la d\u00e9faillance de Juan Ayuso, distanc\u00e9 d\u00e8s les premi\u00e8res pentes de l\u2019Alpe d\u2019Huez, pour gagner deux places et grimper au cinqui\u00e8me rang du classement g\u00e9n\u00e9ral, \u00e0 treize minutes du maillot jaune.<\/p>\n<p>Le grimpeur fran\u00e7ais pourra toutefois nourrir quelques regrets. Plus entreprenant dans l\u2019ascension finale, il aurait sans doute pu offrir \u00e0 la France sa premi\u00e8re victoire d\u2019\u00e9tape de cette 113<sup>e<\/sup>\u00a0\u00e9dition. Trop attentiste, Martinez s\u2019est content\u00e9 de r\u00e9pondre aux offensives de Richard Carapaz sans jamais prendre l\u2019initiative.<\/p>\n<p>Les deux hommes ont longtemps jou\u00e9 au chat et \u00e0 la souris, en compagnie de Sepp Kuss, auteur d\u2019une mont\u00e9e parfaitement ma\u00eetris\u00e9e. Le trio constituait la pointe d\u2019une \u00e9chapp\u00e9e de 42\u00a0coureurs partie sous un soleil radieux et port\u00e9e par un public venu en masse sur les pentes mythiques de l\u2019Alpe d\u2019Huez, en Is\u00e8re.<\/p>\n<p>Au pied de la mont\u00e9e finale, une douzaine d\u2019\u00e9chapp\u00e9es disposaient encore de 3 min 30 d\u2019avance sur le petit peloton du maillot jaune. D\u00e9termin\u00e9 \u00e0 inscrire son nom au palmar\u00e8s de l\u2019\u00e9tape, Pogacar est pass\u00e9 \u00e0 l\u2019offensive \u00e0 12 kilom\u00e8tres de l\u2019arriv\u00e9e. Le Slov\u00e8ne a alors commenc\u00e9 \u00e0 d\u00e9vorer les coureurs partis \u00e0 l\u2019avant, tel un Pac-Man jaune insatiable.<\/p>\n<p>Il s\u2019est d\u2019abord appuy\u00e9 sur son co\u00e9quipier Adam Yates, pr\u00e9sent dans l\u2019\u00e9chapp\u00e9e et visiblement remis de sa gastro-ent\u00e9rite, avant de poursuivre son effort en solitaire au milieu d\u2019une foule compacte pour aller chercher sa cinqui\u00e8me victoire d\u2019\u00e9tape dans ce Tour de France 2026.<\/p>\n<p>\u00ab<i>\u00a0<\/i><i>J\u2019ai d\u00fb me battre contre de tr\u00e8s bons coureurs mais ils se couraient apr\u00e8s \u00e0 la fin, \u00e7a m\u2019a permis de revenir et de remporter l\u2019\u00e9tape. Nous y allons \u00e9tape apr\u00e8s \u00e9tape, [samedi], c\u2019est l\u2019\u00e9tape reine du Tour et j\u2019esp\u00e8re que la derni\u00e8re \u00e9tape \u00e0 Paris sera une belle journ\u00e9e ensoleill\u00e9e. [Samedi] c\u2019est la journ\u00e9e la plus dure du Tour<\/i><i>\u00a0<\/i>\u00bb, pr\u00e9vient Pogacar, d\u00e9cid\u00e9 \u00e0 garder son maillot jaune jusqu\u2019au bout, et ainsi, d\u00e9crocher sa cinqui\u00e8me \u00e9toile.<\/p>\n<\/p><\/div>\n","protected":false},"excerpt":{"rendered":"Personne ne peut rivaliser avec lui lorsqu&rsquo;il &eacute;volue au sommet de son art. Au c&oelig;ur d&rsquo;une foule immense, Tadej Pogacar a effac&eacute; un retard de 3 min 30 au pied de l&rsquo;ultime ascension pour avaler ses adversaires un &#8230;","protected":false},"author":1,"featured_media":37429,"comment_status":"open","ping_status":"open","sticky":false,"template":"","format":"standard","meta":{"footnotes":""},"categories":[7],"tags":[1144,572,6165,3253],"news-destination":[],"news-source":[475],"is_homepage":[],"ta_other":[],"class_list":["post-37428","post","type-post","status-publish","format-standard","has-post-thumbnail","hentry","category-sports","tag-cyclisme","tag-france","tag-tadej-pogacar","tag-tour-de-france","news-source-website"],"_links":{"self":[{"href":"https:\/\/euapp01.newsmemory.com\/lamarseillaise\/news\/wp-json\/wp\/v2\/posts\/37428","targetHints":{"allow":["GET"]}}],"collection":[{"href":"https:\/\/euapp01.newsmemory.com\/lamarseillaise\/news\/wp-json\/wp\/v2\/posts"}],"about":[{"href":"https:\/\/euapp01.newsmemory.com\/lamarseillaise\/news\/wp-json\/wp\/v2\/types\/post"}],"author":[{"embeddable":true,"href":"https:\/\/euapp01.newsmemory.com\/lamarseillaise\/news\/wp-json\/wp\/v2\/users\/1"}],"replies":[{"embeddable":true,"href":"https:\/\/euapp01.newsmemory.com\/lamarseillaise\/news\/wp-json\/wp\/v2\/comments?post=37428"}],"version-history":[{"count":1,"href":"https:\/\/euapp01.newsmemory.com\/lamarseillaise\/news\/wp-json\/wp\/v2\/posts\/37428\/revisions"}],"predecessor-version":[{"id":37430,"href":"https:\/\/euapp01.newsmemory.com\/lamarseillaise\/news\/wp-json\/wp\/v2\/posts\/37428\/revisions\/37430"}],"wp:featuredmedia":[{"embeddable":true,"href":"https:\/\/euapp01.newsmemory.com\/lamarseillaise\/news\/wp-json\/wp\/v2\/media\/37429"}],"wp:attachment":[{"href":"https:\/\/euapp01.newsmemory.com\/lamarseillaise\/news\/wp-json\/wp\/v2\/media?parent=37428"}],"wp:term":[{"taxonomy":"category","embeddable":true,"href":"https:\/\/euapp01.newsmemory.com\/lamarseillaise\/news\/wp-json\/wp\/v2\/categories?post=37428"},{"taxonomy":"post_tag","embeddable":true,"href":"https:\/\/euapp01.newsmemory.com\/lamarseillaise\/news\/wp-json\/wp\/v2\/tags?post=37428"},{"taxonomy":"news-destination","embeddable":true,"href":"https:\/\/euapp01.newsmemory.com\/lamarseillaise\/news\/wp-json\/wp\/v2\/news-destination?post=37428"},{"taxonomy":"news-source","embeddable":true,"href":"https:\/\/euapp01.newsmemory.com\/lamarseillaise\/news\/wp-json\/wp\/v2\/news-source?post=37428"},{"taxonomy":"is_homepage","embeddable":true,"href":"https:\/\/euapp01.newsmemory.com\/lamarseillaise\/news\/wp-json\/wp\/v2\/is_homepage?post=37428"},{"taxonomy":"ta_other","embeddable":true,"href":"https:\/\/euapp01.newsmemory.com\/lamarseillaise\/news\/wp-json\/wp\/v2\/ta_other?post=37428"}],"curies":[{"name":"wp","href":"https:\/\/api.w.org\/{rel}","templated":true}]}}