{"id":37421,"date":"2026-07-25T08:29:00","date_gmt":"2026-07-25T06:29:00","guid":{"rendered":"https:\/\/euapp01.newsmemory.com\/lamarseillaise\/news\/?p=37421"},"modified":"2026-07-31T07:32:38","modified_gmt":"2026-07-31T05:32:38","slug":"entretien-philippe-rio-maire-pcf-de-grigny-essonne-les-maires-se-cognent-a-toutes-les-realites","status":"publish","type":"post","link":"https:\/\/euapp01.newsmemory.com\/lamarseillaise\/news\/2026\/07\/25\/entretien-philippe-rio-maire-pcf-de-grigny-essonne-les-maires-se-cognent-a-toutes-les-realites\/","title":{"rendered":"[Entretien] Philippe Rio, maire PCF de Grigny, Essonne : \u00ab&nbsp;Les maires se cognent \u00e0 toutes les r\u00e9alit\u00e9s&nbsp;\u00bb"},"content":{"rendered":"<div class=\"paragraph\">\n<p><b>La Marseillaise :<\/b> <b>Quel est l\u2019objectif de votre visite dans la r\u00e9gion ?<\/b><b><\/b><\/p>\n<p>Philippe Rio\u00a0: Je viens \u00e0 la rencontre de la Coop\u00e9rative des \u00e9lus communistes, r\u00e9publicains et citoyens des Bouches-du-Rh\u00f4ne, aujourd\u2019hui pr\u00e9sid\u00e9e par Paul Sabatino, maire (PCF) du Rove. J\u2019ai pr\u00e9vu une belle balade, qui passe par Le\u00a0Rove donc, mais aussi Aubagne, Belcod\u00e8ne, Sept\u00e8mes-les-Vallons, Marseille, Port-de-Bouc et Martigues. L\u2019objectif est d\u2019\u00e9changer et d\u2019apprendre avec l\u2019ensemble du r\u00e9seau de la coop\u00e9rative. Mon premier point sera de dire un grand bravo aux \u00e9lus communistes, r\u00e9publicains et citoyens. Alors que tout le monde s\u2019attendait \u00e0 une vague brune, ils sont parvenus \u00e0 maintenir leurs \u00e9lus et parfois m\u00eame \u00e0 en gagner, comme \u00e0 Aubagne, o\u00f9 la ville a rebascul\u00e9 \u00e0 gauche. Ils ont su s\u2019organiser et r\u00e9sister. Je suis donc venu m\u2019int\u00e9resser aux m\u00e9thodes qui ont permis \u00e0 notre vision de la justice sociale, de la solidarit\u00e9, et d\u2019une autre soci\u00e9t\u00e9, de continuer d\u2019exister. Ensuite, notre feuille de route est claire\u00a0: conforter le r\u00e9seau de la coop\u00e9rative, mais aussi se former \u00e0 la gestion communale et intercommunale, qui est complexe, en \u00e9changeant les uns avec les autres. L\u2019objectif est de r\u00e9fl\u00e9chir ensemble \u00e0 la meilleure fa\u00e7on de faire.<\/p>\n<p><b>La France est confront\u00e9e \u00e0 de violents incendies et les maires se retrouvent en premi\u00e8re ligne, m\u00eame si leurs comp\u00e9tences en la mati\u00e8re sont limit\u00e9es. Comptez-vous aborder cette question ? <\/b><b><\/b><\/p>\n<p>P.R. : Quoi qu\u2019il arrive, que ce soit la question des incendies ou n\u2019importe quelle autre, tout finit par atterrir sur les communes. Beaucoup de choses nous d\u00e9passent, le changement climatique en fait partie. Pour autant, on doit, l\u00e0 o\u00f9 nous sommes, comme de petits colibris, s\u2019attaquer \u00e0 la question de l\u2019att\u00e9nuation de nos \u00e9missions et en m\u00eame temps s\u2019adapter. Les communes, comme les maires, se cognent \u00e0 toutes les r\u00e9alit\u00e9s, y compris celles qui ne rel\u00e8vent pas juridiquement de leurs comp\u00e9tences. Nous percutons tous de plein fouet les cons\u00e9quences du changement climatique, et le bassin m\u00e9diterran\u00e9en d\u2019autant plus. Je suis pr\u00e9sident d\u2019un r\u00e9seau national et ce qui se passe aux quatre coins de la France me perturbe. L\u2019arc m\u00e9diterran\u00e9en est \u00e0 l\u2019avant-garde de ces questions, je suis donc aussi venu apprendre. Le r\u00e9seau des \u00e9lus de la coop\u00e9rative est aussi l\u00e0 pour \u00e7a\u00a0: r\u00e9colter l\u2019exp\u00e9rience des uns et des autres sur la gestion, anticiper les crises&#8230; Nous aussi, \u00e0 Grigny, \u00e0 quelques kilom\u00e8tres de Fontainebleau [o\u00f9 un feu a br\u00fbl\u00e9 2\u00a0200\u00a0hectares mi-juillet, Ndlr], avons besoin de savoir comment r\u00e9agir face au feu. De la m\u00eame mani\u00e8re, la gestion des p\u00e9riodes de forte chaleur est quelque chose que nous avons \u00e0 apprendre de la r\u00e9gion Sud\u00a0: comment adapter les \u00e9quipements publics, les \u00e9coles, les dortoirs dans les maternelles, les cr\u00e8ches, les Ehpad\u00a0? C\u2019est aussi \u00e0 \u00e7a que servent ces rencontres car nous, dans le nord, nous ne savons pas comment faire.<\/p>\n<p><b>Vous vous \u00eates r\u00e9cemment exprim\u00e9 sur le Pass Sport, qui devait \u00eatre r\u00e9tabli \u00e0 la rentr\u00e9e pour les 6-13 ans. Quelle est votre position<\/b><b>\u00a0<\/b><b>?<\/b><\/p>\n<p>P.R. : Le Pass Sport \u00e9tait une mesure simple, populaire, de pouvoir d\u2019achat [aide financi\u00e8re \u00e0 destination des familles pour l\u2019inscription de leurs enfants \u00e0 une structure sportive, Ndlr]. L\u2019aide avait \u00e9t\u00e9 retir\u00e9e pour les 6-13 ans l\u2019an pass\u00e9, mais on nous avait promis un retour cette ann\u00e9e. Et on apprend qu\u2019\u00e0 quelques semaines de la rentr\u00e9e, rien n\u2019est pr\u00eat. Le gouvernement est en train de retirer quelque chose qui commen\u00e7ait \u00e0 bien fonctionner. C\u2019est un outil pr\u00e9cieux, notamment pour les familles nombreuses, qui n\u2019ont plus \u00e0 choisir quel enfant elles inscrivent au sport, sachant que, souvent, les gar\u00e7ons sont privil\u00e9gi\u00e9s. Dans ma commune, le dispositif a permis une augmentation d\u2019inscription de 40% chez les filles.<\/p>\n<\/p><\/div>\n","protected":false},"excerpt":{"rendered":"La Marseillaise : Quel est l&rsquo;objectif de votre visite dans la r&eacute;gion ?","protected":false},"author":1,"featured_media":37422,"comment_status":"open","ping_status":"open","sticky":false,"template":"","format":"standard","meta":{"footnotes":""},"categories":[3926,3925,330],"tags":[10,207,465,3040,343,1396,1654,2161,623,250,6164,698,260,394],"news-destination":[3944],"news-source":[475],"is_homepage":[],"ta_other":[],"class_list":["post-37421","post","type-post","status-publish","format-standard","has-post-thumbnail","hentry","category-accueil-merge","category-accueil-third","category-politique","tag-bouches-du-rhone","tag-changement-climatique","tag-communistes","tag-cooperative","tag-entretien","tag-incendies","tag-le-rove","tag-maires","tag-parti-communiste","tag-pcf","tag-philippe-rio","tag-rencontre","tag-solidarite","tag-sport","news-destination-homepage","news-source-website"],"_links":{"self":[{"href":"https:\/\/euapp01.newsmemory.com\/lamarseillaise\/news\/wp-json\/wp\/v2\/posts\/37421","targetHints":{"allow":["GET"]}}],"collection":[{"href":"https:\/\/euapp01.newsmemory.com\/lamarseillaise\/news\/wp-json\/wp\/v2\/posts"}],"about":[{"href":"https:\/\/euapp01.newsmemory.com\/lamarseillaise\/news\/wp-json\/wp\/v2\/types\/post"}],"author":[{"embeddable":true,"href":"https:\/\/euapp01.newsmemory.com\/lamarseillaise\/news\/wp-json\/wp\/v2\/users\/1"}],"replies":[{"embeddable":true,"href":"https:\/\/euapp01.newsmemory.com\/lamarseillaise\/news\/wp-json\/wp\/v2\/comments?post=37421"}],"version-history":[{"count":1,"href":"https:\/\/euapp01.newsmemory.com\/lamarseillaise\/news\/wp-json\/wp\/v2\/posts\/37421\/revisions"}],"predecessor-version":[{"id":37423,"href":"https:\/\/euapp01.newsmemory.com\/lamarseillaise\/news\/wp-json\/wp\/v2\/posts\/37421\/revisions\/37423"}],"wp:featuredmedia":[{"embeddable":true,"href":"https:\/\/euapp01.newsmemory.com\/lamarseillaise\/news\/wp-json\/wp\/v2\/media\/37422"}],"wp:attachment":[{"href":"https:\/\/euapp01.newsmemory.com\/lamarseillaise\/news\/wp-json\/wp\/v2\/media?parent=37421"}],"wp:term":[{"taxonomy":"category","embeddable":true,"href":"https:\/\/euapp01.newsmemory.com\/lamarseillaise\/news\/wp-json\/wp\/v2\/categories?post=37421"},{"taxonomy":"post_tag","embeddable":true,"href":"https:\/\/euapp01.newsmemory.com\/lamarseillaise\/news\/wp-json\/wp\/v2\/tags?post=37421"},{"taxonomy":"news-destination","embeddable":true,"href":"https:\/\/euapp01.newsmemory.com\/lamarseillaise\/news\/wp-json\/wp\/v2\/news-destination?post=37421"},{"taxonomy":"news-source","embeddable":true,"href":"https:\/\/euapp01.newsmemory.com\/lamarseillaise\/news\/wp-json\/wp\/v2\/news-source?post=37421"},{"taxonomy":"is_homepage","embeddable":true,"href":"https:\/\/euapp01.newsmemory.com\/lamarseillaise\/news\/wp-json\/wp\/v2\/is_homepage?post=37421"},{"taxonomy":"ta_other","embeddable":true,"href":"https:\/\/euapp01.newsmemory.com\/lamarseillaise\/news\/wp-json\/wp\/v2\/ta_other?post=37421"}],"curies":[{"name":"wp","href":"https:\/\/api.w.org\/{rel}","templated":true}]}}