{"id":37418,"date":"2026-07-25T08:23:00","date_gmt":"2026-07-25T06:23:00","guid":{"rendered":"https:\/\/euapp01.newsmemory.com\/lamarseillaise\/news\/?p=37418"},"modified":"2026-07-31T07:17:22","modified_gmt":"2026-07-31T05:17:22","slug":"a-marseille-la-renaturation-du-parc-de-bonneveine-tourne-a-labattage","status":"publish","type":"post","link":"https:\/\/euapp01.newsmemory.com\/lamarseillaise\/news\/2026\/07\/25\/a-marseille-la-renaturation-du-parc-de-bonneveine-tourne-a-labattage\/","title":{"rendered":"\u00c0 Marseille, la renaturation du parc de Bonneveine&nbsp; tourne \u00e0 l\u2019abattage"},"content":{"rendered":"<div class=\"paragraph\">\n<p>Des riverains d\u00e9noncent la conduite non ma\u00eetris\u00e9e du chantier de r\u00e9novation et de renaturation lanc\u00e9, en septembre dernier, du parc central de Bonneveine, avenue de Hambourg, 8<sup>e<\/sup>, et de la promenade de la Sarette. L\u2019op\u00e9ration s\u2019accompagne, selon eux, de destruction injustifi\u00e9e d\u2019arbres.<\/p>\n<p>Lanc\u00e9 en septembre dernier, le march\u00e9 de travaux pr\u00e9voit la plantation de 70\u00a0arbres, la cr\u00e9ation de jeux, l\u2019agrandissement de 5\u00a0000\u00a0m<sup>2<\/sup> gagn\u00e9 sur l\u2019ancien gymnase et la r\u00e9novation de l\u2019\u00e9clairage, pour un co\u00fbt annonc\u00e9 de 2,4\u00a0millions d\u2019euros. \u00ab\u00a0<i>Depuis quatre<\/i><i>\u00a0<\/i><i>mois, tout est \u00e0 l\u2019arr\u00eat sans raison valable, <\/i>constate J\u00e9r\u00f4me Nardi, du collectif.<i> Et la circulation le long du chemin de la Sarette est bloqu\u00e9e par des barri\u00e8res de s\u00e9curit\u00e9. On prend en otage les usagers du parc en pleine canicule.<\/i><i>\u00a0<\/i>\u00bb<\/p>\n<p>\u00ab\u00a0<i>Quatre<\/i><i>\u00a0<\/i><i>arbres de 50<\/i><i>\u00a0<\/i><i>ans sont tomb\u00e9s \u00e0 la suite de l<\/i><i>\u2019arrachage des pav\u00e9s qui habillaient les parois des crat\u00e8res. Cela a d\u00e9stabilis\u00e9 leur syst\u00e8me racinaire. Six autres ont \u00e9t\u00e9 abattus sans pr\u00e9caution et 32<\/i><i>\u00a0<\/i><i>autres arbres sont menac\u00e9s de destruction, dont 24<\/i><i>\u00a0<\/i><i>dans la pin\u00e8de<\/i><i>\u00a0<\/i>\u00bb, explique Alain Senentz, qui montre comment le creusement de tranch\u00e9es \u00e0 la tractopelle a endommag\u00e9 des sujets. \u00ab\u00a0<i>En f\u00e9vrier, un tr\u00e8s gros pin de la place centrale s\u2019est effondr\u00e9 peu apr\u00e8s que des tranch\u00e9es d\u2019un m\u00e8tre de profondeur ont \u00e9t\u00e9 creus\u00e9es \u00e0 proximit\u00e9 pour passer le nouveau c\u00e2blage des lampadaires.<\/i><i>\u00a0<\/i>\u00bb<\/p>\n<\/p><\/div>\n<div class=\"intext\"> Le soutien de France Nature Environnement\n              <\/div>\n<div class=\"paragraph\">\n<p>La p\u00e9tition du collectif a d\u00e9j\u00e0 obtenu 1\u00a0500\u00a0signatures et r\u00e9clame le red\u00e9marrage du chantier avec des mesures \u00ab\u00a0<i>pour prot\u00e9ger les arbres restants en instaurant des m\u00e9thodes de travail qui pr\u00e9servent l\u2019environnement et \u00e9vitent de renouveler les erreurs pass\u00e9es<\/i>\u00a0\u00bb. Ils demandent de la transparence sur les expertises techniques &#8211;\u00a0et notamment le rapport complet de l\u2019Office national des for\u00eats (ONF)\u00a0&#8211; qui fondent les d\u00e9cisions d\u2019abattre les arbres. Au vu de \u00ab\u00a0<i>la <\/i><i>fuite permanente devant les demandes d\u2019explication<\/i><i>\u00a0<\/i>\u00bb, le silence de la mairie centrale et celle de secteur devant laquelle ils ont d\u00fb faire un sit-in pour \u00eatre re\u00e7us, le collectif s\u2019est r\u00e9solu \u00e0 aller au contentieux. D\u00e9fendu par M<sup>e<\/sup>\u00a0S\u00e9bastien Barles (ancien adjoint de Beno\u00eet Payan en charge de la transition \u00e9cologique), il va assigner, la semaine prochaine, la Ville en r\u00e9f\u00e9r\u00e9 devant le tribunal administratif.<\/p>\n<p>Vendredi, Richard Hardouin, pr\u00e9sident de France nature Environnement (FNE), \u00e9tait \u00e0 leur c\u00f4t\u00e9\u00a0: \u00ab\u00a0<i>Nous allons accompagner le groupe de nouveaux adh\u00e9rents de FNE<\/i><i>\u00a0<\/i><i>13 du Parc Bonneveine dans le but de cr\u00e9er une instance d\u2019\u00e9change avec la mairie et, si \u00e7a n\u2019aboutit pas, nous agirons en justice.<\/i><i>\u00a0<\/i>\u00bb Sa visite est \u00e9difiante. \u00ab\u00a0<i>Non, l\u00e0, il n\u2019y a rien qui justifie la coupe de cet arbre qui doit \u00eatre conserv\u00e9<\/i><i>\u00a0<\/i><i>! Ce crat\u00e8re-l\u00e0 ne n\u00e9cessite pas d\u2019\u00eatre touch\u00e9. Il doit rester en l\u2019\u00e9tat<\/i><i>\u00a0<\/i>\u00bb, tonne le militant, visiblement tr\u00e8s m\u00e9content. Elisabeth Parisot lui montre le grand pin qui est tomb\u00e9 sur le grillage de la r\u00e9sidence Le\u00a0V\u00e9ronese et qui est rest\u00e9 en place avec les autres.<\/p>\n<\/p><\/div>\n","protected":false},"excerpt":{"rendered":"Des riverains d&eacute;noncent la conduite non ma&icirc;tris&eacute;e du chantier de r&eacute;novation et de renaturation lanc&eacute;, en septembre dernier, du parc central de Bonneveine, avenue de Hambourg, 8e, et de la promenade de la Sarette. &#8230;","protected":false},"author":1,"featured_media":37419,"comment_status":"open","ping_status":"open","sticky":false,"template":"","format":"standard","meta":{"footnotes":""},"categories":[3926,3925,333,20],"tags":[2605,10,1619,102,2823,2606,162,106,16,1923,3584,1525,1457,1121,1064,2377,166,99],"news-destination":[3944],"news-source":[475],"is_homepage":[],"ta_other":[],"class_list":["post-37418","post","type-post","status-publish","format-standard","has-post-thumbnail","hentry","category-accueil-merge","category-accueil-third","category-environnement","category-societe","tag-arbres","tag-bouches-du-rhone","tag-chantier","tag-collectif","tag-destruction","tag-espaces-verts","tag-expertise","tag-habitants","tag-marseille","tag-marseille-8e-arrondissement","tag-onf","tag-petition","tag-plantation","tag-renovation-urbaine","tag-riverains","tag-sebastien-barles","tag-travaux","tag-ville-de-marseille","news-destination-homepage","news-source-website"],"_links":{"self":[{"href":"https:\/\/euapp01.newsmemory.com\/lamarseillaise\/news\/wp-json\/wp\/v2\/posts\/37418","targetHints":{"allow":["GET"]}}],"collection":[{"href":"https:\/\/euapp01.newsmemory.com\/lamarseillaise\/news\/wp-json\/wp\/v2\/posts"}],"about":[{"href":"https:\/\/euapp01.newsmemory.com\/lamarseillaise\/news\/wp-json\/wp\/v2\/types\/post"}],"author":[{"embeddable":true,"href":"https:\/\/euapp01.newsmemory.com\/lamarseillaise\/news\/wp-json\/wp\/v2\/users\/1"}],"replies":[{"embeddable":true,"href":"https:\/\/euapp01.newsmemory.com\/lamarseillaise\/news\/wp-json\/wp\/v2\/comments?post=37418"}],"version-history":[{"count":1,"href":"https:\/\/euapp01.newsmemory.com\/lamarseillaise\/news\/wp-json\/wp\/v2\/posts\/37418\/revisions"}],"predecessor-version":[{"id":37420,"href":"https:\/\/euapp01.newsmemory.com\/lamarseillaise\/news\/wp-json\/wp\/v2\/posts\/37418\/revisions\/37420"}],"wp:featuredmedia":[{"embeddable":true,"href":"https:\/\/euapp01.newsmemory.com\/lamarseillaise\/news\/wp-json\/wp\/v2\/media\/37419"}],"wp:attachment":[{"href":"https:\/\/euapp01.newsmemory.com\/lamarseillaise\/news\/wp-json\/wp\/v2\/media?parent=37418"}],"wp:term":[{"taxonomy":"category","embeddable":true,"href":"https:\/\/euapp01.newsmemory.com\/lamarseillaise\/news\/wp-json\/wp\/v2\/categories?post=37418"},{"taxonomy":"post_tag","embeddable":true,"href":"https:\/\/euapp01.newsmemory.com\/lamarseillaise\/news\/wp-json\/wp\/v2\/tags?post=37418"},{"taxonomy":"news-destination","embeddable":true,"href":"https:\/\/euapp01.newsmemory.com\/lamarseillaise\/news\/wp-json\/wp\/v2\/news-destination?post=37418"},{"taxonomy":"news-source","embeddable":true,"href":"https:\/\/euapp01.newsmemory.com\/lamarseillaise\/news\/wp-json\/wp\/v2\/news-source?post=37418"},{"taxonomy":"is_homepage","embeddable":true,"href":"https:\/\/euapp01.newsmemory.com\/lamarseillaise\/news\/wp-json\/wp\/v2\/is_homepage?post=37418"},{"taxonomy":"ta_other","embeddable":true,"href":"https:\/\/euapp01.newsmemory.com\/lamarseillaise\/news\/wp-json\/wp\/v2\/ta_other?post=37418"}],"curies":[{"name":"wp","href":"https:\/\/api.w.org\/{rel}","templated":true}]}}