{"id":37415,"date":"2026-07-25T08:24:00","date_gmt":"2026-07-25T06:24:00","guid":{"rendered":"https:\/\/euapp01.newsmemory.com\/lamarseillaise\/news\/?p=37415"},"modified":"2026-07-31T07:32:38","modified_gmt":"2026-07-31T05:32:38","slug":"plusieurs-reprises-de-feu-ont-empecher-de-fixer-lincendie-dans-le-gros-bessillon-vendredi","status":"publish","type":"post","link":"https:\/\/euapp01.newsmemory.com\/lamarseillaise\/news\/2026\/07\/25\/plusieurs-reprises-de-feu-ont-empecher-de-fixer-lincendie-dans-le-gros-bessillon-vendredi\/","title":{"rendered":"Plusieurs reprises de feu ont emp\u00each\u00e9 de fixer l\u2019incendie dans le Gros Bessillon vendredi"},"content":{"rendered":"<div class=\"paragraph\">\n<p>Les vents d\u2019ouest du d\u00e9but de semaine, qui avaient pos\u00e9 de grandes difficult\u00e9s dans <a rel=\"noopener noreferrer\" href=\"https:\/\/www.lamarseillaise.fr\/societe\/50-a-100-nouveaux-departs-de-feu-dans-le-gros-bessillon-GF20529953\" target=\"_blank\">la lutte contre l\u2019incendie du massif du Gros Bessillon, devaient se calmer vendredi<\/a>. Ce sont des vents \u00ab\u00a0<i>tr\u00e8s tourbillonnants<\/i>\u00a0\u00bb, selon la pr\u00e9fecture du Var, qui s\u2019y sont finalement substitu\u00e9s, provoquant de nombreuses reprises de feu, notamment \u00e0 partir de 14h, apr\u00e8s une nuit durant laquelle une reprise sur le secteur de Sainte-Catherine, \u00e0 Pontev\u00e8s, a embras\u00e9 1,5\u00a0hectare, tandis que les 800\u00a0pompiers et 109\u00a0militaires mobilis\u00e9s \u00e9taient parvenus, une fois encore, \u00e0 pr\u00e9server Cotignac des flammes.<\/p>\n<p>Les 1\u00a0000\u00a0sapeurs-pompiers, dot\u00e9s de 265\u00a0v\u00e9hicules feux de for\u00eats, un avion DASH, quatre Canadairs, dont un Croate, dans le cadre du M\u00e9canisme de protection civile de l\u2019Union europ\u00e9enne (MPCU), et trois h\u00e9licopt\u00e8res bombardiers d\u2019eau, dont un lourd, se sont employ\u00e9s \u00e0 contenir des feux qui mena\u00e7aient d\u00e9sormais, en plus de Pontev\u00e8s, les communes de Barjols, Ch\u00e2teauvert et Correns, un peu plus tard dans l\u2019apr\u00e8s-midi.<\/p>\n<\/p><\/div>\n<div class=\"intext\"> Des orages sont attendus ce samedi\n              <\/div>\n<div class=\"paragraph\">\n<p>300\u00a0nouvelles \u00e9vacuations ont \u00e9t\u00e9 r\u00e9alis\u00e9es en plus de celles de jeudi, certaines personnes n\u2019ayant toujours pas pu regagner leur domicile. 12\u00a0communes ont activ\u00e9 au moins un centre de regroupement\u00a0: Barjols, Le Val, Correns, Brignoles, Brue-Auriac, Pontev\u00e8s, Carc\u00e8s, Sillans-la-Cascade, Salernes, Montfort-sur-Argens, Lorgues et Ch\u00e2teauvert. Les personnes qui avaient \u00e9t\u00e9 \u00e9vacu\u00e9es \u00e0 Pontev\u00e8s et Montfort-sur-Argens ont toutefois pu regagner leur domicile, en d\u00e9but de soir\u00e9e.<\/p>\n<p>Deux axes routiers (RD45 et RD 554) \u00e9taient partiellement filtr\u00e9s pour faciliter les \u00e9vacuations, tandis que des portions des RD560, RD60, RD22 et EV8 \u00e9taient ferm\u00e9es \u00e0 la circulation.<\/p>\n<p>La journ\u00e9e de ce samedi, o\u00f9 des orages sont pr\u00e9vus\u00a0&#8211; et m\u00eame esp\u00e9r\u00e9s\u00a0&#8211; dans le d\u00e9partement du Var, pourrait permettre aux pompiers d\u2019avancer dans leur entreprise de fixation. En esp\u00e9rant que, cette fois, la m\u00e9t\u00e9o ne leur joue pas de tours.<\/p>\n<\/p><\/div>\n<div class=\"paragraph\">\n<p><b>Deux enqu\u00eates ouvertes<\/b><\/p>\n<p>Le parquet de Draguignan a ouvert deux enqu\u00eates au sujet des incendies dans le Var : une pour celui de Pontev\u00e8s, et une autre pour celui des Arcs-Taradeau. La piste criminelle serait privil\u00e9gi\u00e9e pour ce dernier selon <i>BFM Var<\/i>, qui indique qu\u2019un suspect en scooter ayant mis le feu \u00e0 l\u2019aide de bidons d\u2019essence aurait \u00e9t\u00e9 identifi\u00e9 et serait recherch\u00e9. Un appel \u00e0 t\u00e9moins a \u00e9t\u00e9 lanc\u00e9 par la gendarmerie du Var. Les coupables encourent entre 5 ans de prison (incendie involontaire ayant g\u00e9n\u00e9r\u00e9 des blessures) et la perp\u00e9tuit\u00e9 (feu volontaire ayant caus\u00e9 des d\u00e9c\u00e8s).<\/p>\n<\/p><\/div>\n","protected":false},"excerpt":{"rendered":"Les vents d&rsquo;ouest du d&eacute;but de semaine, qui avaient pos&eacute; de grandes difficult&eacute;s dans la lutte contre l&rsquo;incendie du massif du Gros Bessillon, devaient se calmer vendredi. Ce sont des vents &laquo;&nbsp;tr&egrave;s &#8230;","protected":false},"author":1,"featured_media":37416,"comment_status":"open","ping_status":"open","sticky":false,"template":"","format":"standard","meta":{"footnotes":""},"categories":[3926,3925,333,20],"tags":[3075,1476,6161,3433,6162,6147,3434,318,316,1673,4015,6036,1798,319,1396,3437,4317,1260,6140,6141,1131,6163,1674,5879,6003,3600,4877,6123,6128,31],"news-destination":[3944],"news-source":[475],"is_homepage":[],"ta_other":[],"class_list":["post-37415","post","type-post","status-publish","format-standard","has-post-thumbnail","hentry","category-accueil-merge","category-accueil-third","category-environnement","category-societe","tag-barjols","tag-brignoles","tag-brue-auriac","tag-carces","tag-chateauvert","tag-correns","tag-cotignac","tag-feu","tag-feu-de-foret","tag-feux","tag-feux-de-foret","tag-flammes","tag-gendarmerie","tag-incendie","tag-incendies","tag-le-val","tag-lorgues","tag-lutte","tag-montfort-sur-argens","tag-ponteves","tag-prefecture","tag-salernes","tag-sapeurs-pompiers","tag-sdis","tag-sdis-83","tag-sdis13","tag-sdis83","tag-sillans-la-cascade","tag-taradeau","tag-var","news-destination-homepage","news-source-website"],"_links":{"self":[{"href":"https:\/\/euapp01.newsmemory.com\/lamarseillaise\/news\/wp-json\/wp\/v2\/posts\/37415","targetHints":{"allow":["GET"]}}],"collection":[{"href":"https:\/\/euapp01.newsmemory.com\/lamarseillaise\/news\/wp-json\/wp\/v2\/posts"}],"about":[{"href":"https:\/\/euapp01.newsmemory.com\/lamarseillaise\/news\/wp-json\/wp\/v2\/types\/post"}],"author":[{"embeddable":true,"href":"https:\/\/euapp01.newsmemory.com\/lamarseillaise\/news\/wp-json\/wp\/v2\/users\/1"}],"replies":[{"embeddable":true,"href":"https:\/\/euapp01.newsmemory.com\/lamarseillaise\/news\/wp-json\/wp\/v2\/comments?post=37415"}],"version-history":[{"count":2,"href":"https:\/\/euapp01.newsmemory.com\/lamarseillaise\/news\/wp-json\/wp\/v2\/posts\/37415\/revisions"}],"predecessor-version":[{"id":37464,"href":"https:\/\/euapp01.newsmemory.com\/lamarseillaise\/news\/wp-json\/wp\/v2\/posts\/37415\/revisions\/37464"}],"wp:featuredmedia":[{"embeddable":true,"href":"https:\/\/euapp01.newsmemory.com\/lamarseillaise\/news\/wp-json\/wp\/v2\/media\/37416"}],"wp:attachment":[{"href":"https:\/\/euapp01.newsmemory.com\/lamarseillaise\/news\/wp-json\/wp\/v2\/media?parent=37415"}],"wp:term":[{"taxonomy":"category","embeddable":true,"href":"https:\/\/euapp01.newsmemory.com\/lamarseillaise\/news\/wp-json\/wp\/v2\/categories?post=37415"},{"taxonomy":"post_tag","embeddable":true,"href":"https:\/\/euapp01.newsmemory.com\/lamarseillaise\/news\/wp-json\/wp\/v2\/tags?post=37415"},{"taxonomy":"news-destination","embeddable":true,"href":"https:\/\/euapp01.newsmemory.com\/lamarseillaise\/news\/wp-json\/wp\/v2\/news-destination?post=37415"},{"taxonomy":"news-source","embeddable":true,"href":"https:\/\/euapp01.newsmemory.com\/lamarseillaise\/news\/wp-json\/wp\/v2\/news-source?post=37415"},{"taxonomy":"is_homepage","embeddable":true,"href":"https:\/\/euapp01.newsmemory.com\/lamarseillaise\/news\/wp-json\/wp\/v2\/is_homepage?post=37415"},{"taxonomy":"ta_other","embeddable":true,"href":"https:\/\/euapp01.newsmemory.com\/lamarseillaise\/news\/wp-json\/wp\/v2\/ta_other?post=37415"}],"curies":[{"name":"wp","href":"https:\/\/api.w.org\/{rel}","templated":true}]}}