{"id":37408,"date":"2026-07-25T07:57:00","date_gmt":"2026-07-25T05:57:00","guid":{"rendered":"https:\/\/euapp01.newsmemory.com\/lamarseillaise\/news\/?p=37408"},"modified":"2026-07-31T07:00:57","modified_gmt":"2026-07-31T05:00:57","slug":"des-soldats-du-feu-en-alerte-maximale-dans-les-massifs","status":"publish","type":"post","link":"https:\/\/euapp01.newsmemory.com\/lamarseillaise\/news\/2026\/07\/25\/des-soldats-du-feu-en-alerte-maximale-dans-les-massifs\/","title":{"rendered":"Des soldats du feu en alerte maximale dans les massifs"},"content":{"rendered":"<div class=\"paragraph\">\n<p>En cette nouvelle journ\u00e9e d\u2019alerte maximale, ce jeudi 23\u00a0juillet, ils sont un peu moins de 1\u00a0000\u00a0hommes et femmes pr\u00eats \u00e0 intervenir au moindre d\u00e9part de feu dans le d\u00e9partement, nous explique Jean-Luc Beccari, directeur du Sdis\u00a013 (Service d\u00e9partemental d\u2019incendie et de secours des Bouches-du-Rh\u00f4ne), depuis le centre op\u00e9rationnel. Dans les casernes, mais aussi sur le terrain. \u00ab\u00a0<i>On va pr\u00e9positionner des troupes et des camions sur des zones o\u00f9 on va pouvoir gagner en d\u00e9lai d\u2019intervention<\/i><i>\u00a0<\/i>\u00bb, explique-t-il, devant une grande carte o\u00f9 sont repr\u00e9sent\u00e9es toutes les unit\u00e9s.<\/p>\n<p>On y voit notamment le groupe d\u2019intervention feu de for\u00eat du capitaine Gabriel Setti, venu de Martigues. L\u00e0, sur un parking en terre battue, aux Pennes-Mirabeau, non loin de la zone de Plan-de-Campagne, il veille avec 17\u00a0autres coll\u00e8gues et 4\u00a0camions, dont un \u00e9quip\u00e9 d\u2019une citerne de 6\u00a0000\u00a0litres. \u00ab<i>\u00a0<\/i><i>C\u2019est un emplacement strat\u00e9gique. On a la sortie de l\u2019autoroute pas loin, on peut basculer sur l\u2019A7, l\u2019A55<\/i>\u00a0\u00bb, pr\u00e9cise-t-il, la zone commerciale toute proche \u00e9tant consid\u00e9r\u00e9 comme \u00ab\u00a0<i>\u00e0 risque<\/i>\u00a0\u00bb avec \u00ab\u00a0<i>un massif juste \u00e0 c\u00f4t\u00e9 et beaucoup de passages<\/i>\u00a0\u00bb.<\/p>\n<p>Le plus dur\u00a0: savoir attendre l\u2019intervention. Patience et concentration sont essentielles. \u00ab\u00a0<i>On ne sait jamais ce qui peut se passer, cela peut vite d\u00e9g\u00e9n\u00e9rer. D\u2019un c\u00f4t\u00e9, il ne faut pas se laisser emballer, de l\u2019autre, il ne faut pas s\u2019engager dans un faux rythme, s\u2019endormir<\/i>\u00a0\u00bb, analyse le pompier. Partir en renfort dans d\u2019autres d\u00e9partements reste aussi une s\u00e9rieuse option, \u00e0 l\u2019heure tout l\u2019arc m\u00e9diterran\u00e9en s\u2019embrase.<\/p>\n<\/p><\/div>\n<div class=\"intext\"> Un camion refuge\n              <\/div>\n<div class=\"paragraph\">\n<p>La question de la s\u00e9curit\u00e9 de tous est \u00e9galement au c\u0153ur des pr\u00e9occupations. \u00ab\u00a0<i>Bien s\u00fbr que s\u2019il y a des gens ou de la for\u00eat \u00e0 sauver, on ira. Mais le but principal, c\u2019est que ce soir ou demain matin, les 18<\/i><i>\u00a0<\/i><i>personnes du groupe rentrent chez elles<\/i>\u00a0\u00bb,<i> <\/i>nous confie-t-il, marqu\u00e9 par la perte \u00ab<i>\u00a0<\/i><i>des coll\u00e8gues en Gironde et d\u2019un autre en Savoie<\/i>\u00a0\u00bb. Et s\u2019il y a bien un endroit o\u00f9 se r\u00e9fugier, quand le feu chauffe fort, faisant fondre jusqu\u2019au joint des casques, c\u2019est dans les camions.<\/p>\n<p>\u00ab\u00a0<i>Ils sont tous norm\u00e9s avec plusieurs dispositifs, \u00e0 l\u2019int\u00e9rieur ou \u00e0 l\u2019ext\u00e9rieur<\/i>\u00a0\u00bb, indique-t-il, montrant du doigt les petites buses qui entourent la cabine. Actionnables par un bouton, aliment\u00e9es ind\u00e9pendamment du r\u00e9servoir, elles permettent de faire une bulle d\u2019eau \u00ab\u00a0<i>pour prot\u00e9ger les personnels, mais aussi les roues pour qu\u2019on puisse potentiellement sortir d\u2019une zone dangereuse. Et \u00e9galement la pompe sans laquelle on ne peut pas approcher du feu<\/i>\u00a0\u00bb<i>. <\/i>Dans la cabine, en surpression, renforc\u00e9e avec des barres ignifug\u00e9es, les pompiers disposent aussi de masques avec des bouteilles d\u2019air, si la fum\u00e9e rentre dans l\u2019habitacle. \u00ab\u00a0<i>On a des proc\u00e9dures de repli. Chacun a une action bien pr\u00e9cise \u00e0 faire, que ce soit le chef, le chef du camion, le conducteur, les \u00e9quipiers, etc.<\/i><i>\u00a0<\/i>\u00bb, ajoute le capitaine Gabriel Setti. Histoire de se sortir de situation critique en laissant passer les flammes. S\u2019il n\u2019a jamais eu \u00e0 d\u00e9clencher la bulle d\u2019eau, il sait d\u2019exp\u00e9rience que \u00ab\u00a0<i>la zone la plus virulente, c\u2019est le front de l\u2019incendie. En cas de danger, il faut alors en sortir<\/i><i>\u00a0<\/i>\u00bb.<\/p>\n<p>Il y a aussi les d\u00e9tails qui font froid dans le dos. Comme ce carr\u00e9 blanc peint autour des poign\u00e9es. \u00ab\u00a0<i>Cela permet de les rep\u00e9rer quand on est dans la fum\u00e9e et de monter dans le camion<\/i>\u00a0\u00bb, compl\u00e8te le pompier. Autant d\u2019am\u00e9nagements issus \u00ab\u00a0<i>malheureusement<\/i>\u00a0\u00bb des retours d\u2019exp\u00e9riences apr\u00e8s accident. En 50\u00a0ans, 21\u00a0sapeurs-pompiers ont perdu la vie, d\u00e9compte-t-on au centre op\u00e9rationnel, les interventions pour incendie repr\u00e9sentant 5\u00a0\u00e0 6% d\u2019entre elles.<\/p>\n<\/p><\/div>\n","protected":false},"excerpt":{"rendered":"En cette nouvelle journ&eacute;e d&rsquo;alerte maximale, ce jeudi 23&nbsp;juillet, ils sont un peu moins de 1&nbsp;000&nbsp;hommes et femmes pr&ecirc;ts &agrave; intervenir au moindre d&eacute;part de feu dans le d&eacute;partement, nous explique &#8230;","protected":false},"author":1,"featured_media":37409,"comment_status":"open","ping_status":"open","sticky":false,"template":"","format":"standard","meta":{"footnotes":""},"categories":[3926,3925,20],"tags":[10,316,6036,319,5946,3375,6158,3239,320,1674,5879,111,1183],"news-destination":[3944],"news-source":[475],"is_homepage":[],"ta_other":[],"class_list":["post-37408","post","type-post","status-publish","format-standard","has-post-thumbnail","hentry","category-accueil-merge","category-accueil-third","category-societe","tag-bouches-du-rhone","tag-feu-de-foret","tag-flammes","tag-incendie","tag-jean-luc-beccari","tag-les-pennes-mirabeau","tag-masques","tag-massif","tag-pompiers","tag-sapeurs-pompiers","tag-sdis","tag-securite","tag-vehicules","news-destination-homepage","news-source-website"],"_links":{"self":[{"href":"https:\/\/euapp01.newsmemory.com\/lamarseillaise\/news\/wp-json\/wp\/v2\/posts\/37408","targetHints":{"allow":["GET"]}}],"collection":[{"href":"https:\/\/euapp01.newsmemory.com\/lamarseillaise\/news\/wp-json\/wp\/v2\/posts"}],"about":[{"href":"https:\/\/euapp01.newsmemory.com\/lamarseillaise\/news\/wp-json\/wp\/v2\/types\/post"}],"author":[{"embeddable":true,"href":"https:\/\/euapp01.newsmemory.com\/lamarseillaise\/news\/wp-json\/wp\/v2\/users\/1"}],"replies":[{"embeddable":true,"href":"https:\/\/euapp01.newsmemory.com\/lamarseillaise\/news\/wp-json\/wp\/v2\/comments?post=37408"}],"version-history":[{"count":1,"href":"https:\/\/euapp01.newsmemory.com\/lamarseillaise\/news\/wp-json\/wp\/v2\/posts\/37408\/revisions"}],"predecessor-version":[{"id":37410,"href":"https:\/\/euapp01.newsmemory.com\/lamarseillaise\/news\/wp-json\/wp\/v2\/posts\/37408\/revisions\/37410"}],"wp:featuredmedia":[{"embeddable":true,"href":"https:\/\/euapp01.newsmemory.com\/lamarseillaise\/news\/wp-json\/wp\/v2\/media\/37409"}],"wp:attachment":[{"href":"https:\/\/euapp01.newsmemory.com\/lamarseillaise\/news\/wp-json\/wp\/v2\/media?parent=37408"}],"wp:term":[{"taxonomy":"category","embeddable":true,"href":"https:\/\/euapp01.newsmemory.com\/lamarseillaise\/news\/wp-json\/wp\/v2\/categories?post=37408"},{"taxonomy":"post_tag","embeddable":true,"href":"https:\/\/euapp01.newsmemory.com\/lamarseillaise\/news\/wp-json\/wp\/v2\/tags?post=37408"},{"taxonomy":"news-destination","embeddable":true,"href":"https:\/\/euapp01.newsmemory.com\/lamarseillaise\/news\/wp-json\/wp\/v2\/news-destination?post=37408"},{"taxonomy":"news-source","embeddable":true,"href":"https:\/\/euapp01.newsmemory.com\/lamarseillaise\/news\/wp-json\/wp\/v2\/news-source?post=37408"},{"taxonomy":"is_homepage","embeddable":true,"href":"https:\/\/euapp01.newsmemory.com\/lamarseillaise\/news\/wp-json\/wp\/v2\/is_homepage?post=37408"},{"taxonomy":"ta_other","embeddable":true,"href":"https:\/\/euapp01.newsmemory.com\/lamarseillaise\/news\/wp-json\/wp\/v2\/ta_other?post=37408"}],"curies":[{"name":"wp","href":"https:\/\/api.w.org\/{rel}","templated":true}]}}