{"id":37402,"date":"2026-07-25T07:36:00","date_gmt":"2026-07-25T05:36:00","guid":{"rendered":"https:\/\/euapp01.newsmemory.com\/lamarseillaise\/news\/?p=37402"},"modified":"2026-07-30T10:36:01","modified_gmt":"2026-07-30T08:36:01","slug":"deux-incendies-dantesques-devorent-le-sud","status":"publish","type":"post","link":"https:\/\/euapp01.newsmemory.com\/lamarseillaise\/news\/2026\/07\/25\/deux-incendies-dantesques-devorent-le-sud\/","title":{"rendered":"Deux incendies dantesques d\u00e9vorent le sud"},"content":{"rendered":"<div class=\"paragraph\">\n<p>Les pompiers m\u00e8nent toujours un combat dantesque contre deux m\u00e9gafeux en Gironde et dans les Landes, tandis que dans le Var, l\u2019incendie de Pontev\u00e8s continue sous le coup de mauvaises conditions m\u00e9t\u00e9o (lire ci-contre). 2\u00a0000\u00a0pompiers au total sont mobilis\u00e9s (1\u00a0000 en Gironde, 500\u00a0dans les Landes et autant dans le Var) pour circonscrire ces feux, dont l\u2019origine n\u2019est pas encore d\u00e9termin\u00e9e. Mais on sait que neuf fois sur dix, l\u2019origine est humaine\u00a0: imprudence, comportement dangereux.<\/p>\n<p>Un climat d\u2019apocalypse r\u00e8gne dans le Sud-Ouest, dans une r\u00e9gion, la Nouvelle-Aquitaine, tr\u00e8s touristique. Vendredi soir, l\u2019incendie avait d\u00e9j\u00e0 parcouru 20\u00a0000\u00a0hectares en Gironde, quelque 2\u00a0600\u00a0hectares dans les Landes et 2\u00a0500 dans le Var. Pour les services de secours, la priorit\u00e9 absolue est la mise \u00e0 l\u2019abri des vies humaines, car les deux monstres de flammes et leurs multiples brasiers sont pour l\u2019instant incontr\u00f4lables. Au total, vendredi, et selon un bilan provisoire, 110\u00a0000 personnes, habitants et visiteurs, ont \u00e9t\u00e9 \u00e9vacu\u00e9es en Gironde, 31\u00a0000 dans les Landes et 300 dans le Var.<\/p>\n<\/p><\/div>\n<div class=\"intext\"> Le feu \u00ab\u00a0se dirige vers<br \/>\n               <br \/>la m\u00e9tropole bordelaise\u00a0\u00bb\n              <\/div>\n<div class=\"paragraph\">\n<p>Selon le lieutenant-colonel \u00c9ric Pitault, des pompiers de Gironde, \u00ab\u00a0<i>l\u2019arri\u00e8re du feu, vers Le Porge et au-dessus, a connu un ravivement avec des reprises de feu importantes. Ce qui complique l\u2019action de nos coll\u00e8gues, c\u2019est l\u2019intensit\u00e9 du foyer et le vent qui a forci et chang\u00e9 de direction<\/i>\u00a0\u00bb. \u00ab\u00a0<i>L\u2019odeur du feu se sentait jusqu\u2019\u00e0 Bordeaux dont le ciel prenait une couleur jaun\u00e2tre.<\/i>\u00a0\u00bb<\/p>\n<p>Apr\u00e8s une nuit marqu\u00e9e par une vitesse de propagation des flammes tr\u00e8s rapide, malgr\u00e9 une \u00ab\u00a0<i>lutte acharn\u00e9e<\/i>\u00a0\u00bb du millier de sapeurs-pompiers engag\u00e9s, l\u2019ordre a \u00e9t\u00e9 donn\u00e9, vendredi matin, d\u2019\u00e9vacuer en totalit\u00e9 la tr\u00e8s touristique presqu\u2019\u00eele du Cap-Ferret et ses 40\u00a0000\u00a0habitants estivaux. Cela se fait par l\u2019unique route et par une noria de bateaux, selon un sc\u00e9nario pr\u00e9vu et r\u00e9p\u00e9t\u00e9 l\u2019an pass\u00e9 par les autorit\u00e9s. Vendredi soir, Sophie Brocas, la pr\u00e9f\u00e8te de Nouvelle-Aquitaine, a annonc\u00e9 que l\u2019incendie de L\u00e8ge-Cap-Ferret est \u00ab\u00a0<i>pouss\u00e9 par un vent d\u2019ouest soutenu et qu\u2019il se dirige vers la m\u00e9tropole bordelaise<\/i>\u00a0\u00bb.<\/p>\n<p>Quarante-deux sapeurs-pompiers bless\u00e9s ont \u00e9t\u00e9 pris en charge, dont neuf \u00e9vacu\u00e9s, \u00ab\u00a0<i>tous en urgence relative<\/i>\u00a0\u00bb, selon la pr\u00e9fecture. Les pompiers sont appuy\u00e9s dans les airs par 4\u00a0Canadairs, 2\u00a0Dash, 3\u00a0Air Tractor et 2\u00a0h\u00e9licopt\u00e8res bombardiers d\u2019eau.<\/p>\n<p>Selon le ministre de l\u2019Int\u00e9rieur, \u00ab\u00a0<i>actuellement, on a 32<\/i><i>\u00a0<\/i><i>feux en cours, qui n\u2019ont \u00e9videmment pas tous la m\u00eame importance<\/i>\u00a0\u00bb. \u00ab\u00a0<i>On a d\u00e9pass\u00e9 le seuil des 50<\/i><i>\u00a0<\/i><i>000<\/i><i>\u00a0<\/i><i>hectares qui ont \u00e9t\u00e9 br\u00fbl\u00e9s depuis le 1<\/i><i><sup>er<\/sup><\/i><i>\u00a0<\/i><i>janvier de cette ann\u00e9e. Par rapport \u00e0 l\u2019an pass\u00e9, c\u2019est quasiment fois trois.<\/i>\u00a0\u00bb Laurent Nu\u00f1ez a annonc\u00e9 un transfert d\u2019une partie des moyens d\u00e9ploy\u00e9s jusqu\u2019\u00e0 pr\u00e9sent dans le Sud-Est vers la Gironde et les Landes. Face \u00e0 une situation \u00ab\u00a0<i>sous tr\u00e8s forte tension<\/i>\u00a0\u00bb, le pr\u00e9sident de la R\u00e9publique a demand\u00e9 vendredi aux arm\u00e9es \u00ab\u00a0<i>de se mobiliser pour venir en renfort maximal de la s\u00e9curit\u00e9 civile<\/i><i>\u00a0<\/i>\u00bb. Emmanuel Macron a aussi annonc\u00e9, dans la nuit de jeudi \u00e0 vendredi, avoir demand\u00e9 l\u2019activation du m\u00e9canisme de protection civile de l\u2019Union europ\u00e9enne (UE)\u00a0: \u00ab\u00a0<i>Nous allons pouvoir compter rapidement sur le renfort de deux Canadair croates, de deux Air Tractor portugais, ainsi que de deux h\u00e9licopt\u00e8res lourds Black Hawk tch\u00e8que et slovaque<\/i>\u00a0\u00bb. Une cellule interminist\u00e9rielle de crise \u00e9tait convoqu\u00e9e \u00e0 22h, vendredi, par le premier ministre.<\/p>\n<p>Apr\u00e8s la France, l\u2019Espagne a annonc\u00e9 avoir activ\u00e9 le \u00ab\u00a0M\u00e9canisme europ\u00e9en\u00a0\u00bb et demand\u00e9 \u00ab\u00a0<i>quatre moyens a\u00e9riens de lutte contre les incendies<\/i>\u00a0\u00bb, indiquant que la Gr\u00e8ce avait \u00ab\u00a0<i>accept\u00e9 la demande, offrant deux avions Canadair<\/i>\u00a0\u00bb. En Espagne, au moins 63\u00a0000\u00a0personnes ont d\u00e9j\u00e0 \u00e9t\u00e9 \u00e9vacu\u00e9es ou sont confin\u00e9es dans la r\u00e9gion de Madrid en raison du \u00ab\u00a0<i>pire incendie de l\u2019histoire<\/i>\u00a0\u00bb de la r\u00e9gion, qui a d\u00e9j\u00e0 ravag\u00e9 6\u00a0000\u00a0hectares, selon la pr\u00e9sidente r\u00e9gionale, Isabel D\u00edaz Ayuso.<\/p>\n<\/p><\/div>\n","protected":false},"excerpt":{"rendered":"Les pompiers m&egrave;nent toujours un combat dantesque contre deux m&eacute;gafeux en Gironde et dans les Landes, tandis que dans le Var, l&rsquo;incendie de Pontev&egrave;s continue sous le coup de mauvaises conditions m&eacute;t&eacute;o (lire &#8230;","protected":false},"author":1,"featured_media":37403,"comment_status":"open","ping_status":"open","sticky":false,"template":"","format":"standard","meta":{"footnotes":""},"categories":[3926,3925,333,20],"tags":[417,1550,575,1220,1673,4015,572,106,1396,3848,5695,320,6141,419,1674,1397,1613,2002,31],"news-destination":[3944],"news-source":[475],"is_homepage":[],"ta_other":[],"class_list":["post-37402","post","type-post","status-publish","format-standard","has-post-thumbnail","hentry","category-accueil-merge","category-accueil-third","category-environnement","category-societe","tag-climat","tag-dereglement-climatique","tag-emmanuel-macron","tag-espagne","tag-feux","tag-feux-de-foret","tag-france","tag-habitants","tag-incendies","tag-laurent-nunez","tag-mega-feux","tag-pompiers","tag-ponteves","tag-rechauffement-climatique","tag-sapeurs-pompiers","tag-secheresse","tag-securite-civile","tag-union-europeenne","tag-var","news-destination-homepage","news-source-website"],"_links":{"self":[{"href":"https:\/\/euapp01.newsmemory.com\/lamarseillaise\/news\/wp-json\/wp\/v2\/posts\/37402","targetHints":{"allow":["GET"]}}],"collection":[{"href":"https:\/\/euapp01.newsmemory.com\/lamarseillaise\/news\/wp-json\/wp\/v2\/posts"}],"about":[{"href":"https:\/\/euapp01.newsmemory.com\/lamarseillaise\/news\/wp-json\/wp\/v2\/types\/post"}],"author":[{"embeddable":true,"href":"https:\/\/euapp01.newsmemory.com\/lamarseillaise\/news\/wp-json\/wp\/v2\/users\/1"}],"replies":[{"embeddable":true,"href":"https:\/\/euapp01.newsmemory.com\/lamarseillaise\/news\/wp-json\/wp\/v2\/comments?post=37402"}],"version-history":[{"count":3,"href":"https:\/\/euapp01.newsmemory.com\/lamarseillaise\/news\/wp-json\/wp\/v2\/posts\/37402\/revisions"}],"predecessor-version":[{"id":37929,"href":"https:\/\/euapp01.newsmemory.com\/lamarseillaise\/news\/wp-json\/wp\/v2\/posts\/37402\/revisions\/37929"}],"wp:featuredmedia":[{"embeddable":true,"href":"https:\/\/euapp01.newsmemory.com\/lamarseillaise\/news\/wp-json\/wp\/v2\/media\/37403"}],"wp:attachment":[{"href":"https:\/\/euapp01.newsmemory.com\/lamarseillaise\/news\/wp-json\/wp\/v2\/media?parent=37402"}],"wp:term":[{"taxonomy":"category","embeddable":true,"href":"https:\/\/euapp01.newsmemory.com\/lamarseillaise\/news\/wp-json\/wp\/v2\/categories?post=37402"},{"taxonomy":"post_tag","embeddable":true,"href":"https:\/\/euapp01.newsmemory.com\/lamarseillaise\/news\/wp-json\/wp\/v2\/tags?post=37402"},{"taxonomy":"news-destination","embeddable":true,"href":"https:\/\/euapp01.newsmemory.com\/lamarseillaise\/news\/wp-json\/wp\/v2\/news-destination?post=37402"},{"taxonomy":"news-source","embeddable":true,"href":"https:\/\/euapp01.newsmemory.com\/lamarseillaise\/news\/wp-json\/wp\/v2\/news-source?post=37402"},{"taxonomy":"is_homepage","embeddable":true,"href":"https:\/\/euapp01.newsmemory.com\/lamarseillaise\/news\/wp-json\/wp\/v2\/is_homepage?post=37402"},{"taxonomy":"ta_other","embeddable":true,"href":"https:\/\/euapp01.newsmemory.com\/lamarseillaise\/news\/wp-json\/wp\/v2\/ta_other?post=37402"}],"curies":[{"name":"wp","href":"https:\/\/api.w.org\/{rel}","templated":true}]}}