{"id":37399,"date":"2026-07-25T07:26:00","date_gmt":"2026-07-25T05:26:00","guid":{"rendered":"https:\/\/euapp01.newsmemory.com\/lamarseillaise\/news\/?p=37399"},"modified":"2026-07-25T10:27:22","modified_gmt":"2026-07-25T08:27:22","slug":"qui-aurait-pu-predire","status":"publish","type":"post","link":"https:\/\/euapp01.newsmemory.com\/lamarseillaise\/news\/2026\/07\/25\/qui-aurait-pu-predire\/","title":{"rendered":"\u00ab Qui aurait pu pr\u00e9dire?&nbsp;\u00bb"},"content":{"rendered":"<div class=\"paragraph\">\n<p>S\u00e9cheresse maximale, temp\u00e9ratures records, fr\u00e9quentation humaine d\u00e9cupl\u00e9e\u00a0: les ingr\u00e9dients propres au risque incendie dans les r\u00e9gions touristiques du sud de la France faisaient redouter le pire. Nous y sommes. Des m\u00e9ga feux rapides, violents et pour l\u2019heure incontr\u00f4lables ravagent les Landes et la Gironde et obligent \u00e0 l\u2019\u00e9vacuation de dizaines de milliers d\u2019habitants et de visiteurs. Celui qui martyrise le Var depuis le d\u00e9but de la semaine continue et, dans les Hautes-Alpes, le feu dit du Bois Noir, au nom pr\u00e9monitoire, a quasiment doubl\u00e9 de volume. Des milliers de pompiers sont \u00e0 pied d\u2019\u0153uvre et risquent leur vie. 42 sont d\u00e9j\u00e0 bless\u00e9s.<\/p>\n<p>Il n\u2019y a aucune fatalit\u00e9 \u00e0 ces catastrophes, qui n\u2019ont rien de naturelles.<br \/>Un v\u00e9hicule en feu aurait provoqu\u00e9 l\u2019incendie des landes, des travaux celui en Gironde&#8230; Neuf feux sur dix sont d\u2019origine humaine.<\/p>\n<p><b>Absence d\u2019anticipation<\/b><\/p>\n<p>L\u2019absence d\u2019anticipation des moyens mat\u00e9riels et humains pour combattre ces fl\u00e9aux est le fait des gouvernements successifs d\u2019Emmanuel Macron.<\/p>\n<p>Vendredi soir, sur TF1, le ministre de l\u2019Int\u00e9rieur, Laurent Nu\u00f1ez, a balay\u00e9 les critiques. Un d\u00e9ni qui ne tient pas la route. Car les diff\u00e9rents rapports sur le d\u00e9r\u00e8glement climatique, connus depuis des ann\u00e9es, pr\u00e9cisent que la surface des for\u00eats de plus en plus sensibles aux incendies augmente. Les moyens doivent suivre\u00a0! La s\u00e9curit\u00e9 civile, au sol et dans les airs, doit \u00eatre une priorit\u00e9. Le co\u00fbt humain, mat\u00e9riel, environnemental, culturel et \u00e9conomique des feux de plus en plus fr\u00e9quents est autrement plus lourd que les n\u00e9cessaires investissements pour la s\u00e9curit\u00e9 de tous.<\/p>\n<\/p><\/div>\n","protected":false},"excerpt":{"rendered":"S&eacute;cheresse maximale, temp&eacute;ratures records, fr&eacute;quentation humaine d&eacute;cupl&eacute;e&nbsp;: les ingr&eacute;dients propres au risque incendie dans les r&eacute;gions touristiques du sud de la France faisaient redouter le &#8230;","protected":false},"author":1,"featured_media":37400,"comment_status":"open","ping_status":"open","sticky":false,"template":"","format":"standard","meta":{"footnotes":""},"categories":[332],"tags":[1372,575,4015,572,1396,3848,5695,320,1674,1613],"news-destination":[],"news-source":[475],"is_homepage":[],"ta_other":[],"class_list":["post-37399","post","type-post","status-publish","format-standard","has-post-thumbnail","hentry","category-edito","tag-editoriaux","tag-emmanuel-macron","tag-feux-de-foret","tag-france","tag-incendies","tag-laurent-nunez","tag-mega-feux","tag-pompiers","tag-sapeurs-pompiers","tag-securite-civile","news-source-website"],"_links":{"self":[{"href":"https:\/\/euapp01.newsmemory.com\/lamarseillaise\/news\/wp-json\/wp\/v2\/posts\/37399","targetHints":{"allow":["GET"]}}],"collection":[{"href":"https:\/\/euapp01.newsmemory.com\/lamarseillaise\/news\/wp-json\/wp\/v2\/posts"}],"about":[{"href":"https:\/\/euapp01.newsmemory.com\/lamarseillaise\/news\/wp-json\/wp\/v2\/types\/post"}],"author":[{"embeddable":true,"href":"https:\/\/euapp01.newsmemory.com\/lamarseillaise\/news\/wp-json\/wp\/v2\/users\/1"}],"replies":[{"embeddable":true,"href":"https:\/\/euapp01.newsmemory.com\/lamarseillaise\/news\/wp-json\/wp\/v2\/comments?post=37399"}],"version-history":[{"count":1,"href":"https:\/\/euapp01.newsmemory.com\/lamarseillaise\/news\/wp-json\/wp\/v2\/posts\/37399\/revisions"}],"predecessor-version":[{"id":37401,"href":"https:\/\/euapp01.newsmemory.com\/lamarseillaise\/news\/wp-json\/wp\/v2\/posts\/37399\/revisions\/37401"}],"wp:featuredmedia":[{"embeddable":true,"href":"https:\/\/euapp01.newsmemory.com\/lamarseillaise\/news\/wp-json\/wp\/v2\/media\/37400"}],"wp:attachment":[{"href":"https:\/\/euapp01.newsmemory.com\/lamarseillaise\/news\/wp-json\/wp\/v2\/media?parent=37399"}],"wp:term":[{"taxonomy":"category","embeddable":true,"href":"https:\/\/euapp01.newsmemory.com\/lamarseillaise\/news\/wp-json\/wp\/v2\/categories?post=37399"},{"taxonomy":"post_tag","embeddable":true,"href":"https:\/\/euapp01.newsmemory.com\/lamarseillaise\/news\/wp-json\/wp\/v2\/tags?post=37399"},{"taxonomy":"news-destination","embeddable":true,"href":"https:\/\/euapp01.newsmemory.com\/lamarseillaise\/news\/wp-json\/wp\/v2\/news-destination?post=37399"},{"taxonomy":"news-source","embeddable":true,"href":"https:\/\/euapp01.newsmemory.com\/lamarseillaise\/news\/wp-json\/wp\/v2\/news-source?post=37399"},{"taxonomy":"is_homepage","embeddable":true,"href":"https:\/\/euapp01.newsmemory.com\/lamarseillaise\/news\/wp-json\/wp\/v2\/is_homepage?post=37399"},{"taxonomy":"ta_other","embeddable":true,"href":"https:\/\/euapp01.newsmemory.com\/lamarseillaise\/news\/wp-json\/wp\/v2\/ta_other?post=37399"}],"curies":[{"name":"wp","href":"https:\/\/api.w.org\/{rel}","templated":true}]}}