{"id":37396,"date":"2026-07-24T12:37:00","date_gmt":"2026-07-24T10:37:00","guid":{"rendered":"https:\/\/euapp01.newsmemory.com\/lamarseillaise\/news\/?p=37396"},"modified":"2026-07-30T10:22:25","modified_gmt":"2026-07-30T08:22:25","slug":"art-explora-un-rendez-vous-culturel-au-parc-chanot-a-marseille","status":"publish","type":"post","link":"https:\/\/euapp01.newsmemory.com\/lamarseillaise\/news\/2026\/07\/24\/art-explora-un-rendez-vous-culturel-au-parc-chanot-a-marseille\/","title":{"rendered":"Art Explora, un rendez-vous culturel au parc Chanot \u00e0 Marseille"},"content":{"rendered":"<div class=\"paragraph\">\n<p>Apr\u00e8s deux ans d\u2019absence, la fondation Art Explora est de retour \u00e0 Marseille pour deux journ\u00e9es plac\u00e9es sous le signe de la culture. Une culture que la fondation souhaite accessible au plus grand nombre, c\u2019est pourquoi ces samedi et dimanche ils investissent le parc Chanot \u00e0 Marseille autour de trois grands rendez-vous immersifs \u00e0 destination des familles et gratuits. \u00ab <i>L\u2019objectif de la fondation est de lever les barri\u00e8res qui peuvent exister sur diff\u00e9rents plan en ce qui concerne l\u2019acc\u00e8s \u00e0 la culture et aux mus\u00e9es<\/i> \u00bb, explique Lucie Avril, responsable des MuMo de la fondation Art Explora. \u00ab <i>Il y a la barri\u00e8re sociale, la barri\u00e8re financi\u00e8re mais aussi une barri\u00e8re symbolique autour des th\u00e9matiques des expositions, c\u2019est pourquoi nous en avons choisi une qui peut plaire et attirer le plus grand nombre. <\/i>\u00bb<\/p>\n<\/p><\/div>\n<div class=\"paragraph\">\n<p><b>Les arts du cirque \u00e0 l\u2019honneur cette ann\u00e9e<\/b><\/p>\n<p>Ainsi, avec son mus\u00e9e mobile (MuMo) &#8211; Centre Pompidou, ce n\u2019est pas le public qui va \u00e0 l\u2019art mais l\u2019art qui vient au public et ce week-end, petits et grands pourront d\u00e9couvrir l\u2019exposition \u00ab\u00a0Pompidou Circus\u00a0\u00bb. \u00ab\u00a0<i>Chaque ann\u00e9e, le Centre Pompidou, mus\u00e9e national d\u2019art moderne \u00e0 carte blanche pour trouver une th\u00e9matique. Cette ann\u00e9e c\u2019est Anne Lemonnierqui est attach\u00e9e de conservation aux collections modernes qui a imagin\u00e9 l\u2019exposition<\/i>\u00a0\u00bb, continue-t-elle. \u00ab\u00a0<i>On pourra donc d\u00e9couvrir des peintures, des photographies, des vid\u00e9os mais aussi des affiches, aquarelles et papiers d\u00e9coup\u00e9s de grands artistes comme Matisse, Chagall, Dufy ou encore Bombois tous repr\u00e9sentant les athl\u00e8tes ou arts du cirque.<\/i>\u00a0\u00bb<\/p>\n<p>En parall\u00e8le de l\u2019exposition deux ateliers seront propos\u00e9s au sein du Palais des Arts du parc Chanot, le premier est une exp\u00e9rience immersive en r\u00e9alit\u00e9 virtuelle pour plonger au c\u0153ur des cultures m\u00e9diterran\u00e9ennes intitul\u00e9 \u00ab\u00a0Merveilles de M\u00e9diterran\u00e9e\u00a0\u00bb et accessible d\u00e8s 10 ans. Autre activit\u00e9, un atelier de papier d\u00e9coup\u00e9 autour de la s\u00e9rie \u00ab\u00a0Jazz\u00a0\u00bb d\u2019Henri Matisse en \u00e9cho aux \u0153uvres pr\u00e9sent\u00e9es dans le camion mus\u00e9e.<\/p>\n<\/p><\/div>\n<div class=\"paragraph\">\n<p><i>Samedi et dimanche de 10h \u00e0 12h30 et de 17h \u00e0 21h. Le MuMo ouvrira ses portes \u00e0 11h30. Gratuit.<\/i><\/p>\n<\/p><\/div>\n","protected":false},"excerpt":{"rendered":"Apr&egrave;s deux ans d&rsquo;absence, la fondation Art Explora est de retour &agrave; Marseille pour deux journ&eacute;es plac&eacute;es sous le signe de la culture. Une culture que la fondation souhaite accessible au plus grand nombre, c&rsquo;est &#8230;","protected":false},"author":1,"featured_media":37397,"comment_status":"open","ping_status":"open","sticky":false,"template":"","format":"standard","meta":{"footnotes":""},"categories":[3926,3925,32],"tags":[313,10,35,279,329,16,1884,988,2001],"news-destination":[3944],"news-source":[475],"is_homepage":[],"ta_other":[],"class_list":["post-37396","post","type-post","status-publish","format-standard","has-post-thumbnail","hentry","category-accueil-merge","category-accueil-third","category-culture","tag-art","tag-bouches-du-rhone","tag-culture","tag-exposition","tag-festival","tag-marseille","tag-parc-chanot","tag-week-end","tag-weekend","news-destination-homepage","news-source-website"],"_links":{"self":[{"href":"https:\/\/euapp01.newsmemory.com\/lamarseillaise\/news\/wp-json\/wp\/v2\/posts\/37396","targetHints":{"allow":["GET"]}}],"collection":[{"href":"https:\/\/euapp01.newsmemory.com\/lamarseillaise\/news\/wp-json\/wp\/v2\/posts"}],"about":[{"href":"https:\/\/euapp01.newsmemory.com\/lamarseillaise\/news\/wp-json\/wp\/v2\/types\/post"}],"author":[{"embeddable":true,"href":"https:\/\/euapp01.newsmemory.com\/lamarseillaise\/news\/wp-json\/wp\/v2\/users\/1"}],"replies":[{"embeddable":true,"href":"https:\/\/euapp01.newsmemory.com\/lamarseillaise\/news\/wp-json\/wp\/v2\/comments?post=37396"}],"version-history":[{"count":2,"href":"https:\/\/euapp01.newsmemory.com\/lamarseillaise\/news\/wp-json\/wp\/v2\/posts\/37396\/revisions"}],"predecessor-version":[{"id":37414,"href":"https:\/\/euapp01.newsmemory.com\/lamarseillaise\/news\/wp-json\/wp\/v2\/posts\/37396\/revisions\/37414"}],"wp:featuredmedia":[{"embeddable":true,"href":"https:\/\/euapp01.newsmemory.com\/lamarseillaise\/news\/wp-json\/wp\/v2\/media\/37397"}],"wp:attachment":[{"href":"https:\/\/euapp01.newsmemory.com\/lamarseillaise\/news\/wp-json\/wp\/v2\/media?parent=37396"}],"wp:term":[{"taxonomy":"category","embeddable":true,"href":"https:\/\/euapp01.newsmemory.com\/lamarseillaise\/news\/wp-json\/wp\/v2\/categories?post=37396"},{"taxonomy":"post_tag","embeddable":true,"href":"https:\/\/euapp01.newsmemory.com\/lamarseillaise\/news\/wp-json\/wp\/v2\/tags?post=37396"},{"taxonomy":"news-destination","embeddable":true,"href":"https:\/\/euapp01.newsmemory.com\/lamarseillaise\/news\/wp-json\/wp\/v2\/news-destination?post=37396"},{"taxonomy":"news-source","embeddable":true,"href":"https:\/\/euapp01.newsmemory.com\/lamarseillaise\/news\/wp-json\/wp\/v2\/news-source?post=37396"},{"taxonomy":"is_homepage","embeddable":true,"href":"https:\/\/euapp01.newsmemory.com\/lamarseillaise\/news\/wp-json\/wp\/v2\/is_homepage?post=37396"},{"taxonomy":"ta_other","embeddable":true,"href":"https:\/\/euapp01.newsmemory.com\/lamarseillaise\/news\/wp-json\/wp\/v2\/ta_other?post=37396"}],"curies":[{"name":"wp","href":"https:\/\/api.w.org\/{rel}","templated":true}]}}