{"id":37391,"date":"2026-07-24T11:00:00","date_gmt":"2026-07-24T09:00:00","guid":{"rendered":"https:\/\/euapp01.newsmemory.com\/lamarseillaise\/news\/?p=37391"},"modified":"2026-07-24T11:22:37","modified_gmt":"2026-07-24T09:22:37","slug":"35e-edition-du-festival-du-rythme-en-cevennes","status":"publish","type":"post","link":"https:\/\/euapp01.newsmemory.com\/lamarseillaise\/news\/2026\/07\/24\/35e-edition-du-festival-du-rythme-en-cevennes\/","title":{"rendered":"35e \u00e9dition du Festival du rythme en C\u00e9vennes"},"content":{"rendered":"<div class=\"paragraph\">\n<p>Depuis 35 ans, le Festival du Rythme en C\u00e9vennes propose chaque ann\u00e9e un week-end entier de concerts gratuits, dans la commune de Saint-Jean-du-Pin, dans le Gard. <i>\u00ab<\/i><i>\u00a0<\/i><i>Le principe est d\u2019offrir trois concerts par soir de musiques vari\u00e9es, mais qui donnent toujours le sourire<\/i><i>\u00a0<\/i><i>\u00bb<\/i>, affirme Karine Lopez, pr\u00e9sidente de l\u2019Office municipal de la culture de Saint-Jean-du-Pin, qui organise la manifestation. Environ 3\u00a0000 personnes sont attendues, dans un village qui compte seulement 1\u00a0500 habitants. <i>\u00ab<\/i><i>\u00a0<\/i><i>Depuis le d\u00e9part, nous r\u00e9unissons une \u00e9quipe d\u2019une centaine de b\u00e9n\u00e9voles du village, de 18 \u00e0 80 ans.<\/i><i>\u00a0<\/i><i>\u00bb<\/i><\/p>\n<p><i><\/i><\/p>\n<p>Une vari\u00e9t\u00e9 de genres<\/p>\n<p>Cette ann\u00e9e encore, la programmation est \u00e9clectique. Le vendredi 24\u00a0juillet, \u00e0 partir de 19h, c\u2019est le groupe de rock Sham\u2019Rock Music qui inaugurera le week-end, avant de laisser place \u00e0 un concert de blues Mississippi par le trio Joharpo. Le groupe Guilty Delight cl\u00f4turera la soir\u00e9e, avec des morceaux de blues et de soul des ann\u00e9es 1960. Le lendemain, la soir\u00e9e du samedi mettra \u00e0 l\u2019honneur les groupes The Garlic Heads (reprises pop-rock), Chicharron (cumbia afro\u00adt-ropicale et rock psych\u00e9d\u00e9lique) et enfin Zarhz\u00e4 (chansons urbaines balkano-latines).<\/p>\n<p>Comme chaque ann\u00e9e, le festival proposera de quoi se restaurer ainsi qu\u2019une buvette. <i>\u00ab<\/i><i>\u00a0<\/i><i>La priorit\u00e9 pour nous est que ce festival reste gratuit et pour cela, il faut rassembler le plus de personnes possible pour continuer de faire vivre la culture<\/i><i>\u00a0<\/i><i>\u00bb<\/i>, conclut Karine Lopez.<\/p>\n<\/p><\/div>\n<div class=\"paragraph\">\n<p><b><span class=\"mln_small-caps_mln\"><\/span><\/b><\/p>\n<p><i><a rel=\"nofollow noopener noreferrer\" href=\"https:\/\/festivaldurythme.fr\/\" target=\"_blank\">www.festivaldurythme.fr<\/a><\/i><\/p>\n<\/p><\/div>\n","protected":false},"excerpt":{"rendered":"Depuis 35 ans, le Festival du Rythme en C&eacute;vennes propose chaque ann&eacute;e un week-end entier de concerts gratuits, dans la commune de Saint-Jean-du-Pin, dans le Gard. &laquo;&nbsp;Le principe est d&rsquo;offrir trois concerts par soir de &#8230;","protected":false},"author":1,"featured_media":37392,"comment_status":"open","ping_status":"open","sticky":false,"template":"","format":"standard","meta":{"footnotes":""},"categories":[32],"tags":[183,329,238,1083,325,284,1258,5207],"news-destination":[],"news-source":[475],"is_homepage":[],"ta_other":[],"class_list":["post-37391","post","type-post","status-publish","format-standard","has-post-thumbnail","hentry","category-culture","tag-benevoles","tag-festival","tag-gard","tag-gratuit","tag-musique","tag-occitanie","tag-rock","tag-saint-jean-du-pin","news-source-website"],"_links":{"self":[{"href":"https:\/\/euapp01.newsmemory.com\/lamarseillaise\/news\/wp-json\/wp\/v2\/posts\/37391","targetHints":{"allow":["GET"]}}],"collection":[{"href":"https:\/\/euapp01.newsmemory.com\/lamarseillaise\/news\/wp-json\/wp\/v2\/posts"}],"about":[{"href":"https:\/\/euapp01.newsmemory.com\/lamarseillaise\/news\/wp-json\/wp\/v2\/types\/post"}],"author":[{"embeddable":true,"href":"https:\/\/euapp01.newsmemory.com\/lamarseillaise\/news\/wp-json\/wp\/v2\/users\/1"}],"replies":[{"embeddable":true,"href":"https:\/\/euapp01.newsmemory.com\/lamarseillaise\/news\/wp-json\/wp\/v2\/comments?post=37391"}],"version-history":[{"count":1,"href":"https:\/\/euapp01.newsmemory.com\/lamarseillaise\/news\/wp-json\/wp\/v2\/posts\/37391\/revisions"}],"predecessor-version":[{"id":37393,"href":"https:\/\/euapp01.newsmemory.com\/lamarseillaise\/news\/wp-json\/wp\/v2\/posts\/37391\/revisions\/37393"}],"wp:featuredmedia":[{"embeddable":true,"href":"https:\/\/euapp01.newsmemory.com\/lamarseillaise\/news\/wp-json\/wp\/v2\/media\/37392"}],"wp:attachment":[{"href":"https:\/\/euapp01.newsmemory.com\/lamarseillaise\/news\/wp-json\/wp\/v2\/media?parent=37391"}],"wp:term":[{"taxonomy":"category","embeddable":true,"href":"https:\/\/euapp01.newsmemory.com\/lamarseillaise\/news\/wp-json\/wp\/v2\/categories?post=37391"},{"taxonomy":"post_tag","embeddable":true,"href":"https:\/\/euapp01.newsmemory.com\/lamarseillaise\/news\/wp-json\/wp\/v2\/tags?post=37391"},{"taxonomy":"news-destination","embeddable":true,"href":"https:\/\/euapp01.newsmemory.com\/lamarseillaise\/news\/wp-json\/wp\/v2\/news-destination?post=37391"},{"taxonomy":"news-source","embeddable":true,"href":"https:\/\/euapp01.newsmemory.com\/lamarseillaise\/news\/wp-json\/wp\/v2\/news-source?post=37391"},{"taxonomy":"is_homepage","embeddable":true,"href":"https:\/\/euapp01.newsmemory.com\/lamarseillaise\/news\/wp-json\/wp\/v2\/is_homepage?post=37391"},{"taxonomy":"ta_other","embeddable":true,"href":"https:\/\/euapp01.newsmemory.com\/lamarseillaise\/news\/wp-json\/wp\/v2\/ta_other?post=37391"}],"curies":[{"name":"wp","href":"https:\/\/api.w.org\/{rel}","templated":true}]}}