{"id":37388,"date":"2026-07-24T10:54:00","date_gmt":"2026-07-24T08:54:00","guid":{"rendered":"https:\/\/euapp01.newsmemory.com\/lamarseillaise\/news\/?p=37388"},"modified":"2026-07-30T10:22:25","modified_gmt":"2026-07-30T08:22:25","slug":"occitanie-au-mois-de-juin-la-chaleur-a-refroidi-les-visiteurs","status":"publish","type":"post","link":"https:\/\/euapp01.newsmemory.com\/lamarseillaise\/news\/2026\/07\/24\/occitanie-au-mois-de-juin-la-chaleur-a-refroidi-les-visiteurs\/","title":{"rendered":"[Occitanie] Au mois de juin, la chaleur a refroidi les visiteurs"},"content":{"rendered":"<div class=\"paragraph\">\n<p>Annulations, r\u00e9servations tardives, reports de s\u00e9jours&#8230; La canicule historique et pr\u00e9coce du mois de juin a bien affect\u00e9 le secteur touristique en Occitanie. C\u2019est ce que d\u00e9montre la note de conjoncture touristique publi\u00e9e le 10\u00a0juillet par l\u2019Agence d\u2019attractivit\u00e9 et de d\u00e9veloppement d\u2019Occitanie (AD\u2019OCC). Le document met en lumi\u00e8re plusieurs tendances qui peuvent se r\u00e9sumer par un chiffre marquant\u00a0: 55% des professionnels de la r\u00e9gion ont eu la perception d\u2019une activit\u00e9 touristique \u00ab\u00a0d\u00e9grad\u00e9e\u00a0\u00bb au mois de juin. Seuls 45% l\u2019ont jug\u00e9e \u00ab\u00a0satisfaisante\u00a0\u00bb, soit un net retrait de 16\u00a0points par rapport \u00e0 juin\u00a02025. Il s\u2019agit d\u2019un des plus bas niveaux enregistr\u00e9s depuis deux\u00a0ans.<\/p>\n<p>Il faut dire que juin\u00a02026 a \u00e9t\u00e9 touch\u00e9 par un \u00e9pisode caniculaire d\u2019exception, le hissant au rang de mois le plus chaud jamais enregistr\u00e9 en France (+3,8 \u00b0C par rapport \u00e0 la normale), avec une canicule pr\u00e9coce, durable et particuli\u00e8rement intense, du 17 au 30\u00a0juin. \u00c0 cette p\u00e9riode, l\u2019Occitanie figurait alors parmi les r\u00e9gions les plus expos\u00e9es, avec des anomalies atteignant +6 \u00e0 +8 \u00b0C sur l\u2019int\u00e9rieur des terres, et 8 nuits tropicales cons\u00e9cutives relev\u00e9es \u00e0 Toulouse \u00e0 partir du 20\u00a0juin. Difficilement supportables, <a href=\"https:\/\/www.lamarseillaise.fr\/economie\/tourisme-et-canicules-ce-n-est-que-le-debut-DE20532076\">ces temp\u00e9ratures extr\u00eames ont impact\u00e9 l\u2019ensemble du secteur touristique<\/a> avec trois cons\u00e9quences principales\u00a0: des annulations de s\u00e9jours, une baisse de la fr\u00e9quentation (notamment sur les activit\u00e9s et la restauration) et m\u00eame quelques fermetures partielles pour les \u00e9tablissements non adapt\u00e9s.<\/p>\n<p>\u00ab<i>\u00a0<\/i><i>La canicule a impact\u00e9 fortement l\u2019activit\u00e9 de ce mois de juin et l\u2019annonce d\u2019une nouvelle vague de chaleur \u00e0 la suite a entra\u00een\u00e9 des annulations de s\u00e9jours pour le mois de juillet<\/i><i>\u00a0<\/i>\u00bb, rapporte ainsi un exploitant de camping en zone rurale, interrog\u00e9 par l\u2019Agence AD\u2019OCC. Un avis partag\u00e9 \u00e9galement du c\u00f4t\u00e9 du littoral, o\u00f9 un professionnel des activit\u00e9s de loisirs constate lui aussi une conjoncture tr\u00e8s difficile, \u00ab\u00a0<i>avec pas mal d\u2019annulations de groupes dues au prix du carburant et \u00e0 la canicule<\/i><i>\u00a0<\/i>\u00bb<i>. <\/i><\/p>\n<\/p><\/div>\n<div class=\"intext\"> Un contexte particulier\n              <\/div>\n<div class=\"paragraph\">\n<p>La modification des comportements au mois de juin en Occitanie ne s\u2019explique toutefois pas uniquement par les fortes chaleurs. Les professionnels du secteur identifient deux autres facteurs compl\u00e9mentaires, \u00e0 savoir la hausse des prix du carburant et la baisse du pouvoir d\u2019achat des Fran\u00e7ais<i>. <\/i>\u00ab<i>\u00a0<\/i><i>Les r\u00e9servations avaient bien<\/i> <i>d\u00e9marr\u00e9 en d\u00e9but d\u2019ann\u00e9e, et \u00e7a s\u2019est compl\u00e8tement effondr\u00e9 \u00e0 la suite du conflit <\/i>[au Moyen Orient, Ndlr.]<i> et de l\u2019augmentation exponentielle des carburants<\/i><i>\u00a0<\/i>\u00bb<i>,<\/i> constatait ainsi le propri\u00e9taire d\u2019un g\u00eete rural au mois de juin.<\/p>\n<p>Il faut aussi noter que le calendrier \u00e9tait \u00e9galement moins favorable que celui de 2025, puisque le week-end de Pentec\u00f4te, qui s\u2019\u00e9tait d\u00e9roul\u00e9 les 8 et 9\u00a0juin l\u2019ann\u00e9e derni\u00e8re, a bascul\u00e9 cette ann\u00e9e au mois de mai. C\u2019est ce qui explique qu\u2019en juin 2026, toutes client\u00e8les et tous modes d\u2019h\u00e9bergement confondus, la fr\u00e9quentation touristique en Occitanie a l\u00e9g\u00e8rement recul\u00e9 par rapport \u00e0 juin 2025 en termes de nuit\u00e9es touristiques. Cependant, \u00e0 l\u2019\u00e9chelle de la p\u00e9riode mai-juin, la fr\u00e9quentation touristique de la r\u00e9gion demeurerait globalement stable.<\/p>\n<p>Dans le d\u00e9tail, apr\u00e8s un mois de mai positif pour le secteur des h\u00e9bergements locatifs en plateforme, avec une progression des nuits r\u00e9serv\u00e9es de 6% par rapport \u00e0 2025, la fr\u00e9quentation enregistr\u00e9e en juin a nettement fl\u00e9chi, avec des r\u00e9servations en baisse de 10% par rapport \u00e0 l\u2019an dernier. L\u2019activit\u00e9 des h\u00f4teliers semble avoir mieux r\u00e9sist\u00e9 que les autres, avec un taux de satisfaction de 57%, tandis que les campings affichent le niveau le plus bas du secteur (seuls 39% de satisfaits). Les perspectives de r\u00e9servation pour les mois suivants restent \u00e9galement orient\u00e9es \u00e0 la baisse. Ainsi, la part des professionnels qui jugent leur niveau des r\u00e9servations \u00ab\u00a0encourageant\u00a0\u00bb est en net retrait par rapport \u00e0 2025 pour les mois de juillet (44%\u00a0;<br \/>-11\u00a0points), d\u2019ao\u00fbt (48%\u00a0;<br \/>-12\u00a0points) et septembre (36%\u00a0; -10\u00a0points). La part des avis les plus inquiets, soit \u00ab\u00a0pas du tout encourageant\u00a0\u00bb, s\u2019approche quant \u00e0 elle des 20%.<\/p>\n<p>Si le bilan AD\u2019OCC de l\u2019activit\u00e9 touristique du mois de juillet ne sera publi\u00e9 qu\u2019au d\u00e9but du mois d\u2019ao\u00fbt, tout porte \u00e0 croire que les craintes des professionnels \u00e9taient fond\u00e9es et que ces tendances pourraient \u00eatre confirm\u00e9es par les vagues de chaleur successives du mois de juillet. En attendant, au-del\u00e0 de l\u2019inqui\u00e9tude, ces tendances rendent l\u2019activit\u00e9 des professionnels plus difficile \u00e0 organiser et \u00e0 anticiper.<\/p>\n<\/p><\/div>\n","protected":false},"excerpt":{"rendered":"Annulations, r&eacute;servations tardives, reports de s&eacute;jours&#8230; La canicule historique et pr&eacute;coce du mois de juin a bien affect&eacute; le secteur touristique en Occitanie. C&rsquo;est ce que d&eacute;montre la note de conjoncture &#8230;","protected":false},"author":1,"featured_media":37389,"comment_status":"open","ping_status":"open","sticky":false,"template":"","format":"standard","meta":{"footnotes":""},"categories":[3926,3925,338,333],"tags":[5238,372,1894,284,419,347,6157],"news-destination":[3944],"news-source":[475],"is_homepage":[],"ta_other":[],"class_list":["post-37388","post","type-post","status-publish","format-standard","has-post-thumbnail","hentry","category-accueil-merge","category-accueil-third","category-economie","category-environnement","tag-camping","tag-canicule","tag-hotellerie","tag-occitanie","tag-rechauffement-climatique","tag-tourisme","tag-urgence-climatique","news-destination-homepage","news-source-website"],"_links":{"self":[{"href":"https:\/\/euapp01.newsmemory.com\/lamarseillaise\/news\/wp-json\/wp\/v2\/posts\/37388","targetHints":{"allow":["GET"]}}],"collection":[{"href":"https:\/\/euapp01.newsmemory.com\/lamarseillaise\/news\/wp-json\/wp\/v2\/posts"}],"about":[{"href":"https:\/\/euapp01.newsmemory.com\/lamarseillaise\/news\/wp-json\/wp\/v2\/types\/post"}],"author":[{"embeddable":true,"href":"https:\/\/euapp01.newsmemory.com\/lamarseillaise\/news\/wp-json\/wp\/v2\/users\/1"}],"replies":[{"embeddable":true,"href":"https:\/\/euapp01.newsmemory.com\/lamarseillaise\/news\/wp-json\/wp\/v2\/comments?post=37388"}],"version-history":[{"count":1,"href":"https:\/\/euapp01.newsmemory.com\/lamarseillaise\/news\/wp-json\/wp\/v2\/posts\/37388\/revisions"}],"predecessor-version":[{"id":37390,"href":"https:\/\/euapp01.newsmemory.com\/lamarseillaise\/news\/wp-json\/wp\/v2\/posts\/37388\/revisions\/37390"}],"wp:featuredmedia":[{"embeddable":true,"href":"https:\/\/euapp01.newsmemory.com\/lamarseillaise\/news\/wp-json\/wp\/v2\/media\/37389"}],"wp:attachment":[{"href":"https:\/\/euapp01.newsmemory.com\/lamarseillaise\/news\/wp-json\/wp\/v2\/media?parent=37388"}],"wp:term":[{"taxonomy":"category","embeddable":true,"href":"https:\/\/euapp01.newsmemory.com\/lamarseillaise\/news\/wp-json\/wp\/v2\/categories?post=37388"},{"taxonomy":"post_tag","embeddable":true,"href":"https:\/\/euapp01.newsmemory.com\/lamarseillaise\/news\/wp-json\/wp\/v2\/tags?post=37388"},{"taxonomy":"news-destination","embeddable":true,"href":"https:\/\/euapp01.newsmemory.com\/lamarseillaise\/news\/wp-json\/wp\/v2\/news-destination?post=37388"},{"taxonomy":"news-source","embeddable":true,"href":"https:\/\/euapp01.newsmemory.com\/lamarseillaise\/news\/wp-json\/wp\/v2\/news-source?post=37388"},{"taxonomy":"is_homepage","embeddable":true,"href":"https:\/\/euapp01.newsmemory.com\/lamarseillaise\/news\/wp-json\/wp\/v2\/is_homepage?post=37388"},{"taxonomy":"ta_other","embeddable":true,"href":"https:\/\/euapp01.newsmemory.com\/lamarseillaise\/news\/wp-json\/wp\/v2\/ta_other?post=37388"}],"curies":[{"name":"wp","href":"https:\/\/api.w.org\/{rel}","templated":true}]}}