{"id":37385,"date":"2026-07-24T10:40:00","date_gmt":"2026-07-24T08:40:00","guid":{"rendered":"https:\/\/euapp01.newsmemory.com\/lamarseillaise\/news\/?p=37385"},"modified":"2026-07-30T10:22:25","modified_gmt":"2026-07-30T08:22:25","slug":"tourisme-et-canicules-ce-nest-que-le-debut","status":"publish","type":"post","link":"https:\/\/euapp01.newsmemory.com\/lamarseillaise\/news\/2026\/07\/24\/tourisme-et-canicules-ce-nest-que-le-debut\/","title":{"rendered":"Tourisme et canicules&nbsp;: ce n\u2019est que le d\u00e9but&nbsp;!"},"content":{"rendered":"<div class=\"paragraph\">\n<p>\u00ab <i>M<\/i><i>esurer pour comprendre.<\/i><i>\u00a0<\/i>\u00bb Telle est la mission de l\u2019Institut national de la statistique et des \u00e9tudes \u00e9conomiques (Insee). En ces temps de canicules \u00e0 r\u00e9p\u00e9tition, il est temps de remettre en lumi\u00e8re une \u00e9tude choc* de l\u2019Insee Occitanie. Rendue publique le 19 novembre 2024, elle porte un titre br\u00fblant d\u2019actualit\u00e9\u00a0: \u00ab\u00a0En Occitanie, les trois-quarts de l\u2019offre touristique seront expos\u00e9s \u00e0 de fortes chaleurs en 2050\u00a0\u00bb, c\u2019est-\u00e0-dire \u00e0 partir de 30\u00b0C et au-del\u00e0. Autrement dit, \u00ab<i>\u00a0<\/i><i>72% des lits des h\u00e9bergements collectifs de la r\u00e9gion sont situ\u00e9s dans des zones o\u00f9 les temp\u00e9ratures \u00e9lev\u00e9es seront les plus fr\u00e9quentes \u00e0 l\u2019horizon 2050 avec plus de 35<\/i><i>\u00a0<\/i><i>journ\u00e9es o\u00f9 les temp\u00e9ratures d\u00e9passeront 30\u00b0<\/i><i>\u00a0<\/i><i>C ou plus de 50<\/i><i>\u00a0<\/i><i>nuits tropicales par an<\/i><i>\u00a0<\/i>\u00bb\u00a0; une nuit tropicale \u00e9tant \u00ab<i>\u00a0<\/i><i>une nuit o\u00f9 la temp\u00e9rature ne descend pas en dessous de 20\u00b0C<\/i><i>\u00a0<\/i>\u00bb. L\u2019\u00e9tude de l\u2019Insee parue il y a pr\u00e8s de 4\u00a0ans, doit permettre aux professionnels du tourisme, aux services de l\u2019\u00c9tat et aux collectivit\u00e9s locales de s\u2019engager fortement sur le chemin de l\u2019adaptation et l\u2019att\u00e9nuation d\u2019un ph\u00e9nom\u00e8ne structurel\u00a0: le r\u00e9chauffement climatique. Sinon, le risque est de voir s\u2019effriter un des piliers de l\u2019\u00e9conomie r\u00e9gionale qui, au plus fort de l\u2019\u00e9t\u00e9, g\u00e9n\u00e8re jusqu\u2019\u00e0 180\u00a0000\u00a0emplois, soit 7% de l\u2019emploi marchand r\u00e9gional.<\/p>\n<p>L\u2019autrice et l\u2019auteur de l\u2019analyse de l\u2019Insee, S\u00e9verine Bertrand et Fran\u00e7ois Hild, rappellent qu\u2019en Occitanie \u00ab<i>\u00a0<\/i><i>les \u00e9t\u00e9s<\/i><i>\u00a0<\/i><i>2022 et<\/i><i>\u00a0<\/i><i>2023 ont \u00e9t\u00e9 marqu\u00e9s par des temp\u00e9ratures d\u00e9passant r\u00e9guli\u00e8rement les 35\u00b0<\/i><i>\u00a0<\/i><i>C (voire 40\u00b0<\/i><i>\u00a0<\/i><i>C) dans plusieurs d\u00e9partements, des niveaux rarement atteints autrefois<\/i><i>\u00a0<\/i>\u00bb<i>\u00a0<\/i><i>; <\/i>ajoutant que \u00ab<i>\u00a0<\/i><i>les simulations climatiques les plus r\u00e9centes confirment que ces ph\u00e9nom\u00e8nes s\u2019accentueront au cours des 25 prochaines ann\u00e9es<\/i><i>\u00a0<\/i>\u00bb. R\u00e9sultat, l\u2019Occitanie<i> <\/i>\u00ab<i>\u00a0<\/i><i>est une des r\u00e9gions de France m\u00e9tropolitaine qui seront les plus expos\u00e9es \u00e0 des \u00e9pisodes fr\u00e9quents de fortes chaleurs, \u00e0 la fois diurnes et nocturne<\/i><i>\u00a0<\/i>\u00bb. L\u2019\u00e9tude de l\u2019Insee a suivi l\u2019\u00e9volution de la fr\u00e9quence des journ\u00e9es de fortes chaleurs et des nuits tropicales pour la p\u00e9riode 1976-2025 et aux horizons 2030 et 2050. L\u2019acc\u00e9l\u00e9ration est impressionnante\u00a0: sur la p\u00e9riode 1976-2005, 2% seulement du territoire r\u00e9gional \u00e9tait concern\u00e9 par les fortes chaleurs fr\u00e9quentes, notamment dans l\u2019H\u00e9rault et le Gard. Dans 4\u00a0ans, en 2030, ce sera 12% de l\u2019Occitanie et dans 24\u00a0ans, en 2050, 50% de la surface r\u00e9gionale sera concern\u00e9e\u00a0! Les touristes optent d\u00e9j\u00e0 pour des destinations au climat plus cl\u00e9ment, notamment le littoral atlantique et du nord. Au printemps 2026, l\u2019Insee a publi\u00e9 une analyse** montrant l\u2019\u00e9volution des habitudes des vacanciers entre 2012 et 2024, sous l\u2019impact du d\u00e9r\u00e8glement climatique. \u00ab<i>\u00a0<\/i><i>Dans ce contexte, la fr\u00e9quentation des h\u00e9bergements collectifs touristiques augmente moins fortement en Occitanie qu\u2019au niveau national. En Occitanie, la concentration de la fr\u00e9quentation touristique en juillet et en ao\u00fbt tend \u00e0 s\u2019att\u00e9nuer au profit d\u2019un d\u00e9veloppement du tourisme au printemps, notamment en mai.<\/i><i>\u00a0<\/i>\u00bb Une \u00e9volution port\u00e9e par l\u2019h\u00f4tellerie de plein air,<i> <\/i>\u00ab\u00a0<i>majoritairement sur le littoral m\u00e9diterran\u00e9en<\/i><i>\u00a0<\/i>\u00bb.<i> <\/i>Un bouleversement de la saisonnalit\u00e9 qui va exiger des adaptations structurelles de l\u2019\u00e9conomie du tourisme.<\/p>\n<\/p><\/div>\n<div class=\"paragraph\">\n<p><i>*Insee Analyses Occitanie, n\u00b0157, novembre 2024. **Insee Analyses Occitanie <\/i><i>n\u00b0<\/i><i>\u00a0<\/i><i>168<\/i><i>, mars 2026.<\/i><\/p>\n<\/p><\/div>\n<div class=\"paragraph\">\n<p><b>CHIFFRES<\/b><\/p>\n<p><b>17,5<\/b><\/p>\n<p>millions de touristes ont \u00e9t\u00e9 accueillis en 2023 dans les h\u00e9bergements collectifs marchands d\u2019Occitanie (h\u00f4tels, campings, r\u00e9sidences de tourisme, villages vacances) totalisant 55,2 millions de nuit\u00e9es, soit 12% des nuit\u00e9es de France m\u00e9tropolitaine.<\/p>\n<p><b>2e<\/b><\/p>\n<p>r\u00e9gion de France pour la fr\u00e9quentation des campings, l\u2019Occitanie s\u2019est hiss\u00e9e en 2025 au 3e rang des r\u00e9gions pour la fr\u00e9quentation touristique, derri\u00e8re l\u2019\u00cele de France et la Nouvelle-Aquitaine et devant Rh\u00f4ne-Alpes et Provence-Alpes-C\u00f4te d\u2019Azur.<\/p>\n<p><b>125 000<\/b><\/p>\n<p>emplois en moyenne par an sont g\u00e9n\u00e9r\u00e9s par le tourisme en Occitanie. Cela repr\u00e9sente 7% de l\u2019emploi marchand de la r\u00e9gion. Au c\u0153ur de l\u2019\u00e9t\u00e9, le secteur emploie jusqu\u2019\u00e0 180 000 travailleurs.<\/p>\n<\/p><\/div>\n","protected":false},"excerpt":{"rendered":"&laquo; Mesurer pour comprendre.&nbsp;&raquo; Telle est la mission de l&rsquo;Institut national de la statistique et des &eacute;tudes &eacute;conomiques (Insee). En ces temps de canicules &agrave; r&eacute;p&eacute;tition, il est temps de remettre &#8230;","protected":false},"author":1,"featured_media":37386,"comment_status":"open","ping_status":"open","sticky":false,"template":"","format":"standard","meta":{"footnotes":""},"categories":[3926,3925,338,333,20],"tags":[207,1550,5342,238,239,2496,284,419,1698,1359,347,6157],"news-destination":[3944],"news-source":[475],"is_homepage":[],"ta_other":[],"class_list":["post-37385","post","type-post","status-publish","format-standard","has-post-thumbnail","hentry","category-accueil-merge","category-accueil-third","category-economie","category-environnement","category-societe","tag-changement-climatique","tag-dereglement-climatique","tag-emploi-saisonnier","tag-gard","tag-herault","tag-insee","tag-occitanie","tag-rechauffement-climatique","tag-saison-estivale","tag-saisonniers","tag-tourisme","tag-urgence-climatique","news-destination-homepage","news-source-website"],"_links":{"self":[{"href":"https:\/\/euapp01.newsmemory.com\/lamarseillaise\/news\/wp-json\/wp\/v2\/posts\/37385","targetHints":{"allow":["GET"]}}],"collection":[{"href":"https:\/\/euapp01.newsmemory.com\/lamarseillaise\/news\/wp-json\/wp\/v2\/posts"}],"about":[{"href":"https:\/\/euapp01.newsmemory.com\/lamarseillaise\/news\/wp-json\/wp\/v2\/types\/post"}],"author":[{"embeddable":true,"href":"https:\/\/euapp01.newsmemory.com\/lamarseillaise\/news\/wp-json\/wp\/v2\/users\/1"}],"replies":[{"embeddable":true,"href":"https:\/\/euapp01.newsmemory.com\/lamarseillaise\/news\/wp-json\/wp\/v2\/comments?post=37385"}],"version-history":[{"count":1,"href":"https:\/\/euapp01.newsmemory.com\/lamarseillaise\/news\/wp-json\/wp\/v2\/posts\/37385\/revisions"}],"predecessor-version":[{"id":37387,"href":"https:\/\/euapp01.newsmemory.com\/lamarseillaise\/news\/wp-json\/wp\/v2\/posts\/37385\/revisions\/37387"}],"wp:featuredmedia":[{"embeddable":true,"href":"https:\/\/euapp01.newsmemory.com\/lamarseillaise\/news\/wp-json\/wp\/v2\/media\/37386"}],"wp:attachment":[{"href":"https:\/\/euapp01.newsmemory.com\/lamarseillaise\/news\/wp-json\/wp\/v2\/media?parent=37385"}],"wp:term":[{"taxonomy":"category","embeddable":true,"href":"https:\/\/euapp01.newsmemory.com\/lamarseillaise\/news\/wp-json\/wp\/v2\/categories?post=37385"},{"taxonomy":"post_tag","embeddable":true,"href":"https:\/\/euapp01.newsmemory.com\/lamarseillaise\/news\/wp-json\/wp\/v2\/tags?post=37385"},{"taxonomy":"news-destination","embeddable":true,"href":"https:\/\/euapp01.newsmemory.com\/lamarseillaise\/news\/wp-json\/wp\/v2\/news-destination?post=37385"},{"taxonomy":"news-source","embeddable":true,"href":"https:\/\/euapp01.newsmemory.com\/lamarseillaise\/news\/wp-json\/wp\/v2\/news-source?post=37385"},{"taxonomy":"is_homepage","embeddable":true,"href":"https:\/\/euapp01.newsmemory.com\/lamarseillaise\/news\/wp-json\/wp\/v2\/is_homepage?post=37385"},{"taxonomy":"ta_other","embeddable":true,"href":"https:\/\/euapp01.newsmemory.com\/lamarseillaise\/news\/wp-json\/wp\/v2\/ta_other?post=37385"}],"curies":[{"name":"wp","href":"https:\/\/api.w.org\/{rel}","templated":true}]}}