{"id":37381,"date":"2026-07-24T10:18:00","date_gmt":"2026-07-24T08:18:00","guid":{"rendered":"https:\/\/euapp01.newsmemory.com\/lamarseillaise\/news\/?p=37381"},"modified":"2026-07-24T10:39:44","modified_gmt":"2026-07-24T08:39:44","slug":"le-vaucluse-labellise-par-le-tour-de-france","status":"publish","type":"post","link":"https:\/\/euapp01.newsmemory.com\/lamarseillaise\/news\/2026\/07\/24\/le-vaucluse-labellise-par-le-tour-de-france\/","title":{"rendered":"Le Vaucluse labellis\u00e9 par le Tour de France"},"content":{"rendered":"<div class=\"paragraph\">\n<p>En lien avec ce double \u00e9v\u00e9nement, mais pas que, Amaury sport organisation [organisateur du Tour de France] a labellis\u00e9 \u00ab\u00a0deux v\u00e9los\u00a0\u00bb le D\u00e9partement. Ce prix, jusque-l\u00e0 r\u00e9serv\u00e9 aux Villes, a \u00e9t\u00e9 ouvert aux D\u00e9partements cette ann\u00e9e. \u00ab\u00a0<i>Cette distinction vient r\u00e9compenser l\u2019ensemble des politiques publiques vauclusiennes en mati\u00e8re de v\u00e9lo men\u00e9es de longue date<\/i>\u00a0\u00bb, se f\u00e9licite le Conseil d\u00e9partemental. Les 165\u00a0km cumul\u00e9s des 3\u00a0v\u00e9los-routes ont ainsi \u00e9t\u00e9 salu\u00e9s.<\/p>\n<\/p><\/div>\n","protected":false},"excerpt":{"rendered":"En lien avec ce double &eacute;v&eacute;nement, mais pas que, Amaury sport organisation [organisateur du Tour de France] a labellis&eacute; &laquo;&nbsp;deux v&eacute;los&nbsp;&raquo; le D&eacute;partement. Ce prix, jusque-l&agrave; &#8230;","protected":false},"author":1,"featured_media":37382,"comment_status":"open","ping_status":"open","sticky":false,"template":"","format":"standard","meta":{"footnotes":""},"categories":[7],"tags":[495,193,387,979,3253,171,807,641],"news-destination":[],"news-source":[475],"is_homepage":[],"ta_other":[],"class_list":["post-37381","post","type-post","status-publish","format-standard","has-post-thumbnail","hentry","category-sports","tag-495","tag-conseil-departemental","tag-femmes","tag-label","tag-tour-de-france","tag-vaucluse","tag-velo","tag-villes","news-source-website"],"_links":{"self":[{"href":"https:\/\/euapp01.newsmemory.com\/lamarseillaise\/news\/wp-json\/wp\/v2\/posts\/37381","targetHints":{"allow":["GET"]}}],"collection":[{"href":"https:\/\/euapp01.newsmemory.com\/lamarseillaise\/news\/wp-json\/wp\/v2\/posts"}],"about":[{"href":"https:\/\/euapp01.newsmemory.com\/lamarseillaise\/news\/wp-json\/wp\/v2\/types\/post"}],"author":[{"embeddable":true,"href":"https:\/\/euapp01.newsmemory.com\/lamarseillaise\/news\/wp-json\/wp\/v2\/users\/1"}],"replies":[{"embeddable":true,"href":"https:\/\/euapp01.newsmemory.com\/lamarseillaise\/news\/wp-json\/wp\/v2\/comments?post=37381"}],"version-history":[{"count":1,"href":"https:\/\/euapp01.newsmemory.com\/lamarseillaise\/news\/wp-json\/wp\/v2\/posts\/37381\/revisions"}],"predecessor-version":[{"id":37383,"href":"https:\/\/euapp01.newsmemory.com\/lamarseillaise\/news\/wp-json\/wp\/v2\/posts\/37381\/revisions\/37383"}],"wp:featuredmedia":[{"embeddable":true,"href":"https:\/\/euapp01.newsmemory.com\/lamarseillaise\/news\/wp-json\/wp\/v2\/media\/37382"}],"wp:attachment":[{"href":"https:\/\/euapp01.newsmemory.com\/lamarseillaise\/news\/wp-json\/wp\/v2\/media?parent=37381"}],"wp:term":[{"taxonomy":"category","embeddable":true,"href":"https:\/\/euapp01.newsmemory.com\/lamarseillaise\/news\/wp-json\/wp\/v2\/categories?post=37381"},{"taxonomy":"post_tag","embeddable":true,"href":"https:\/\/euapp01.newsmemory.com\/lamarseillaise\/news\/wp-json\/wp\/v2\/tags?post=37381"},{"taxonomy":"news-destination","embeddable":true,"href":"https:\/\/euapp01.newsmemory.com\/lamarseillaise\/news\/wp-json\/wp\/v2\/news-destination?post=37381"},{"taxonomy":"news-source","embeddable":true,"href":"https:\/\/euapp01.newsmemory.com\/lamarseillaise\/news\/wp-json\/wp\/v2\/news-source?post=37381"},{"taxonomy":"is_homepage","embeddable":true,"href":"https:\/\/euapp01.newsmemory.com\/lamarseillaise\/news\/wp-json\/wp\/v2\/is_homepage?post=37381"},{"taxonomy":"ta_other","embeddable":true,"href":"https:\/\/euapp01.newsmemory.com\/lamarseillaise\/news\/wp-json\/wp\/v2\/ta_other?post=37381"}],"curies":[{"name":"wp","href":"https:\/\/api.w.org\/{rel}","templated":true}]}}