{"id":37378,"date":"2026-07-24T10:10:00","date_gmt":"2026-07-24T08:10:00","guid":{"rendered":"https:\/\/euapp01.newsmemory.com\/lamarseillaise\/news\/?p=37378"},"modified":"2026-07-24T10:27:33","modified_gmt":"2026-07-24T08:27:33","slug":"la-girolata-pour-apprendre-la-mer-en-toute-confiance","status":"publish","type":"post","link":"https:\/\/euapp01.newsmemory.com\/lamarseillaise\/news\/2026\/07\/24\/la-girolata-pour-apprendre-la-mer-en-toute-confiance\/","title":{"rendered":"La Girolata pour apprendre la mer en toute confiance"},"content":{"rendered":"<div class=\"paragraph\">\n<p>Marseillais de c\u0153ur, Emmanuel Witv\u0153t a grandi sur le pont d\u2019un bateau.<\/p>\n<p>Il a fait ses classes aux Gl\u00e9nan, avant que la voile devienne son m\u00e9tier. Et venir dans le Sud, sur les pas de l\u2019un de ses arri\u00e8re-grands-p\u00e8res qui \u00e9tait marin \u00e0 Marseille. Si naviguer est sa passion, transmettre son savoir est devenu une vocation. \u00ab\u00a0<i>Le c\u00f4t\u00e9 partage et d\u00e9fi, \u00e7a me botte, je sentais que la mer m\u2019appelait<\/i>\u00a0\u00bb confie-t-il.<\/p>\n<\/p><\/div>\n<div class=\"intext\"> En petit comit\u00e9\n              <\/div>\n<div class=\"paragraph\">\n<p>Dipl\u00f4me en poche, Marseille est donc devenue son port d\u2019attache. Et s\u2019il propose des formations classiques, avec mise en pratique dans la rade de Marseille sur son <i>Grand Soleil 34.1,<\/i> Emmanuel accueille \u00e0 son bord d\u2019autres apprentis marins.<\/p>\n<p>Il organise r\u00e9guli\u00e8rement des sorties en mer pour les minots du centre social de la Belle de Mai. \u00ab\u00a0<i>Ce sont de petits groupes de quatre, ce qui nous permet de bien appr\u00e9hender les gestes et de progresser rapidement. Que ces jeunes deviennent des acteurs du port sur les rives duquel ils vivent<\/i>\u00a0\u00bb indique-t-il.<\/p>\n<p>C\u2019est son passage aux Gl\u00e9nan qui a inspir\u00e9 cette initiative, \u00ab\u00a0<i>car cette \u00e9cole est avant tout une \u00e9cole bas\u00e9e sur la solidarit\u00e9, qui accueille des bless\u00e9s de guerre et des personnes victimes de violences conjugales afin de les aider \u00e0 se reconstruire<\/i><i>\u00a0<\/i>\u00bb.<\/p>\n<p>Sur son <i>Grand Soleil<\/i>, Emmanuel Witv\u0153t accueille \u00e9galement des migrants. \u00ab\u00a0<i>Le but est de leur montrer qu\u2019un bateau peut aussi \u00eatre un \u00e9l\u00e9ment de plaisir. G\u00e9n\u00e9ralement ils surmontent rapidement l\u2019appr\u00e9hension de revenir sur l\u2019eau, qui pour eux est synonyme de danger absolu, pour qu\u2019ils la voient comme un espace ludique.<\/i>\u00a0\u00bb<\/p>\n<\/p><\/div>\n<div class=\"paragraph\">\n<p><i><a rel=\"nofollow noopener noreferrer\" href=\"https:\/\/www.girolata.fr\/\" target=\"_blank\">www.girolata.fr<\/a><\/i><\/p>\n<\/p><\/div>\n","protected":false},"excerpt":{"rendered":"Marseillais de c&oelig;ur, Emmanuel Witv&oelig;t a grandi sur le pont d&rsquo;un bateau.Il a fait ses classes aux Gl&eacute;nan, avant que la voile devienne son m&eacute;tier. Et venir dans le Sud, sur les pas de l&rsquo;un de ses &#8230;","protected":false},"author":1,"featured_media":37379,"comment_status":"open","ping_status":"open","sticky":false,"template":"","format":"standard","meta":{"footnotes":""},"categories":[7],"tags":[10,505,16,2795,1198],"news-destination":[],"news-source":[475],"is_homepage":[],"ta_other":[],"class_list":["post-37378","post","type-post","status-publish","format-standard","has-post-thumbnail","hentry","category-sports","tag-bouches-du-rhone","tag-formation","tag-marseille","tag-migrants","tag-voile","news-source-website"],"_links":{"self":[{"href":"https:\/\/euapp01.newsmemory.com\/lamarseillaise\/news\/wp-json\/wp\/v2\/posts\/37378","targetHints":{"allow":["GET"]}}],"collection":[{"href":"https:\/\/euapp01.newsmemory.com\/lamarseillaise\/news\/wp-json\/wp\/v2\/posts"}],"about":[{"href":"https:\/\/euapp01.newsmemory.com\/lamarseillaise\/news\/wp-json\/wp\/v2\/types\/post"}],"author":[{"embeddable":true,"href":"https:\/\/euapp01.newsmemory.com\/lamarseillaise\/news\/wp-json\/wp\/v2\/users\/1"}],"replies":[{"embeddable":true,"href":"https:\/\/euapp01.newsmemory.com\/lamarseillaise\/news\/wp-json\/wp\/v2\/comments?post=37378"}],"version-history":[{"count":1,"href":"https:\/\/euapp01.newsmemory.com\/lamarseillaise\/news\/wp-json\/wp\/v2\/posts\/37378\/revisions"}],"predecessor-version":[{"id":37380,"href":"https:\/\/euapp01.newsmemory.com\/lamarseillaise\/news\/wp-json\/wp\/v2\/posts\/37378\/revisions\/37380"}],"wp:featuredmedia":[{"embeddable":true,"href":"https:\/\/euapp01.newsmemory.com\/lamarseillaise\/news\/wp-json\/wp\/v2\/media\/37379"}],"wp:attachment":[{"href":"https:\/\/euapp01.newsmemory.com\/lamarseillaise\/news\/wp-json\/wp\/v2\/media?parent=37378"}],"wp:term":[{"taxonomy":"category","embeddable":true,"href":"https:\/\/euapp01.newsmemory.com\/lamarseillaise\/news\/wp-json\/wp\/v2\/categories?post=37378"},{"taxonomy":"post_tag","embeddable":true,"href":"https:\/\/euapp01.newsmemory.com\/lamarseillaise\/news\/wp-json\/wp\/v2\/tags?post=37378"},{"taxonomy":"news-destination","embeddable":true,"href":"https:\/\/euapp01.newsmemory.com\/lamarseillaise\/news\/wp-json\/wp\/v2\/news-destination?post=37378"},{"taxonomy":"news-source","embeddable":true,"href":"https:\/\/euapp01.newsmemory.com\/lamarseillaise\/news\/wp-json\/wp\/v2\/news-source?post=37378"},{"taxonomy":"is_homepage","embeddable":true,"href":"https:\/\/euapp01.newsmemory.com\/lamarseillaise\/news\/wp-json\/wp\/v2\/is_homepage?post=37378"},{"taxonomy":"ta_other","embeddable":true,"href":"https:\/\/euapp01.newsmemory.com\/lamarseillaise\/news\/wp-json\/wp\/v2\/ta_other?post=37378"}],"curies":[{"name":"wp","href":"https:\/\/api.w.org\/{rel}","templated":true}]}}