{"id":37375,"date":"2026-07-24T09:58:00","date_gmt":"2026-07-24T07:58:00","guid":{"rendered":"https:\/\/euapp01.newsmemory.com\/lamarseillaise\/news\/?p=37375"},"modified":"2026-07-24T10:13:37","modified_gmt":"2026-07-24T08:13:37","slug":"cest-lete-la-tournee-dete-fait-vibrer-les-arenes-de-saint-martin-de-crau","status":"publish","type":"post","link":"https:\/\/euapp01.newsmemory.com\/lamarseillaise\/news\/2026\/07\/24\/cest-lete-la-tournee-dete-fait-vibrer-les-arenes-de-saint-martin-de-crau\/","title":{"rendered":"[C\u2019est l\u2019\u00e9t\u00e9] La tourn\u00e9e d\u2019\u00e9t\u00e9 fait vibrer les ar\u00e8nes de Saint-Martin-de-Crau"},"content":{"rendered":"<div class=\"paragraph\">\n<p>Malgr\u00e9 un important incendie, d\u00e9sormais circonscrit, survenu dans la zone industrielle et qui a n\u00e9cessit\u00e9 la pr\u00e9sence de la maire, S\u00e9verine Dellanegra, la soir\u00e9e a \u00e9t\u00e9 maintenue. L\u2019\u00e9lue a rejoint les ar\u00e8nes une fois le feu ma\u00eetris\u00e9. Son adjoint aux festivit\u00e9s, Micka\u00ebl D\u00e9marque, \u00e9tait \u00e9galement pr\u00e9sent. Les \u00e9lus ont notamment salu\u00e9 l\u2019engagement et le courage des sapeurs-pompiers mobilis\u00e9s sur ce sinistre. Le public a ensuite vibr\u00e9 au son de Jukebox Connexion avant de reprendre en ch\u0153ur les grands classiques de Jean-Jacques Goldman interpr\u00e9t\u00e9s par le groupe tribute Goldman. La f\u00eate s\u2019est poursuivie dans une ambiance chaleureuse et dansante avec DJ Jo Spencer, pour le plus grand plaisir des spectateurs.<\/p>\n<\/p><\/div>\n","protected":false},"excerpt":{"rendered":"Malgr&eacute; un important incendie, d&eacute;sormais circonscrit, survenu dans la zone industrielle et qui a n&eacute;cessit&eacute; la pr&eacute;sence de la maire, S&eacute;verine Dellanegra, la soir&eacute;e a &eacute;t&eacute; maintenue. &#8230;","protected":false},"author":1,"featured_media":37376,"comment_status":"open","ping_status":"open","sticky":false,"template":"","format":"standard","meta":{"footnotes":""},"categories":[32],"tags":[10,6085,400,6156,1138,466,2521,1279],"news-destination":[],"news-source":[475],"is_homepage":[],"ta_other":[],"class_list":["post-37375","post","type-post","status-publish","format-standard","has-post-thumbnail","hentry","category-culture","tag-bouches-du-rhone","tag-cest-lete","tag-concerts","tag-dj","tag-festivites","tag-fete","tag-saint-martin-de-crau","tag-tournee-dete-la-marseillaise","news-source-website"],"_links":{"self":[{"href":"https:\/\/euapp01.newsmemory.com\/lamarseillaise\/news\/wp-json\/wp\/v2\/posts\/37375","targetHints":{"allow":["GET"]}}],"collection":[{"href":"https:\/\/euapp01.newsmemory.com\/lamarseillaise\/news\/wp-json\/wp\/v2\/posts"}],"about":[{"href":"https:\/\/euapp01.newsmemory.com\/lamarseillaise\/news\/wp-json\/wp\/v2\/types\/post"}],"author":[{"embeddable":true,"href":"https:\/\/euapp01.newsmemory.com\/lamarseillaise\/news\/wp-json\/wp\/v2\/users\/1"}],"replies":[{"embeddable":true,"href":"https:\/\/euapp01.newsmemory.com\/lamarseillaise\/news\/wp-json\/wp\/v2\/comments?post=37375"}],"version-history":[{"count":1,"href":"https:\/\/euapp01.newsmemory.com\/lamarseillaise\/news\/wp-json\/wp\/v2\/posts\/37375\/revisions"}],"predecessor-version":[{"id":37377,"href":"https:\/\/euapp01.newsmemory.com\/lamarseillaise\/news\/wp-json\/wp\/v2\/posts\/37375\/revisions\/37377"}],"wp:featuredmedia":[{"embeddable":true,"href":"https:\/\/euapp01.newsmemory.com\/lamarseillaise\/news\/wp-json\/wp\/v2\/media\/37376"}],"wp:attachment":[{"href":"https:\/\/euapp01.newsmemory.com\/lamarseillaise\/news\/wp-json\/wp\/v2\/media?parent=37375"}],"wp:term":[{"taxonomy":"category","embeddable":true,"href":"https:\/\/euapp01.newsmemory.com\/lamarseillaise\/news\/wp-json\/wp\/v2\/categories?post=37375"},{"taxonomy":"post_tag","embeddable":true,"href":"https:\/\/euapp01.newsmemory.com\/lamarseillaise\/news\/wp-json\/wp\/v2\/tags?post=37375"},{"taxonomy":"news-destination","embeddable":true,"href":"https:\/\/euapp01.newsmemory.com\/lamarseillaise\/news\/wp-json\/wp\/v2\/news-destination?post=37375"},{"taxonomy":"news-source","embeddable":true,"href":"https:\/\/euapp01.newsmemory.com\/lamarseillaise\/news\/wp-json\/wp\/v2\/news-source?post=37375"},{"taxonomy":"is_homepage","embeddable":true,"href":"https:\/\/euapp01.newsmemory.com\/lamarseillaise\/news\/wp-json\/wp\/v2\/is_homepage?post=37375"},{"taxonomy":"ta_other","embeddable":true,"href":"https:\/\/euapp01.newsmemory.com\/lamarseillaise\/news\/wp-json\/wp\/v2\/ta_other?post=37375"}],"curies":[{"name":"wp","href":"https:\/\/api.w.org\/{rel}","templated":true}]}}