{"id":37369,"date":"2026-07-24T09:43:00","date_gmt":"2026-07-24T07:43:00","guid":{"rendered":"https:\/\/euapp01.newsmemory.com\/lamarseillaise\/news\/?p=37369"},"modified":"2026-07-24T10:01:04","modified_gmt":"2026-07-24T08:01:04","slug":"cest-lete-gardanparty","status":"publish","type":"post","link":"https:\/\/euapp01.newsmemory.com\/lamarseillaise\/news\/2026\/07\/24\/cest-lete-gardanparty\/","title":{"rendered":"[C\u2019est l\u2019\u00e9t\u00e9] Gardan\u2019Party"},"content":{"rendered":"<div class=\"paragraph\">\n<p>Pas un mot sur les r\u00e9seaux sociaux, pas une interview, pas une apparition t\u00e9l\u00e9vis\u00e9e. Des nuits blanches \u00e0 \u00e9crire et \u00e0 composer, \u00e0 coucher sur le papier ses blessures, ses peines, ses forces, ses faiblesses et ses v\u00e9rit\u00e9s. Dans le cadre du festival Gardan\u2019Party, elle vous donne rendez-vous \u00e0 21h sur le cours de la R\u00e9publique pour un concert unique.<\/p>\n<\/p><\/div>\n<div class=\"paragraph\">\n<p><i>Gratuit.<\/i><\/p>\n<\/p><\/div>\n","protected":false},"excerpt":{"rendered":"Pas un mot sur les r&eacute;seaux sociaux, pas une interview, pas une apparition t&eacute;l&eacute;vis&eacute;e. Des nuits blanches &agrave; &eacute;crire et &agrave; composer, &agrave; coucher sur le papier ses blessures, ses peines, ses forces, &#8230;","protected":false},"author":1,"featured_media":37370,"comment_status":"open","ping_status":"open","sticky":false,"template":"","format":"standard","meta":{"footnotes":""},"categories":[32],"tags":[10,6085,34,831,1083,325],"news-destination":[],"news-source":[475],"is_homepage":[],"ta_other":[],"class_list":["post-37369","post","type-post","status-publish","format-standard","has-post-thumbnail","hentry","category-culture","tag-bouches-du-rhone","tag-cest-lete","tag-concert","tag-gardanne","tag-gratuit","tag-musique","news-source-website"],"_links":{"self":[{"href":"https:\/\/euapp01.newsmemory.com\/lamarseillaise\/news\/wp-json\/wp\/v2\/posts\/37369","targetHints":{"allow":["GET"]}}],"collection":[{"href":"https:\/\/euapp01.newsmemory.com\/lamarseillaise\/news\/wp-json\/wp\/v2\/posts"}],"about":[{"href":"https:\/\/euapp01.newsmemory.com\/lamarseillaise\/news\/wp-json\/wp\/v2\/types\/post"}],"author":[{"embeddable":true,"href":"https:\/\/euapp01.newsmemory.com\/lamarseillaise\/news\/wp-json\/wp\/v2\/users\/1"}],"replies":[{"embeddable":true,"href":"https:\/\/euapp01.newsmemory.com\/lamarseillaise\/news\/wp-json\/wp\/v2\/comments?post=37369"}],"version-history":[{"count":1,"href":"https:\/\/euapp01.newsmemory.com\/lamarseillaise\/news\/wp-json\/wp\/v2\/posts\/37369\/revisions"}],"predecessor-version":[{"id":37371,"href":"https:\/\/euapp01.newsmemory.com\/lamarseillaise\/news\/wp-json\/wp\/v2\/posts\/37369\/revisions\/37371"}],"wp:featuredmedia":[{"embeddable":true,"href":"https:\/\/euapp01.newsmemory.com\/lamarseillaise\/news\/wp-json\/wp\/v2\/media\/37370"}],"wp:attachment":[{"href":"https:\/\/euapp01.newsmemory.com\/lamarseillaise\/news\/wp-json\/wp\/v2\/media?parent=37369"}],"wp:term":[{"taxonomy":"category","embeddable":true,"href":"https:\/\/euapp01.newsmemory.com\/lamarseillaise\/news\/wp-json\/wp\/v2\/categories?post=37369"},{"taxonomy":"post_tag","embeddable":true,"href":"https:\/\/euapp01.newsmemory.com\/lamarseillaise\/news\/wp-json\/wp\/v2\/tags?post=37369"},{"taxonomy":"news-destination","embeddable":true,"href":"https:\/\/euapp01.newsmemory.com\/lamarseillaise\/news\/wp-json\/wp\/v2\/news-destination?post=37369"},{"taxonomy":"news-source","embeddable":true,"href":"https:\/\/euapp01.newsmemory.com\/lamarseillaise\/news\/wp-json\/wp\/v2\/news-source?post=37369"},{"taxonomy":"is_homepage","embeddable":true,"href":"https:\/\/euapp01.newsmemory.com\/lamarseillaise\/news\/wp-json\/wp\/v2\/is_homepage?post=37369"},{"taxonomy":"ta_other","embeddable":true,"href":"https:\/\/euapp01.newsmemory.com\/lamarseillaise\/news\/wp-json\/wp\/v2\/ta_other?post=37369"}],"curies":[{"name":"wp","href":"https:\/\/api.w.org\/{rel}","templated":true}]}}