{"id":37366,"date":"2026-07-24T09:45:00","date_gmt":"2026-07-24T07:45:00","guid":{"rendered":"https:\/\/euapp01.newsmemory.com\/lamarseillaise\/news\/?p=37366"},"modified":"2026-07-24T10:01:04","modified_gmt":"2026-07-24T08:01:04","slug":"cest-lete-premier-festival-des-arts","status":"publish","type":"post","link":"https:\/\/euapp01.newsmemory.com\/lamarseillaise\/news\/2026\/07\/24\/cest-lete-premier-festival-des-arts\/","title":{"rendered":"[C\u2019est l\u2019\u00e9t\u00e9] Premier festival des Arts"},"content":{"rendered":"<div class=\"paragraph\">\n<p>Le Ch\u00e2teau de Berne lance son tout premier festival des Arts et investit l\u2019amphith\u00e9\u00e2tre \u00e0 ciel ouvert du domaine, entre vignes et oliviers, pour proposer une programmation \u00e9clectique m\u00ealant expositions photographiques, th\u00e9\u00e2tre en plein air, concerts et performances musicales. Nicolas Reyes vous y attend pour un concert.<\/p>\n<\/p><\/div>\n<div class=\"paragraph\">\n<p><i>Infos sur le <a rel=\"nofollow noopener noreferrer\" href=\"https:\/\/www.chateauberne.com\/le-festival-des-arts\/\" target=\"_blank\">site du ch\u00e2teau<\/a><\/i><\/p>\n<\/p><\/div>\n","protected":false},"excerpt":{"rendered":"Le Ch&acirc;teau de Berne lance son tout premier festival des Arts et investit l&rsquo;amphith&eacute;&acirc;tre &agrave; ciel ouvert du domaine, entre vignes et oliviers, pour proposer une programmation &eacute;clectique m&ecirc;lant expositions &#8230;","protected":false},"author":1,"featured_media":37367,"comment_status":"open","ping_status":"open","sticky":false,"template":"","format":"standard","meta":{"footnotes":""},"categories":[32],"tags":[1059,6085,400,3251,329,6087,325,1233,2000,529,1241,31],"news-destination":[],"news-source":[475],"is_homepage":[],"ta_other":[],"class_list":["post-37366","post","type-post","status-publish","format-standard","has-post-thumbnail","hentry","category-culture","tag-arts","tag-cest-lete","tag-concerts","tag-expo-photo","tag-festival","tag-flayosc","tag-musique","tag-photos","tag-plein-air","tag-spectacle","tag-theatre","tag-var","news-source-website"],"_links":{"self":[{"href":"https:\/\/euapp01.newsmemory.com\/lamarseillaise\/news\/wp-json\/wp\/v2\/posts\/37366","targetHints":{"allow":["GET"]}}],"collection":[{"href":"https:\/\/euapp01.newsmemory.com\/lamarseillaise\/news\/wp-json\/wp\/v2\/posts"}],"about":[{"href":"https:\/\/euapp01.newsmemory.com\/lamarseillaise\/news\/wp-json\/wp\/v2\/types\/post"}],"author":[{"embeddable":true,"href":"https:\/\/euapp01.newsmemory.com\/lamarseillaise\/news\/wp-json\/wp\/v2\/users\/1"}],"replies":[{"embeddable":true,"href":"https:\/\/euapp01.newsmemory.com\/lamarseillaise\/news\/wp-json\/wp\/v2\/comments?post=37366"}],"version-history":[{"count":1,"href":"https:\/\/euapp01.newsmemory.com\/lamarseillaise\/news\/wp-json\/wp\/v2\/posts\/37366\/revisions"}],"predecessor-version":[{"id":37368,"href":"https:\/\/euapp01.newsmemory.com\/lamarseillaise\/news\/wp-json\/wp\/v2\/posts\/37366\/revisions\/37368"}],"wp:featuredmedia":[{"embeddable":true,"href":"https:\/\/euapp01.newsmemory.com\/lamarseillaise\/news\/wp-json\/wp\/v2\/media\/37367"}],"wp:attachment":[{"href":"https:\/\/euapp01.newsmemory.com\/lamarseillaise\/news\/wp-json\/wp\/v2\/media?parent=37366"}],"wp:term":[{"taxonomy":"category","embeddable":true,"href":"https:\/\/euapp01.newsmemory.com\/lamarseillaise\/news\/wp-json\/wp\/v2\/categories?post=37366"},{"taxonomy":"post_tag","embeddable":true,"href":"https:\/\/euapp01.newsmemory.com\/lamarseillaise\/news\/wp-json\/wp\/v2\/tags?post=37366"},{"taxonomy":"news-destination","embeddable":true,"href":"https:\/\/euapp01.newsmemory.com\/lamarseillaise\/news\/wp-json\/wp\/v2\/news-destination?post=37366"},{"taxonomy":"news-source","embeddable":true,"href":"https:\/\/euapp01.newsmemory.com\/lamarseillaise\/news\/wp-json\/wp\/v2\/news-source?post=37366"},{"taxonomy":"is_homepage","embeddable":true,"href":"https:\/\/euapp01.newsmemory.com\/lamarseillaise\/news\/wp-json\/wp\/v2\/is_homepage?post=37366"},{"taxonomy":"ta_other","embeddable":true,"href":"https:\/\/euapp01.newsmemory.com\/lamarseillaise\/news\/wp-json\/wp\/v2\/ta_other?post=37366"}],"curies":[{"name":"wp","href":"https:\/\/api.w.org\/{rel}","templated":true}]}}