{"id":37357,"date":"2026-07-24T09:40:00","date_gmt":"2026-07-24T07:40:00","guid":{"rendered":"https:\/\/euapp01.newsmemory.com\/lamarseillaise\/news\/?p=37357"},"modified":"2026-07-24T10:01:04","modified_gmt":"2026-07-24T08:01:04","slug":"cest-lete-fete-du-thor-a-sisteron","status":"publish","type":"post","link":"https:\/\/euapp01.newsmemory.com\/lamarseillaise\/news\/2026\/07\/24\/cest-lete-fete-du-thor-a-sisteron\/","title":{"rendered":"[C\u2019est l\u2019\u00e9t\u00e9] F\u00eate du Thor \u00e0 Sisteron"},"content":{"rendered":"<div class=\"paragraph\">\n<p>Au programme\u00a0: de nombreuses animations, des attractions foraines, une offre de restauration sur place et, bien s\u00fbr, le traditionnel feu d\u2019artifice du dimanche soir.<\/p>\n<\/p><\/div>\n","protected":false},"excerpt":{"rendered":"Au programme&nbsp;: de nombreuses animations, des attractions foraines, une offre de restauration sur place et, bien s&ucirc;r, le traditionnel feu d&rsquo;artifice du dimanche soir.","protected":false},"author":1,"featured_media":37358,"comment_status":"open","ping_status":"open","sticky":false,"template":"","format":"standard","meta":{"footnotes":""},"categories":[20],"tags":[4768,4467,1277,6085,58,1138,466,6080,700,180],"news-destination":[],"news-source":[475],"is_homepage":[],"ta_other":[],"class_list":["post-37357","post","type-post","status-publish","format-standard","has-post-thumbnail","hentry","category-societe","tag-alpes","tag-alpes-de-haute-provence","tag-animations","tag-cest-lete","tag-famille","tag-festivites","tag-fete","tag-feux-dartifice","tag-quartier","tag-restauration","news-source-website"],"_links":{"self":[{"href":"https:\/\/euapp01.newsmemory.com\/lamarseillaise\/news\/wp-json\/wp\/v2\/posts\/37357","targetHints":{"allow":["GET"]}}],"collection":[{"href":"https:\/\/euapp01.newsmemory.com\/lamarseillaise\/news\/wp-json\/wp\/v2\/posts"}],"about":[{"href":"https:\/\/euapp01.newsmemory.com\/lamarseillaise\/news\/wp-json\/wp\/v2\/types\/post"}],"author":[{"embeddable":true,"href":"https:\/\/euapp01.newsmemory.com\/lamarseillaise\/news\/wp-json\/wp\/v2\/users\/1"}],"replies":[{"embeddable":true,"href":"https:\/\/euapp01.newsmemory.com\/lamarseillaise\/news\/wp-json\/wp\/v2\/comments?post=37357"}],"version-history":[{"count":1,"href":"https:\/\/euapp01.newsmemory.com\/lamarseillaise\/news\/wp-json\/wp\/v2\/posts\/37357\/revisions"}],"predecessor-version":[{"id":37359,"href":"https:\/\/euapp01.newsmemory.com\/lamarseillaise\/news\/wp-json\/wp\/v2\/posts\/37357\/revisions\/37359"}],"wp:featuredmedia":[{"embeddable":true,"href":"https:\/\/euapp01.newsmemory.com\/lamarseillaise\/news\/wp-json\/wp\/v2\/media\/37358"}],"wp:attachment":[{"href":"https:\/\/euapp01.newsmemory.com\/lamarseillaise\/news\/wp-json\/wp\/v2\/media?parent=37357"}],"wp:term":[{"taxonomy":"category","embeddable":true,"href":"https:\/\/euapp01.newsmemory.com\/lamarseillaise\/news\/wp-json\/wp\/v2\/categories?post=37357"},{"taxonomy":"post_tag","embeddable":true,"href":"https:\/\/euapp01.newsmemory.com\/lamarseillaise\/news\/wp-json\/wp\/v2\/tags?post=37357"},{"taxonomy":"news-destination","embeddable":true,"href":"https:\/\/euapp01.newsmemory.com\/lamarseillaise\/news\/wp-json\/wp\/v2\/news-destination?post=37357"},{"taxonomy":"news-source","embeddable":true,"href":"https:\/\/euapp01.newsmemory.com\/lamarseillaise\/news\/wp-json\/wp\/v2\/news-source?post=37357"},{"taxonomy":"is_homepage","embeddable":true,"href":"https:\/\/euapp01.newsmemory.com\/lamarseillaise\/news\/wp-json\/wp\/v2\/is_homepage?post=37357"},{"taxonomy":"ta_other","embeddable":true,"href":"https:\/\/euapp01.newsmemory.com\/lamarseillaise\/news\/wp-json\/wp\/v2\/ta_other?post=37357"}],"curies":[{"name":"wp","href":"https:\/\/api.w.org\/{rel}","templated":true}]}}