{"id":37354,"date":"2026-07-24T09:51:00","date_gmt":"2026-07-24T07:51:00","guid":{"rendered":"https:\/\/euapp01.newsmemory.com\/lamarseillaise\/news\/?p=37354"},"modified":"2026-07-24T10:01:04","modified_gmt":"2026-07-24T08:01:04","slug":"justice-sociale-a-lagonie","status":"publish","type":"post","link":"https:\/\/euapp01.newsmemory.com\/lamarseillaise\/news\/2026\/07\/24\/justice-sociale-a-lagonie\/","title":{"rendered":"Justice sociale \u00e0 l\u2019agonie"},"content":{"rendered":"<div class=\"paragraph\">\n<p>Par L\u00e9a Talrich, Avocate au Barreau de Marseille<\/p>\n<\/p><\/div>\n<div class=\"paragraph\"> <\/div>\n<div class=\"paragraph\">\n<p>Hier, M<sup>me<\/sup>\u00a0Harcel\u00e9e a saisi le conseil de prud\u2019hommes de Marseille pour faire cesser le harc\u00e8lement qu\u2019elle subit dans son travail, en payant un timbre de 50\u00a0euros. L\u2019audience de conciliation, la premi\u00e8re d\u2019une s\u00e9rie d\u2019au moins trois audiences avant qu\u2019un jugement soit rendu, a \u00e9t\u00e9 fix\u00e9e en f\u00e9vrier\u00a02027. Une d\u00e9cision arrivera au plus t\u00f4t en 2028. Et pendant ce temps, sa souffrance s\u2019aggrave. Depuis plusieurs mois, le conseil de prud\u2019hommes attend des greffiers. En sous-effectif, ceux en poste sont \u00e9puis\u00e9s et ne peuvent pas se d\u00e9doubler. Sans greffiers, pas d\u2019audience. Sans audience, pas de droits.<\/p>\n<p>M.\u00a0Bless\u00e9 a subi un accident de travail il y a six mois. La S\u00e9curit\u00e9 sociale n\u2019a pas voulu reconna\u00eetre le caract\u00e8re professionnel de l\u2019accident. Il a saisi le P\u00f4le social du tribunal judiciaire hier, en payant un timbre de 50\u00a0euros. La justice en a accus\u00e9 r\u00e9ception. Il recevra l\u2019information d\u2019une date d\u2019audience dans un an et demi. La d\u00e9cision sera peut-\u00eatre rendue dans deux ans. Esp\u00e9rons qu\u2019il sera gu\u00e9ri d\u2019ici l\u00e0, bien que cela rende le contentieux inutile.<\/p>\n<p>Mme\u00a0Exploit\u00e9e attend qu\u2019on lui paie ses heures suppl\u00e9mentaires, r\u00e9alis\u00e9es par centaines dans son ex-entreprise de l\u2019h\u00f4tellerie-restauration. Elle a saisi le conseil de prud\u2019hommes gratuitement en 2020. Elle a eu un jugement en 2022. Son employeur a fait appel. Et elle attend depuis maintenant quatre ans qu\u2019une date d\u2019audience soit fix\u00e9e. Faute de magistrats, les chambres sociales de la Cour d\u2019appel d\u2019Aix-en-Provence sont incapables de juger avant 4 ans d\u2019attente.<\/p>\n<p>La justice des droits sociaux est (mal)trait\u00e9e \u00e0 l\u2019image des droits qu\u2019elle est suppos\u00e9e garantir. Alors que le choix du contentieux est souvent le dernier recours des justiciables, ils et elles font face \u00e0 un mur de silence, de d\u00e9sint\u00e9r\u00eat et de m\u00e9pris. Les personnels de justice sont essor\u00e9s jusqu\u2019\u00e0 \u00eatre contraints de se d\u00e9sensibiliser pour survivre \u00e0 leurs conditions de travail indignes.<\/p>\n<p>Lorsque ce constat s\u2019aggrave d\u2019ann\u00e9e en ann\u00e9e, Monsieur Darmanin n\u2019a rien trouv\u00e9 de mieux pour dissuader les pr\u00e9caires de faire valoir leurs droits que de rendre l\u2019acc\u00e8s au service public de la justice payant. 50\u00a0euros, c\u2019est le prix de la honte du syst\u00e8me judiciaire fran\u00e7ais. Si la justice sociale est l\u2019outil de r\u00e9\u00e9quilibre pour celles et ceux qui sont les plus faibles, le gouvernement veut d\u00e9truire la balance. Lentement, en \u00e9puisant par le silence judiciaire.<\/p>\n<p>Le seul moyen de combattre le silence est le bruit. Int\u00e9ressons-nous aux contentieux du travail, de la s\u00e9curit\u00e9 sociale, du handicap, car il s\u2019agit souvent de r\u00e9cits de toute une vie, qui m\u00e9ritent mieux que d\u2019\u00eatre ignor\u00e9s. Le service public de la justice a besoin de finances, de personnels et de d\u00e9lais raisonnables. Exigeons des moyens \u00e0 la hauteur des besoins, nombreux, de celles et ceux qui subissent la violence du travail.<\/p>\n<\/p><\/div>\n<div class=\"paragraph\">\n<p><i>Une question ? Besoin d\u2019un conseil ? Contactez nos chroniqueurs par mail<\/i><\/p>\n<p><i>avocats@lamarseillaise.fr<\/i><\/p>\n<\/p><\/div>\n","protected":false},"excerpt":{"rendered":"Par L&eacute;a Talrich, Avocate au Barreau de MarseilleHier, Mme&nbsp;Harcel&eacute;e a saisi le conseil de prud&rsquo;hommes de Marseille pour faire cesser le harc&egrave;lement qu&rsquo;elle subit dans son travail, en payant un timbre de &#8230;","protected":false},"author":1,"featured_media":37355,"comment_status":"open","ping_status":"open","sticky":false,"template":"","format":"standard","meta":{"footnotes":""},"categories":[20],"tags":[1114,10,1808,1600,249,200,4664,16,1188,1806,3077,53],"news-destination":[],"news-source":[475],"is_homepage":[],"ta_other":[],"class_list":["post-37354","post","type-post","status-publish","format-standard","has-post-thumbnail","hentry","category-societe","tag-avocats","tag-bouches-du-rhone","tag-conseil-des-prudhommes","tag-droits-sociaux","tag-gerald-darmanin","tag-justice","tag-manque-deffectifs","tag-marseille","tag-moyens","tag-prudhommes","tag-robes-noires","tag-travail","news-source-website"],"_links":{"self":[{"href":"https:\/\/euapp01.newsmemory.com\/lamarseillaise\/news\/wp-json\/wp\/v2\/posts\/37354","targetHints":{"allow":["GET"]}}],"collection":[{"href":"https:\/\/euapp01.newsmemory.com\/lamarseillaise\/news\/wp-json\/wp\/v2\/posts"}],"about":[{"href":"https:\/\/euapp01.newsmemory.com\/lamarseillaise\/news\/wp-json\/wp\/v2\/types\/post"}],"author":[{"embeddable":true,"href":"https:\/\/euapp01.newsmemory.com\/lamarseillaise\/news\/wp-json\/wp\/v2\/users\/1"}],"replies":[{"embeddable":true,"href":"https:\/\/euapp01.newsmemory.com\/lamarseillaise\/news\/wp-json\/wp\/v2\/comments?post=37354"}],"version-history":[{"count":1,"href":"https:\/\/euapp01.newsmemory.com\/lamarseillaise\/news\/wp-json\/wp\/v2\/posts\/37354\/revisions"}],"predecessor-version":[{"id":37356,"href":"https:\/\/euapp01.newsmemory.com\/lamarseillaise\/news\/wp-json\/wp\/v2\/posts\/37354\/revisions\/37356"}],"wp:featuredmedia":[{"embeddable":true,"href":"https:\/\/euapp01.newsmemory.com\/lamarseillaise\/news\/wp-json\/wp\/v2\/media\/37355"}],"wp:attachment":[{"href":"https:\/\/euapp01.newsmemory.com\/lamarseillaise\/news\/wp-json\/wp\/v2\/media?parent=37354"}],"wp:term":[{"taxonomy":"category","embeddable":true,"href":"https:\/\/euapp01.newsmemory.com\/lamarseillaise\/news\/wp-json\/wp\/v2\/categories?post=37354"},{"taxonomy":"post_tag","embeddable":true,"href":"https:\/\/euapp01.newsmemory.com\/lamarseillaise\/news\/wp-json\/wp\/v2\/tags?post=37354"},{"taxonomy":"news-destination","embeddable":true,"href":"https:\/\/euapp01.newsmemory.com\/lamarseillaise\/news\/wp-json\/wp\/v2\/news-destination?post=37354"},{"taxonomy":"news-source","embeddable":true,"href":"https:\/\/euapp01.newsmemory.com\/lamarseillaise\/news\/wp-json\/wp\/v2\/news-source?post=37354"},{"taxonomy":"is_homepage","embeddable":true,"href":"https:\/\/euapp01.newsmemory.com\/lamarseillaise\/news\/wp-json\/wp\/v2\/is_homepage?post=37354"},{"taxonomy":"ta_other","embeddable":true,"href":"https:\/\/euapp01.newsmemory.com\/lamarseillaise\/news\/wp-json\/wp\/v2\/ta_other?post=37354"}],"curies":[{"name":"wp","href":"https:\/\/api.w.org\/{rel}","templated":true}]}}