{"id":37351,"date":"2026-07-24T09:11:00","date_gmt":"2026-07-24T07:11:00","guid":{"rendered":"https:\/\/euapp01.newsmemory.com\/lamarseillaise\/news\/?p=37351"},"modified":"2026-07-24T10:01:04","modified_gmt":"2026-07-24T08:01:04","slug":"cest-lete-lecture-une-journee-dans-la-vie-de-maria-ivanova-de-lionel-duroy","status":"publish","type":"post","link":"https:\/\/euapp01.newsmemory.com\/lamarseillaise\/news\/2026\/07\/24\/cest-lete-lecture-une-journee-dans-la-vie-de-maria-ivanova-de-lionel-duroy\/","title":{"rendered":"[C\u2019est l\u2019\u00e9t\u00e9] Lecture : \u00ab Une journ\u00e9e dans la vie de Maria Ivanova \u00bb, de Lionel Duroy"},"content":{"rendered":"<div class=\"paragraph\">\n<p>Cette femme, c\u2019est la protagoniste du roman de Lionel Duroy, que fascine les pays de l\u2019Est. Dans un pr\u00e9c\u00e9dent roman, l\u2019auteur \u00e9crivait que la vie des autres int\u00e9resse, \u00e0 condition de trouver les mots pour la raconter. Ces mots, il les a trouv\u00e9s, et les a m\u00eame illustr\u00e9s d\u2019images en noir et blanc. S\u2019il fallait ajouter quelque chose \u00e0 cette courte pr\u00e9sentation, nous dirions, en toute sinc\u00e9rit\u00e9, que Duroy n\u2019a jamais \u00e9crit un texte aussi fort.<\/p>\n<\/p><\/div>\n<div class=\"paragraph\">\n<p><i>\u00c9ditions Flammarion, 19<\/i><i>\u00a0<\/i><i>euros<\/i><\/p>\n<\/p><\/div>\n","protected":false},"excerpt":{"rendered":"Cette femme, c&rsquo;est la protagoniste du roman de Lionel Duroy, que fascine les pays de l&rsquo;Est. Dans un pr&eacute;c&eacute;dent roman, l&rsquo;auteur &eacute;crivait que la vie des autres int&eacute;resse, &agrave; condition de trouver les &#8230;","protected":false},"author":1,"featured_media":37352,"comment_status":"open","ping_status":"open","sticky":false,"template":"","format":"standard","meta":{"footnotes":""},"categories":[32],"tags":[6085,387,572,1293,1958,1244,2938],"news-destination":[],"news-source":[475],"is_homepage":[],"ta_other":[],"class_list":["post-37351","post","type-post","status-publish","format-standard","has-post-thumbnail","hentry","category-culture","tag-cest-lete","tag-femmes","tag-france","tag-lecture","tag-litterature","tag-livres","tag-recit","news-source-website"],"_links":{"self":[{"href":"https:\/\/euapp01.newsmemory.com\/lamarseillaise\/news\/wp-json\/wp\/v2\/posts\/37351","targetHints":{"allow":["GET"]}}],"collection":[{"href":"https:\/\/euapp01.newsmemory.com\/lamarseillaise\/news\/wp-json\/wp\/v2\/posts"}],"about":[{"href":"https:\/\/euapp01.newsmemory.com\/lamarseillaise\/news\/wp-json\/wp\/v2\/types\/post"}],"author":[{"embeddable":true,"href":"https:\/\/euapp01.newsmemory.com\/lamarseillaise\/news\/wp-json\/wp\/v2\/users\/1"}],"replies":[{"embeddable":true,"href":"https:\/\/euapp01.newsmemory.com\/lamarseillaise\/news\/wp-json\/wp\/v2\/comments?post=37351"}],"version-history":[{"count":1,"href":"https:\/\/euapp01.newsmemory.com\/lamarseillaise\/news\/wp-json\/wp\/v2\/posts\/37351\/revisions"}],"predecessor-version":[{"id":37353,"href":"https:\/\/euapp01.newsmemory.com\/lamarseillaise\/news\/wp-json\/wp\/v2\/posts\/37351\/revisions\/37353"}],"wp:featuredmedia":[{"embeddable":true,"href":"https:\/\/euapp01.newsmemory.com\/lamarseillaise\/news\/wp-json\/wp\/v2\/media\/37352"}],"wp:attachment":[{"href":"https:\/\/euapp01.newsmemory.com\/lamarseillaise\/news\/wp-json\/wp\/v2\/media?parent=37351"}],"wp:term":[{"taxonomy":"category","embeddable":true,"href":"https:\/\/euapp01.newsmemory.com\/lamarseillaise\/news\/wp-json\/wp\/v2\/categories?post=37351"},{"taxonomy":"post_tag","embeddable":true,"href":"https:\/\/euapp01.newsmemory.com\/lamarseillaise\/news\/wp-json\/wp\/v2\/tags?post=37351"},{"taxonomy":"news-destination","embeddable":true,"href":"https:\/\/euapp01.newsmemory.com\/lamarseillaise\/news\/wp-json\/wp\/v2\/news-destination?post=37351"},{"taxonomy":"news-source","embeddable":true,"href":"https:\/\/euapp01.newsmemory.com\/lamarseillaise\/news\/wp-json\/wp\/v2\/news-source?post=37351"},{"taxonomy":"is_homepage","embeddable":true,"href":"https:\/\/euapp01.newsmemory.com\/lamarseillaise\/news\/wp-json\/wp\/v2\/is_homepage?post=37351"},{"taxonomy":"ta_other","embeddable":true,"href":"https:\/\/euapp01.newsmemory.com\/lamarseillaise\/news\/wp-json\/wp\/v2\/ta_other?post=37351"}],"curies":[{"name":"wp","href":"https:\/\/api.w.org\/{rel}","templated":true}]}}