{"id":37345,"date":"2026-07-24T09:15:00","date_gmt":"2026-07-24T07:15:00","guid":{"rendered":"https:\/\/euapp01.newsmemory.com\/lamarseillaise\/news\/?p=37345"},"modified":"2026-07-24T10:01:04","modified_gmt":"2026-07-24T08:01:04","slug":"cest-lete-le-sentier-des-marmottes-a-eygliers","status":"publish","type":"post","link":"https:\/\/euapp01.newsmemory.com\/lamarseillaise\/news\/2026\/07\/24\/cest-lete-le-sentier-des-marmottes-a-eygliers\/","title":{"rendered":"[C\u2019est l\u2019\u00e9t\u00e9] Le sentier des marmottes \u00e0 Eygliers"},"content":{"rendered":"<div class=\"paragraph\">\n<p>Ici, les marmottes vivent en libert\u00e9 et s\u2019admirent de pr\u00e8s gr\u00e2ce \u00e0 ce sentier am\u00e9nag\u00e9 o\u00f9 elles vous attendent tranquillement, \u00e0 quelques minutes du parking, sur les pelouses qui font office de garde-manger et au pied de leurs rochers de poudingue. Pas besoin d\u2019entra\u00eenement, seulement d\u2019une folle envie de les admirer en t\u00e9moin respectueux. Asseyez-vous discr\u00e8tement pour les voir \u00e9voluer, le tout avec une vue panoramique sur la vall\u00e9e et les glaciers des \u00c9crins en toile de fond. Sans compter que les chemins am\u00e9nag\u00e9s et les panneaux explicatifs rendent le site particuli\u00e8rement adapt\u00e9 aux enfants. Attention toutefois, il est interdit de les nourrir.<\/p>\n<\/p><\/div>\n","protected":false},"excerpt":{"rendered":"Ici, les marmottes vivent en libert&eacute; et s&rsquo;admirent de pr&egrave;s gr&acirc;ce &agrave; ce sentier am&eacute;nag&eacute; o&ugrave; elles vous attendent tranquillement, &agrave; quelques minutes du parking, sur les pelouses qui font &#8230;","protected":false},"author":1,"featured_media":37346,"comment_status":"open","ping_status":"open","sticky":false,"template":"","format":"standard","meta":{"footnotes":""},"categories":[333],"tags":[2873,4768,1289,84,6085,57,58,376,55,938],"news-destination":[],"news-source":[475],"is_homepage":[],"ta_other":[],"class_list":["post-37345","post","type-post","status-publish","format-standard","has-post-thumbnail","hentry","category-environnement","tag-activites-de-loisirs","tag-alpes","tag-balade","tag-biodiversite","tag-cest-lete","tag-enfants","tag-famille","tag-faune-sauvage","tag-loisirs","tag-nature","news-source-website"],"_links":{"self":[{"href":"https:\/\/euapp01.newsmemory.com\/lamarseillaise\/news\/wp-json\/wp\/v2\/posts\/37345","targetHints":{"allow":["GET"]}}],"collection":[{"href":"https:\/\/euapp01.newsmemory.com\/lamarseillaise\/news\/wp-json\/wp\/v2\/posts"}],"about":[{"href":"https:\/\/euapp01.newsmemory.com\/lamarseillaise\/news\/wp-json\/wp\/v2\/types\/post"}],"author":[{"embeddable":true,"href":"https:\/\/euapp01.newsmemory.com\/lamarseillaise\/news\/wp-json\/wp\/v2\/users\/1"}],"replies":[{"embeddable":true,"href":"https:\/\/euapp01.newsmemory.com\/lamarseillaise\/news\/wp-json\/wp\/v2\/comments?post=37345"}],"version-history":[{"count":1,"href":"https:\/\/euapp01.newsmemory.com\/lamarseillaise\/news\/wp-json\/wp\/v2\/posts\/37345\/revisions"}],"predecessor-version":[{"id":37347,"href":"https:\/\/euapp01.newsmemory.com\/lamarseillaise\/news\/wp-json\/wp\/v2\/posts\/37345\/revisions\/37347"}],"wp:featuredmedia":[{"embeddable":true,"href":"https:\/\/euapp01.newsmemory.com\/lamarseillaise\/news\/wp-json\/wp\/v2\/media\/37346"}],"wp:attachment":[{"href":"https:\/\/euapp01.newsmemory.com\/lamarseillaise\/news\/wp-json\/wp\/v2\/media?parent=37345"}],"wp:term":[{"taxonomy":"category","embeddable":true,"href":"https:\/\/euapp01.newsmemory.com\/lamarseillaise\/news\/wp-json\/wp\/v2\/categories?post=37345"},{"taxonomy":"post_tag","embeddable":true,"href":"https:\/\/euapp01.newsmemory.com\/lamarseillaise\/news\/wp-json\/wp\/v2\/tags?post=37345"},{"taxonomy":"news-destination","embeddable":true,"href":"https:\/\/euapp01.newsmemory.com\/lamarseillaise\/news\/wp-json\/wp\/v2\/news-destination?post=37345"},{"taxonomy":"news-source","embeddable":true,"href":"https:\/\/euapp01.newsmemory.com\/lamarseillaise\/news\/wp-json\/wp\/v2\/news-source?post=37345"},{"taxonomy":"is_homepage","embeddable":true,"href":"https:\/\/euapp01.newsmemory.com\/lamarseillaise\/news\/wp-json\/wp\/v2\/is_homepage?post=37345"},{"taxonomy":"ta_other","embeddable":true,"href":"https:\/\/euapp01.newsmemory.com\/lamarseillaise\/news\/wp-json\/wp\/v2\/ta_other?post=37345"}],"curies":[{"name":"wp","href":"https:\/\/api.w.org\/{rel}","templated":true}]}}