{"id":37336,"date":"2026-07-24T07:51:00","date_gmt":"2026-07-24T05:51:00","guid":{"rendered":"https:\/\/euapp01.newsmemory.com\/lamarseillaise\/news\/?p=37336"},"modified":"2026-07-24T10:06:25","modified_gmt":"2026-07-24T08:06:25","slug":"cest-lete-entretien-dj-bobzilla-prend-du-plaisir-a-voir-les-gens-danser","status":"publish","type":"post","link":"https:\/\/euapp01.newsmemory.com\/lamarseillaise\/news\/2026\/07\/24\/cest-lete-entretien-dj-bobzilla-prend-du-plaisir-a-voir-les-gens-danser\/","title":{"rendered":"[C\u2019est l\u2019\u00e9t\u00e9] Entretien : DJ Bobzilla \u00ab prend du plaisir \u00e0 voir les gens danser&nbsp;\u00bb"},"content":{"rendered":"<div class=\"paragraph\"> <\/div>\n<div class=\"paragraph\">\n<p>Bobzilla succ\u00e9dera ce vendredi soir aux groupes de reprises JukeBox et Tribute Fahrenheit pour cl\u00f4turer la soir\u00e9e et faire danser petits et grands jusqu\u2019au bout de la nuit.<\/p>\n<p><b>La Marseillaise<\/b><b>\u00a0<\/b><b>:<\/b> <b>Qui est Bobzilla<\/b><b>\u00a0<\/b><b>? <\/b><\/p>\n<p>Bobzilla\u00a0: Je mixe depuis que j\u2019ai 17\u00a0ans\u00a0! Je suis passionn\u00e9 de musique depuis tr\u00e8s longtemps, j\u2019ai commenc\u00e9 \u00e0 la base \u00e0 travailler en restauration apr\u00e8s une \u00e9cole h\u00f4teli\u00e8re, puis je suis parti en saison. Je mixais le soir en parall\u00e8le dans des bars et des soir\u00e9es, surtout vers Arcachon. J\u2019ai aussi beaucoup travaill\u00e9 la nuit pour animer des soir\u00e9es dans Marseille. Plus tard, j\u2019ai m\u00eame eu l\u2019occasion de m\u2019exporter pour mixer en Belgique, \u00e0 Montr\u00e9al, et m\u00eame \u00e0 Los Angeles. Je continue quand m\u00eame d\u2019animer des soir\u00e9es, chaque mercredi soir, \u00e0 la Dame du mont, et une fois par mois au bar La cane bi\u00e8re, \u00e0 Marseille, et au Caf\u00e9 pop, \u00e0 Auriol.<\/p>\n<p>Dans mon parcours, j\u2019ai aussi fait un crochet par le cin\u00e9ma. J\u2019ai jou\u00e9 dans un premier film, <i>Les Coll\u00e8gues,<\/i> sorti en 1999. J\u2019incarnais un personnage d\u2019une \u00e9quipe de foot, Michel, et en r\u00e9f\u00e9rence, j\u2019ai m\u00eame cr\u00e9\u00e9 une bi\u00e8re brass\u00e9e \u00e0 Marseille, La Miche. Aujourd\u2019hui, je continue de faire des apparitions dans des films et quelques pubs. J\u2019ai aussi ouvert un restaurant avec mon ami Olivier, le Bobolivo, au Panier.<\/p>\n<p><b>Est-ce que le pseudo Bobzilla a une histoire<\/b><b>\u00a0<\/b><b>?<\/b><\/p>\n<p>Bobzilla\u00a0: Bien s\u00fbr\u00a0! Quand j\u2019\u00e9tais plus jeune, je partais beaucoup en saison, c\u2019est l\u00e0-bas que c\u2019est n\u00e9. Quand je mixe, j\u2019ai tendance \u00e0 \u00eatre \u00e0 fond dans ce que je fais, \u00e0 me laisser emporter dans l\u2019ambiance et \u00e0 beaucoup crier, je suis comme un fou. De ce fait, mes amis ont commenc\u00e9 \u00e0 m\u2019appeler \u00ab\u00a0Bobzilla\u00a0\u00bb et \u00e0 Arcachon, o\u00f9 j\u2019\u00e9tais en saison, j\u2019avais m\u00eame un cocktail \u00e0 mon effigie dans un bar local\u00a0! Quand le surnom a continu\u00e9 \u00e0 se r\u00e9pandre, je me suis dit qu\u2019il fallait que je l\u2019adopte.<\/p>\n<p><b>Quel est votre style de musique<\/b><b>\u00a0<\/b><b>?<\/b><\/p>\n<p>Bobzilla\u00a0: Je suis de la vieille \u00e9cole, je n\u2019ai pas forc\u00e9ment de style en particulier. Quand je mixe, je ne le fais pas pour moi seulement, je le fais avant tout pour le public. Ce que je veux, c\u2019est m\u2019adapter \u00e0 l\u2019ambiance, m\u2019adapter \u00e0 ce que les gens aiment et leur donner ce que eux veulent pour passer une bonne soir\u00e9e. S\u2019ils passent une bonne soir\u00e9e, je le vois \u00e0 leurs sourires, je les vois danser et c\u2019est ce qui me fait plaisir.<\/p>\n<p><b>Comment vous pr\u00e9parez-vous pour une soir\u00e9e comme celle-ci \u00e0 Port-de-Bouc<\/b><b>\u00a0<\/b><b>?<\/b><\/p>\n<p>Bobzilla\u00a0: Je ne pr\u00e9pare jamais rien en termes de musique. J\u2019ai un disque dur bien garni, alors je regarde le public et j\u2019essaie de voir ce \u00e0 quoi ils sont r\u00e9ceptifs, j\u2019essaie de capter l\u2019ambiance. Selon la soir\u00e9e, je peux passer du tout au tout\u00a0! Encore aujourd\u2019hui, je n\u2019ai aucune id\u00e9e de ce que je jouerais demain\u00a0! Tout d\u00e9pendra du public et de l\u2019ambiance le moment venu. J\u2019aime quand il y a de la surprise aussi.<\/p>\n<p><b>Quels sont les signes d\u2019une soir\u00e9e r\u00e9ussie<\/b><b>\u00a0<\/b><b>?<\/b><\/p>\n<p>Bobzilla\u00a0: Pour moi, c\u2019est facile \u00e0 savoir, je sais que \u00e7a marche \u00e0 partir du moment o\u00f9 les gens crient, dansent, chantent, quand je vois que le public a le sourire, qu\u2019il se sent bien et oublie ses tracas. C\u2019est l\u00e0 que je sais que j\u2019ai accompli ma mission et c\u2019est un bonheur.<\/p>\n<p><b>Est-ce la premi\u00e8re tourn\u00e9e d\u2019\u00e9t\u00e9 La Marseillaise \u00e0 laquelle vous participez<\/b><b>\u00a0<\/b><b>?<\/b><\/p>\n<p>Bobzilla\u00a0: Oui\u00a0! Je ne sais pas du tout \u00e0 quoi m\u2019attendre, mais encore une fois, \u00e7a sera la surprise\u00a0! J\u2019esp\u00e8re simplement avoir un bon accueil, que les gens soient d\u00e9tendus et pr\u00eats \u00e0 faire la f\u00eate, mais je ne suis pas inquiet.<\/p>\n<p><b>Qu\u2019est ce qui diff\u00e8re le plus entre de grands \u00e9v\u00e9nements et des f\u00eates populaires comme celles-ci<\/b><b>\u00a0<\/b><b>?<\/b><\/p>\n<p>Bobzilla\u00a0: Honn\u00eatement, rien du tout\u00a0! Que ce soit une soir\u00e9e \u00e0 100 ou 10\u00a0000\u00a0personnes, l\u2019objectif reste le m\u00eame\u00a0: faire plaisir aux gens, les faire sourire et les moyens pour y arriver ne changent pas non plus.<\/p>\n<p><b>Qu\u2019est ce qui vous motive \u00e0 mixer depuis vos 17 ans<\/b><b>\u00a0<\/b><b>?<\/b><\/p>\n<p>Bobzilla\u00a0: Je prends du plaisir \u00e0 voir les gens danser, s\u2019amuser, j\u2019aime \u00eatre \u00e0 l\u2019origine de \u00e7a, et quand je m\u2019amuse moi aussi, c\u2019est l\u00e0 que je me rappelle pourquoi je mixe.<\/p>\n<p>Propos recueillis par Louis Golliot<\/p>\n<p><i>La tourn\u00e9e d\u2019\u00e9t\u00e9 La Marseillaise d\u00e9butera ce vendredi \u00e0 partir de 19h, place Henri-Lazzarino, \u00e0 Port-de-Bouc. Acc\u00e8s libre.<\/i><\/p>\n<\/p><\/div>\n","protected":false},"excerpt":{"rendered":"Bobzilla succ&eacute;dera ce vendredi soir aux groupes de reprises JukeBox et Tribute Fahrenheit pour cl&ocirc;turer la soir&eacute;e et faire danser petits et grands jusqu&rsquo;au bout de la nuit.La Marseillaise&nbsp;: Qui est Bobzilla&nbsp;? &#8230;","protected":false},"author":1,"featured_media":37337,"comment_status":"open","ping_status":"open","sticky":false,"template":"","format":"standard","meta":{"footnotes":""},"categories":[32],"tags":[10,6085,34,6156,343,466,325,667,1279],"news-destination":[],"news-source":[475],"is_homepage":[],"ta_other":[],"class_list":["post-37336","post","type-post","status-publish","format-standard","has-post-thumbnail","hentry","category-culture","tag-bouches-du-rhone","tag-cest-lete","tag-concert","tag-dj","tag-entretien","tag-fete","tag-musique","tag-port-de-bouc","tag-tournee-dete-la-marseillaise","news-source-website"],"_links":{"self":[{"href":"https:\/\/euapp01.newsmemory.com\/lamarseillaise\/news\/wp-json\/wp\/v2\/posts\/37336","targetHints":{"allow":["GET"]}}],"collection":[{"href":"https:\/\/euapp01.newsmemory.com\/lamarseillaise\/news\/wp-json\/wp\/v2\/posts"}],"about":[{"href":"https:\/\/euapp01.newsmemory.com\/lamarseillaise\/news\/wp-json\/wp\/v2\/types\/post"}],"author":[{"embeddable":true,"href":"https:\/\/euapp01.newsmemory.com\/lamarseillaise\/news\/wp-json\/wp\/v2\/users\/1"}],"replies":[{"embeddable":true,"href":"https:\/\/euapp01.newsmemory.com\/lamarseillaise\/news\/wp-json\/wp\/v2\/comments?post=37336"}],"version-history":[{"count":1,"href":"https:\/\/euapp01.newsmemory.com\/lamarseillaise\/news\/wp-json\/wp\/v2\/posts\/37336\/revisions"}],"predecessor-version":[{"id":37338,"href":"https:\/\/euapp01.newsmemory.com\/lamarseillaise\/news\/wp-json\/wp\/v2\/posts\/37336\/revisions\/37338"}],"wp:featuredmedia":[{"embeddable":true,"href":"https:\/\/euapp01.newsmemory.com\/lamarseillaise\/news\/wp-json\/wp\/v2\/media\/37337"}],"wp:attachment":[{"href":"https:\/\/euapp01.newsmemory.com\/lamarseillaise\/news\/wp-json\/wp\/v2\/media?parent=37336"}],"wp:term":[{"taxonomy":"category","embeddable":true,"href":"https:\/\/euapp01.newsmemory.com\/lamarseillaise\/news\/wp-json\/wp\/v2\/categories?post=37336"},{"taxonomy":"post_tag","embeddable":true,"href":"https:\/\/euapp01.newsmemory.com\/lamarseillaise\/news\/wp-json\/wp\/v2\/tags?post=37336"},{"taxonomy":"news-destination","embeddable":true,"href":"https:\/\/euapp01.newsmemory.com\/lamarseillaise\/news\/wp-json\/wp\/v2\/news-destination?post=37336"},{"taxonomy":"news-source","embeddable":true,"href":"https:\/\/euapp01.newsmemory.com\/lamarseillaise\/news\/wp-json\/wp\/v2\/news-source?post=37336"},{"taxonomy":"is_homepage","embeddable":true,"href":"https:\/\/euapp01.newsmemory.com\/lamarseillaise\/news\/wp-json\/wp\/v2\/is_homepage?post=37336"},{"taxonomy":"ta_other","embeddable":true,"href":"https:\/\/euapp01.newsmemory.com\/lamarseillaise\/news\/wp-json\/wp\/v2\/ta_other?post=37336"}],"curies":[{"name":"wp","href":"https:\/\/api.w.org\/{rel}","templated":true}]}}