{"id":37333,"date":"2026-07-24T08:16:00","date_gmt":"2026-07-24T06:16:00","guid":{"rendered":"https:\/\/euapp01.newsmemory.com\/lamarseillaise\/news\/?p=37333"},"modified":"2026-07-24T10:01:04","modified_gmt":"2026-07-24T08:01:04","slug":"a-aix-une-premiere-proposition-pour-sauver-lhotel-de-venel","status":"publish","type":"post","link":"https:\/\/euapp01.newsmemory.com\/lamarseillaise\/news\/2026\/07\/24\/a-aix-une-premiere-proposition-pour-sauver-lhotel-de-venel\/","title":{"rendered":"\u00c0 Aix, une premi\u00e8re \u00ab&nbsp;proposition&nbsp;\u00bb pour sauver l\u2019H\u00f4tel de Venel"},"content":{"rendered":"<div class=\"paragraph\">\n<p>Apr\u00e8s l\u2019H\u00f4tel de Caumont, le b\u00e2timent d\u2019Austerlitz de l\u2019Espace Forbin, la Ville c\u00e8de d\u00e9sormais l\u2019ancien H\u00f4tel de Venel. Un appel \u00e0 candidature, ouvert jusqu\u2019au 21\u00a0ao\u00fbt, vient d\u2019\u00eatre diffus\u00e9 sur le site de la Ville.<\/p>\n<p>Dans la foul\u00e9e, St\u00e9phane Salord, d\u00e9l\u00e9gu\u00e9 G\u00e9n\u00e9ration <span class=\"mln_uppercase_mln\">\u00e9<\/span>cologie pour le Pays d\u2019Aix, qui se d\u00e9finit comme \u00ab\u00a0<i>citoyen, acteur engag\u00e9 en faveur de l\u2019\u00e9conomie sociale et solidaire<\/i>\u00a0\u00bb<i>,<\/i> veut proposer une<i> <\/i>\u00ab\u00a0<i>solution<\/i>\u00a0\u00bb pour conserver ce bout de patrimoine du XVII<sup>e<\/sup>\u00a0si\u00e8cle, pour \u00e9viter une<i> <\/i>\u00ab\u00a0<i>vente s\u00e8che<\/i>\u00a0\u00bb<i>. <\/i>\u00ab\u00a0<i>Le sc\u00e9nario est toujours le m\u00eame<\/i><i>\u00a0<\/i><i>: d\u2019un c\u00f4t\u00e9, une municipalit\u00e9 qui invoque le co\u00fbt de l\u2019entretien, la lourdeur de la r\u00e9novation, la n\u00e9cessit\u00e9 d\u2019\u00e9quilibrer son budget<\/i><i>\u00a0<\/i><i>; de l\u2019autre, des habitants et des amoureux du patrimoine qui redoutent qu\u2019un bien commun, transmis de g\u00e9n\u00e9ration en g\u00e9n\u00e9ration, ne bascule d\u00e9finitivement dans des mains priv\u00e9es et ne se ferme au public<\/i>\u00a0\u00bb<i>, <\/i>constate St\u00e9phane Salord, par voie de \u00ab\u00a0<i>tribune grand public<\/i>\u00a0\u00bb<i>.<\/i><\/p>\n<p>Lui, propose un bail emphyt\u00e9otique administratif \u00ab\u00a0<i>plut\u00f4t qu\u2019une vente, un projet d\u2019avenir plut\u00f4t qu\u2019une transaction<\/i>\u00a0\u00bb. Selon lui, ce dispositif permettrait \u00e0 un op\u00e9rateur de financer la restauration et l\u2019entretien du monument, en amortissant son investissement, sans que la commune n\u2019en perde la propri\u00e9t\u00e9. La solution pr\u00e9serverait le patrimoine communal tout en \u00e9vitant \u00e0 la Ville de supporter le co\u00fbt des travaux. Il demande \u00ab\u00a0<i>une r\u00e9flexion publique sur une solution alternative<\/i>\u00a0\u00bb.<i><\/i><\/p>\n<\/p><\/div>\n","protected":false},"excerpt":{"rendered":"Apr&egrave;s l&rsquo;H&ocirc;tel de Caumont, le b&acirc;timent d&rsquo;Austerlitz de l&rsquo;Espace Forbin, la Ville c&egrave;de d&eacute;sormais l&rsquo;ancien H&ocirc;tel de Venel. Un appel &agrave; candidature, ouvert jusqu&rsquo;au &#8230;","protected":false},"author":1,"featured_media":37334,"comment_status":"open","ping_status":"open","sticky":false,"template":"","format":"standard","meta":{"footnotes":""},"categories":[20],"tags":[556,1346,101,10,430,35,427,106,96,97,194,392,189],"news-destination":[],"news-source":[475],"is_homepage":[],"ta_other":[],"class_list":["post-37333","post","type-post","status-publish","format-standard","has-post-thumbnail","hentry","category-societe","tag-aix-en-provence","tag-architecture","tag-batiment","tag-bouches-du-rhone","tag-budget","tag-culture","tag-economie-sociale-et-solidaire","tag-habitants","tag-municipalite","tag-patrimoine","tag-social","tag-solidaire","tag-ventes","news-source-website"],"_links":{"self":[{"href":"https:\/\/euapp01.newsmemory.com\/lamarseillaise\/news\/wp-json\/wp\/v2\/posts\/37333","targetHints":{"allow":["GET"]}}],"collection":[{"href":"https:\/\/euapp01.newsmemory.com\/lamarseillaise\/news\/wp-json\/wp\/v2\/posts"}],"about":[{"href":"https:\/\/euapp01.newsmemory.com\/lamarseillaise\/news\/wp-json\/wp\/v2\/types\/post"}],"author":[{"embeddable":true,"href":"https:\/\/euapp01.newsmemory.com\/lamarseillaise\/news\/wp-json\/wp\/v2\/users\/1"}],"replies":[{"embeddable":true,"href":"https:\/\/euapp01.newsmemory.com\/lamarseillaise\/news\/wp-json\/wp\/v2\/comments?post=37333"}],"version-history":[{"count":1,"href":"https:\/\/euapp01.newsmemory.com\/lamarseillaise\/news\/wp-json\/wp\/v2\/posts\/37333\/revisions"}],"predecessor-version":[{"id":37335,"href":"https:\/\/euapp01.newsmemory.com\/lamarseillaise\/news\/wp-json\/wp\/v2\/posts\/37333\/revisions\/37335"}],"wp:featuredmedia":[{"embeddable":true,"href":"https:\/\/euapp01.newsmemory.com\/lamarseillaise\/news\/wp-json\/wp\/v2\/media\/37334"}],"wp:attachment":[{"href":"https:\/\/euapp01.newsmemory.com\/lamarseillaise\/news\/wp-json\/wp\/v2\/media?parent=37333"}],"wp:term":[{"taxonomy":"category","embeddable":true,"href":"https:\/\/euapp01.newsmemory.com\/lamarseillaise\/news\/wp-json\/wp\/v2\/categories?post=37333"},{"taxonomy":"post_tag","embeddable":true,"href":"https:\/\/euapp01.newsmemory.com\/lamarseillaise\/news\/wp-json\/wp\/v2\/tags?post=37333"},{"taxonomy":"news-destination","embeddable":true,"href":"https:\/\/euapp01.newsmemory.com\/lamarseillaise\/news\/wp-json\/wp\/v2\/news-destination?post=37333"},{"taxonomy":"news-source","embeddable":true,"href":"https:\/\/euapp01.newsmemory.com\/lamarseillaise\/news\/wp-json\/wp\/v2\/news-source?post=37333"},{"taxonomy":"is_homepage","embeddable":true,"href":"https:\/\/euapp01.newsmemory.com\/lamarseillaise\/news\/wp-json\/wp\/v2\/is_homepage?post=37333"},{"taxonomy":"ta_other","embeddable":true,"href":"https:\/\/euapp01.newsmemory.com\/lamarseillaise\/news\/wp-json\/wp\/v2\/ta_other?post=37333"}],"curies":[{"name":"wp","href":"https:\/\/api.w.org\/{rel}","templated":true}]}}