{"id":37330,"date":"2026-07-24T08:13:00","date_gmt":"2026-07-24T06:13:00","guid":{"rendered":"https:\/\/euapp01.newsmemory.com\/lamarseillaise\/news\/?p=37330"},"modified":"2026-07-30T09:08:06","modified_gmt":"2026-07-30T07:08:06","slug":"entretien-ghislain-gauthier-cgt-spectacle-le-gouvernement-veut-nous-faire-la-peau","status":"publish","type":"post","link":"https:\/\/euapp01.newsmemory.com\/lamarseillaise\/news\/2026\/07\/24\/entretien-ghislain-gauthier-cgt-spectacle-le-gouvernement-veut-nous-faire-la-peau\/","title":{"rendered":"[Entretien] Ghislain Gauthier, CGT Spectacle : \u00ab&nbsp;Le gouvernement veut nous faire la peau&nbsp;\u00bb"},"content":{"rendered":"<div class=\"paragraph\">\n<p><i><span class=\"mln_uppercase_mln\">Entretien<\/span><\/i><\/p>\n<\/p><\/div>\n<div class=\"paragraph\">\n<p><b>La Marseillaise<\/b><b>\u00a0<\/b><b>:<\/b> <b>Quel bilan dressez-vous de ce 80<\/b><b><sup>e<\/sup><\/b><b>\u00a0<\/b><b>Festival d\u2019Avignon<\/b><b>\u00a0<\/b><b>?<\/b><\/p>\n<p>Ghislain Gauthier\u00a0: On sent bien que l\u2019enjeu, pour nos secteurs, est de faire exister ce sujet pour la pr\u00e9sidentielle, \u00e0 un an de cette \u00e9ch\u00e9ance. <a href=\"https:\/\/www.lamarseillaise.fr\/culture\/le-off-d-avignon-entre-precarite-et-succes-KF20529737\">Dans les d\u00e9bats, la crise \u00e9tait sur les l\u00e8vres de tout le monde<\/a>. Au niveau de la libert\u00e9 de cr\u00e9ation, on sent que l\u2019\u00e9tau se resserre en ce moment, sans oublier la question des financements publics, qui sont en chute libre depuis deux ans.<\/p>\n<p><b>Pourquoi ces coupes budg\u00e9taires sont-elles sans pr\u00e9c\u00e9dent<\/b><b>\u00a0<\/b><b>?<\/b><\/p>\n<p>G.G.\u00a0: Elles sont d\u00e9j\u00e0 in\u00e9dites par leur ampleur, car on peut compter plusieurs millions d\u2019euros qui manquent au secteur. L\u2019<span class=\"mln_uppercase_mln\">\u00e9<\/span>tat et certaines collectivit\u00e9s territoriales se sont d\u00e9sengag\u00e9s conjointement des financements de la culture. Ce qui est in\u00e9dit aussi, c\u2019est que la culture est consid\u00e9r\u00e9e comme une variable d\u2019ajustement au nom de la r\u00e9sorption du d\u00e9ficit public. Il y a donc moins de projets qui se font. On est pourtant tr\u00e8s nombreux \u00e0 travailler\u00a0: environ 250\u00a0000\u00a0personnes dans le spectacle vivant et le secteur audiovisuel. On a le sentiment que les politiques ont abandonn\u00e9 le champ culturel et ne le consid\u00e8rent pas comme un enjeu pour le pays. Il y a deux sujets pour nous\u00a0: on continue de se mobiliser pour un financement public de la culture \u00e0 hauteur de 1\u00a0% du budget de l\u2019<span class=\"mln_uppercase_mln\">\u00c9<\/span>tat, mais aussi au niveau local pour ramener les collectivit\u00e9s autour de la table et regagner ces budgets, car la situation de l\u2019emploi est catastrophique.<\/p>\n<p><b>La CGT parle d\u2019une \u00ab<\/b><b>\u00a0<\/b><b>catastrophe sociale<\/b><b>\u00a0<\/b><b>\u00bb \u00e0 venir&#8230;<\/b><\/p>\n<p>G.G.\u00a0: Beaucoup de personnes n\u2019arrivent pas \u00e0 faire leurs heures en tant qu\u2019intermittents. Il y a aussi une d\u00e9gradation des conditions de travail. Tout ce qu\u2019il se passe dans le Off d\u2019Avignon est un scandale. On nous a indiqu\u00e9, dans plusieurs endroits, qu\u2019il n\u2019y avait aucun jour de rel\u00e2che pour les salari\u00e9s. Ou encore des conventions de stages conclues, pour certains, afin de tenir la billetterie le matin et l\u2019apr\u00e8s-midi, puis ils ont un contrat de travail pour faire le bar, ont des horaires \u00e0 rallonge avec un non-respect des 11h de repos minimum par jour. Sans compter le travail sous des chaleurs excessives et sous des pr\u00e9fabriqu\u00e9s&#8230; Les conditions d\u2019accueil des compagnies sont aussi tr\u00e8s difficiles.<\/p>\n<p><b>Qu\u2019en est-il de la gr\u00e8ve qui se profile en septembre pour les travailleurs<br \/>du monde de la culture<\/b><b>\u00a0<\/b><b>?<\/b><\/p>\n<p>G.G.\u00a0: Cela fait deux ans qu\u2019on essaye de mobiliser notre secteur. L\u00e0, on a d\u00e9cid\u00e9 de passer un cran. On annonce donc <a href=\"https:\/\/www.lamarseillaise.fr\/social\/mobilisation-finale-au-festival-d-avignon-pour-une-culture-mieux-financee-FE20530498\">une semaine de mobilisation et de gr\u00e8ve \u00e0 partir du 21\u00a0<\/a><a href=\"https:\/\/www.lamarseillaise.fr\/social\/mobilisation-finale-au-festival-d-avignon-pour-une-culture-mieux-financee-FE20530498\">septembre<\/a>. On a le sentiment que le gouvernement veut nous faire la peau. Notre mouvement est essentiel par rapport au budget \u00e0 venir et la pr\u00e9sidentielle va \u00eatre d\u00e9terminante pour nos professions, avec l\u2019extr\u00eame droite aux portes du pouvoir. Nous sommes d\u00e9termin\u00e9s \u00e0 nous battre pour nos emplois et nos salaires. 95\u00a0% des personnes qui travaillent dans le spectacle sont des prolos. C\u2019est insupportable d\u2019entendre qu\u2019on est dans l\u2019entre-soi. On a du mal \u00e0 payer nos loyers et \u00e0 finir le mois. La col\u00e8re est bien l\u00e0. \u00c7a devient une question de survie.<\/p>\n<\/p><\/div>\n","protected":false},"excerpt":{"rendered":"Entretien","protected":false},"author":1,"featured_media":37331,"comment_status":"open","ping_status":"open","sticky":false,"template":"","format":"standard","meta":{"footnotes":""},"categories":[3926,3925,32,331,20],"tags":[174,113,195,822,374,35,1269,302,343,876,134,529,188,910,171],"news-destination":[3944],"news-source":[475],"is_homepage":[],"ta_other":[],"class_list":["post-37330","post","type-post","status-publish","format-standard","has-post-thumbnail","hentry","category-accueil-merge","category-accueil-third","category-culture","category-social","category-societe","tag-avignon","tag-cgt","tag-conditions-de-travail","tag-coupes-budgetaires","tag-crise","tag-culture","tag-debats","tag-emploi","tag-entretien","tag-greve","tag-mobilisation","tag-spectacle","tag-spectacle-vivant","tag-travailleurs","tag-vaucluse","news-destination-homepage","news-source-website"],"_links":{"self":[{"href":"https:\/\/euapp01.newsmemory.com\/lamarseillaise\/news\/wp-json\/wp\/v2\/posts\/37330","targetHints":{"allow":["GET"]}}],"collection":[{"href":"https:\/\/euapp01.newsmemory.com\/lamarseillaise\/news\/wp-json\/wp\/v2\/posts"}],"about":[{"href":"https:\/\/euapp01.newsmemory.com\/lamarseillaise\/news\/wp-json\/wp\/v2\/types\/post"}],"author":[{"embeddable":true,"href":"https:\/\/euapp01.newsmemory.com\/lamarseillaise\/news\/wp-json\/wp\/v2\/users\/1"}],"replies":[{"embeddable":true,"href":"https:\/\/euapp01.newsmemory.com\/lamarseillaise\/news\/wp-json\/wp\/v2\/comments?post=37330"}],"version-history":[{"count":1,"href":"https:\/\/euapp01.newsmemory.com\/lamarseillaise\/news\/wp-json\/wp\/v2\/posts\/37330\/revisions"}],"predecessor-version":[{"id":37332,"href":"https:\/\/euapp01.newsmemory.com\/lamarseillaise\/news\/wp-json\/wp\/v2\/posts\/37330\/revisions\/37332"}],"wp:featuredmedia":[{"embeddable":true,"href":"https:\/\/euapp01.newsmemory.com\/lamarseillaise\/news\/wp-json\/wp\/v2\/media\/37331"}],"wp:attachment":[{"href":"https:\/\/euapp01.newsmemory.com\/lamarseillaise\/news\/wp-json\/wp\/v2\/media?parent=37330"}],"wp:term":[{"taxonomy":"category","embeddable":true,"href":"https:\/\/euapp01.newsmemory.com\/lamarseillaise\/news\/wp-json\/wp\/v2\/categories?post=37330"},{"taxonomy":"post_tag","embeddable":true,"href":"https:\/\/euapp01.newsmemory.com\/lamarseillaise\/news\/wp-json\/wp\/v2\/tags?post=37330"},{"taxonomy":"news-destination","embeddable":true,"href":"https:\/\/euapp01.newsmemory.com\/lamarseillaise\/news\/wp-json\/wp\/v2\/news-destination?post=37330"},{"taxonomy":"news-source","embeddable":true,"href":"https:\/\/euapp01.newsmemory.com\/lamarseillaise\/news\/wp-json\/wp\/v2\/news-source?post=37330"},{"taxonomy":"is_homepage","embeddable":true,"href":"https:\/\/euapp01.newsmemory.com\/lamarseillaise\/news\/wp-json\/wp\/v2\/is_homepage?post=37330"},{"taxonomy":"ta_other","embeddable":true,"href":"https:\/\/euapp01.newsmemory.com\/lamarseillaise\/news\/wp-json\/wp\/v2\/ta_other?post=37330"}],"curies":[{"name":"wp","href":"https:\/\/api.w.org\/{rel}","templated":true}]}}