{"id":37327,"date":"2026-07-24T08:04:00","date_gmt":"2026-07-24T06:04:00","guid":{"rendered":"https:\/\/euapp01.newsmemory.com\/lamarseillaise\/news\/?p=37327"},"modified":"2026-07-30T09:00:33","modified_gmt":"2026-07-30T07:00:33","slug":"une-convention-entre-action-logement-et-letat-pour-loger-les-futurs-salaries-de-lindustrie-de-defense","status":"publish","type":"post","link":"https:\/\/euapp01.newsmemory.com\/lamarseillaise\/news\/2026\/07\/24\/une-convention-entre-action-logement-et-letat-pour-loger-les-futurs-salaries-de-lindustrie-de-defense\/","title":{"rendered":"Une convention entre Action Logement et l\u2019\u00c9tat pour loger les futurs salari\u00e9s de l\u2019industrie de D\u00e9fense"},"content":{"rendered":"<div class=\"paragraph\">\n<p><a rel=\"noopener noreferrer\" href=\"https:\/\/www.lamarseillaise.fr\/politique\/4500-controles-des-conditions-de-travail-en-temps-de-canicule-BO20484445\" target=\"_blank\">Sign\u00e9e il y a deux semaines par le ministre du Travail Jean-Pierre Farandou et la ministre de la D\u00e9fense Catherine Vautrin, la feuille de route Andr\u00e9 Jubelin<\/a> a vocation \u00e0 mettre en place 35\u00a0mesures pour le d\u00e9veloppement de la fili\u00e8re de l\u2019industrie de D\u00e9fense, dans le cadre de l\u2019augmentation de la loi de programmation militaire (36\u00a0milliards d\u2019euros investis entre\u00a02024 et\u00a02030). Celle-ci pr\u00e9voit, entre autres, le recrutement de 10\u00a0000 personnes \u00e0 horizon 2030. De futurs salari\u00e9s qu\u2019il faudra loger, dans un d\u00e9partement qui conna\u00eet une crise importante en la mati\u00e8re.<\/p>\n<\/p><\/div>\n<div class=\"intext\"> Un quota de logements sociaux pour ces salari\u00e9s\n              <\/div>\n<div class=\"paragraph\">\n<p>C\u2019est dans cette optique que <a rel=\"noopener noreferrer\" href=\"https:\/\/www.lamarseillaise.fr\/politique\/le-ministre-du-logement-a-la-relance-du-marche-JO20481899\" target=\"_blank\">le ministre de la Ville et du Logement Vincent Jeanbrun<\/a>, le pr\u00e9fet du Var Simon Babre, la maire de Toulon Jos\u00e9e Massi et Action Logement ont sign\u00e9 une convention, jeudi. Son principe\u00a0: accorder, dans la M\u00e9tropole toulonnaise, un quota de logements sociaux aux salari\u00e9s recrut\u00e9s par les entreprises de D\u00e9fense (pris en partie sur le quota des salari\u00e9s d\u2019\u00c9tat, abaiss\u00e9 de 30 \u00e0 25\u00a0%, sans toucher aux 25\u00a0% d\u00e9di\u00e9s aux publics prioritaires), ainsi qu\u2019une priorit\u00e9 de candidature de cinq jours sur les logements sociaux et interm\u00e9diaires.<\/p>\n<p>Si les estimations de demandes ne sont pas fix\u00e9es, le nombre de logements disponibles dans le parc social du territoire (4\u00a0700\u00a0attributions annuelles pour 45\u00a0000 demandes, soit plus de dix demandes par logement) est encore largement insuffisant. \u00ab\u00a0<i>La situation deviendrait encore plus critique si on laissait arriver 10<\/i><i>\u00a0<\/i><i>000<\/i><i>\u00a0<\/i><i>salari\u00e9s sans avoir anticip\u00e9<\/i>\u00a0\u00bb, justifie Vincent Jeanbrun, qui pr\u00e9voit, pour satisfaire les besoins, \u00ab\u00a0<i>de produire du logement, de construire du neuf ou de r\u00e9habiliter, comme dans cette copropri\u00e9t\u00e9 d\u00e9grad\u00e9e de plus de 250<\/i><i>\u00a0<\/i><i>logements que l\u2019on a visit\u00e9s jeudi matin<\/i>\u00a0\u00bb. \u00ab\u00a0<i>On souhaite faire de l\u2019habitat diffus. On a retravaill\u00e9 le prochain contrat de mixit\u00e9 sociale<\/i>, abonde Jos\u00e9e Massi. <i>On a pris une d\u00e9lib\u00e9ration o\u00f9 chaque construction doit int\u00e9grer 30<\/i><i>\u00a0<\/i><i>% de logements d\u2019int\u00e9r\u00eat g\u00e9n\u00e9ral. On en a d\u00e9j\u00e0 produit 1<\/i><i>\u00a0<\/i><i>000 en trois ans.<\/i>\u00a0\u00bb Autrement dit, des logements sociaux et interm\u00e9diaires.<\/p>\n<p>Pour y acc\u00e9der, les salari\u00e9s devront toutefois remplir les conditions sociales d\u2019attribution, alors que d\u2019autres accompagnements (acc\u00e8s social \u00e0 la propri\u00e9t\u00e9, logement priv\u00e9 classique) sont en r\u00e9flexion.<\/p>\n<\/p><\/div>\n","protected":false},"excerpt":{"rendered":"Sign&eacute;e il y a deux semaines par le ministre du Travail Jean-Pierre Farandou et la ministre de la D&eacute;fense Catherine Vautrin, la feuille de route Andr&eacute; Jubelin a vocation &agrave; mettre en place 35&nbsp;mesures pour le &#8230;","protected":false},"author":1,"featured_media":37328,"comment_status":"open","ping_status":"open","sticky":false,"template":"","format":"standard","meta":{"footnotes":""},"categories":[3926,3925,330],"tags":[600,624,3182,596,506,535,497,810,962,194,597,31,4821],"news-destination":[3944],"news-source":[475],"is_homepage":[],"ta_other":[],"class_list":["post-37327","post","type-post","status-publish","format-standard","has-post-thumbnail","hentry","category-accueil-merge","category-accueil-third","category-politique","tag-defense","tag-industrie","tag-josee-massi","tag-logement","tag-logements-sociaux","tag-metropole","tag-ministre","tag-mixite","tag-salaries","tag-social","tag-toulon","tag-var","tag-vincent-jeanbrun","news-destination-homepage","news-source-website"],"_links":{"self":[{"href":"https:\/\/euapp01.newsmemory.com\/lamarseillaise\/news\/wp-json\/wp\/v2\/posts\/37327","targetHints":{"allow":["GET"]}}],"collection":[{"href":"https:\/\/euapp01.newsmemory.com\/lamarseillaise\/news\/wp-json\/wp\/v2\/posts"}],"about":[{"href":"https:\/\/euapp01.newsmemory.com\/lamarseillaise\/news\/wp-json\/wp\/v2\/types\/post"}],"author":[{"embeddable":true,"href":"https:\/\/euapp01.newsmemory.com\/lamarseillaise\/news\/wp-json\/wp\/v2\/users\/1"}],"replies":[{"embeddable":true,"href":"https:\/\/euapp01.newsmemory.com\/lamarseillaise\/news\/wp-json\/wp\/v2\/comments?post=37327"}],"version-history":[{"count":1,"href":"https:\/\/euapp01.newsmemory.com\/lamarseillaise\/news\/wp-json\/wp\/v2\/posts\/37327\/revisions"}],"predecessor-version":[{"id":37329,"href":"https:\/\/euapp01.newsmemory.com\/lamarseillaise\/news\/wp-json\/wp\/v2\/posts\/37327\/revisions\/37329"}],"wp:featuredmedia":[{"embeddable":true,"href":"https:\/\/euapp01.newsmemory.com\/lamarseillaise\/news\/wp-json\/wp\/v2\/media\/37328"}],"wp:attachment":[{"href":"https:\/\/euapp01.newsmemory.com\/lamarseillaise\/news\/wp-json\/wp\/v2\/media?parent=37327"}],"wp:term":[{"taxonomy":"category","embeddable":true,"href":"https:\/\/euapp01.newsmemory.com\/lamarseillaise\/news\/wp-json\/wp\/v2\/categories?post=37327"},{"taxonomy":"post_tag","embeddable":true,"href":"https:\/\/euapp01.newsmemory.com\/lamarseillaise\/news\/wp-json\/wp\/v2\/tags?post=37327"},{"taxonomy":"news-destination","embeddable":true,"href":"https:\/\/euapp01.newsmemory.com\/lamarseillaise\/news\/wp-json\/wp\/v2\/news-destination?post=37327"},{"taxonomy":"news-source","embeddable":true,"href":"https:\/\/euapp01.newsmemory.com\/lamarseillaise\/news\/wp-json\/wp\/v2\/news-source?post=37327"},{"taxonomy":"is_homepage","embeddable":true,"href":"https:\/\/euapp01.newsmemory.com\/lamarseillaise\/news\/wp-json\/wp\/v2\/is_homepage?post=37327"},{"taxonomy":"ta_other","embeddable":true,"href":"https:\/\/euapp01.newsmemory.com\/lamarseillaise\/news\/wp-json\/wp\/v2\/ta_other?post=37327"}],"curies":[{"name":"wp","href":"https:\/\/api.w.org\/{rel}","templated":true}]}}