{"id":37324,"date":"2026-07-24T08:07:00","date_gmt":"2026-07-24T06:07:00","guid":{"rendered":"https:\/\/euapp01.newsmemory.com\/lamarseillaise\/news\/?p=37324"},"modified":"2026-07-30T09:00:33","modified_gmt":"2026-07-30T07:00:33","slug":"mobilisation-finale-au-festival-davignon-pour-une-culture-mieux-financee","status":"publish","type":"post","link":"https:\/\/euapp01.newsmemory.com\/lamarseillaise\/news\/2026\/07\/24\/mobilisation-finale-au-festival-davignon-pour-une-culture-mieux-financee\/","title":{"rendered":"Mobilisation finale au Festival d\u2019Avignon pour une culture mieux financ\u00e9e"},"content":{"rendered":"<div class=\"paragraph\">\n<p>Un peu plus de 300\u00a0personnes \u00e9taient r\u00e9unies, ce mercredi 22\u00a0juillet devant l\u2019H\u00f4tel de Ville d\u2019Avignon, pour manifester, une troisi\u00e8me fois en quatre semaines, contre les coupes budg\u00e9taires pr\u00e9vues par le gouvernement dans le secteur de la culture.<\/p>\n<p>Cette mobilisation, organis\u00e9e par la CGT Spectacle, a \u00e9t\u00e9 moins suivie que les pr\u00e9c\u00e9dentes (900\u00a0participants le jeudi 9\u00a0juillet et 500 le jeudi 16\u00a0juillet). Mais l\u2019essentiel n\u2019est pas l\u00e0. \u00ab\u00a0<i>Il y a des premiers reculs sur les annonces et de premi\u00e8res victoires pour nous. Et c\u2019est gr\u00e2ce \u00e0 la mobilisation<\/i>\u00a0\u00bb, s\u2019exclame Maxime Sochaud, secr\u00e9taire g\u00e9n\u00e9ral adjoint de la CGT Spectacle. La ministre de la Culture a effectivement annonc\u00e9, mardi 21\u00a0juillet, que les cr\u00e9dits destin\u00e9s \u00e0 28\u00a0structures du spectacle vivant, initialement gel\u00e9s, seraient finalement vers\u00e9s au cours du second semestre.<\/p>\n<p>Des n\u00e9gociations se poursuivent avec les autres organisations syndicales autour de plusieurs revendications communes, dont celle visant \u00e0 consacrer 1\u00a0% du PIB \u00e0 la culture.<\/p>\n<\/p><\/div>\n<div class=\"intext\"> La mobilisation se poursuit\n              <\/div>\n<div class=\"paragraph\">\n<p>Mais si le Festival d\u2019Avignon touche \u00e0 sa fin, la mobilisation, elle, est loin de s\u2019arr\u00eater. La CGT Spectacle a annonc\u00e9 sa pr\u00e9sence dans les principaux rendez-vous culturels de l\u2019\u00e9t\u00e9. D\u00e8s ce samedi 25\u00a0juillet, un rassemblement est pr\u00e9vu \u00e0 Chalon-sur-Sa\u00f4ne, \u00e0 l\u2019occasion du festival Chalon dans la Rue. Une mobilisation plus large est \u00e9galement annonc\u00e9e pour septembre. Des \u00e9changes sont notamment pr\u00e9vus autour du statut des intermittents du spectacle et de la r\u00e9forme de l\u2019assurance ch\u00f4mage, deux sujets qui ne passent pas. \u00ab<i>\u00a0<\/i><i>Ce n\u2019est pas une crise, c\u2019est une h\u00e9catombe. La culture n\u2019est pas une variable d\u2019ajustement<\/i>\u00a0\u00bb, r\u00e9it\u00e8re Maxime Sochaud. \u00ab\u00a0<i>On s\u2019attend \u00e0 des budgets calamiteux. Le combat est devant nous<\/i><i>\u00a0<\/i>\u00bb, confie Joris Mathieu, copr\u00e9sident du Syndicat national des entreprises artistiques et culturelles (Syndeac).<\/p>\n<p>Ainsi se termine le Festival d\u2019Avignon\u00a02026, dans la col\u00e8re et la crainte. Et d\u2019ici un an, la col\u00e8re risque encore de grandir et la pr\u00e9carit\u00e9 s\u2019accentuer. \u00ab\u00a0<i>Mais le combat continue. Syndiquez-vous<\/i><i>\u00a0<\/i><i>!<\/i><i>\u00a0<\/i><i>\u00bb<\/i>, conclut Maxime Sochaud.<\/p>\n<\/p><\/div>\n","protected":false},"excerpt":{"rendered":"Un peu plus de 300&nbsp;personnes &eacute;taient r&eacute;unies, ce mercredi 22&nbsp;juillet devant l&rsquo;H&ocirc;tel de Ville d&rsquo;Avignon, pour manifester, une troisi&egrave;me fois en quatre semaines, contre les coupes budg&eacute;taires &#8230;","protected":false},"author":1,"featured_media":37325,"comment_status":"open","ping_status":"open","sticky":false,"template":"","format":"standard","meta":{"footnotes":""},"categories":[3926,3925,32,331],"tags":[174,822,528,4951,134,1472,613,911,188,171],"news-destination":[3944],"news-source":[475],"is_homepage":[],"ta_other":[],"class_list":["post-37324","post","type-post","status-publish","format-standard","has-post-thumbnail","hentry","category-accueil-merge","category-accueil-third","category-culture","category-social","tag-avignon","tag-coupes-budgetaires","tag-gouvernement","tag-intermittents","tag-mobilisation","tag-negociations","tag-rassemblement","tag-revendications","tag-spectacle-vivant","tag-vaucluse","news-destination-homepage","news-source-website"],"_links":{"self":[{"href":"https:\/\/euapp01.newsmemory.com\/lamarseillaise\/news\/wp-json\/wp\/v2\/posts\/37324","targetHints":{"allow":["GET"]}}],"collection":[{"href":"https:\/\/euapp01.newsmemory.com\/lamarseillaise\/news\/wp-json\/wp\/v2\/posts"}],"about":[{"href":"https:\/\/euapp01.newsmemory.com\/lamarseillaise\/news\/wp-json\/wp\/v2\/types\/post"}],"author":[{"embeddable":true,"href":"https:\/\/euapp01.newsmemory.com\/lamarseillaise\/news\/wp-json\/wp\/v2\/users\/1"}],"replies":[{"embeddable":true,"href":"https:\/\/euapp01.newsmemory.com\/lamarseillaise\/news\/wp-json\/wp\/v2\/comments?post=37324"}],"version-history":[{"count":1,"href":"https:\/\/euapp01.newsmemory.com\/lamarseillaise\/news\/wp-json\/wp\/v2\/posts\/37324\/revisions"}],"predecessor-version":[{"id":37326,"href":"https:\/\/euapp01.newsmemory.com\/lamarseillaise\/news\/wp-json\/wp\/v2\/posts\/37324\/revisions\/37326"}],"wp:featuredmedia":[{"embeddable":true,"href":"https:\/\/euapp01.newsmemory.com\/lamarseillaise\/news\/wp-json\/wp\/v2\/media\/37325"}],"wp:attachment":[{"href":"https:\/\/euapp01.newsmemory.com\/lamarseillaise\/news\/wp-json\/wp\/v2\/media?parent=37324"}],"wp:term":[{"taxonomy":"category","embeddable":true,"href":"https:\/\/euapp01.newsmemory.com\/lamarseillaise\/news\/wp-json\/wp\/v2\/categories?post=37324"},{"taxonomy":"post_tag","embeddable":true,"href":"https:\/\/euapp01.newsmemory.com\/lamarseillaise\/news\/wp-json\/wp\/v2\/tags?post=37324"},{"taxonomy":"news-destination","embeddable":true,"href":"https:\/\/euapp01.newsmemory.com\/lamarseillaise\/news\/wp-json\/wp\/v2\/news-destination?post=37324"},{"taxonomy":"news-source","embeddable":true,"href":"https:\/\/euapp01.newsmemory.com\/lamarseillaise\/news\/wp-json\/wp\/v2\/news-source?post=37324"},{"taxonomy":"is_homepage","embeddable":true,"href":"https:\/\/euapp01.newsmemory.com\/lamarseillaise\/news\/wp-json\/wp\/v2\/is_homepage?post=37324"},{"taxonomy":"ta_other","embeddable":true,"href":"https:\/\/euapp01.newsmemory.com\/lamarseillaise\/news\/wp-json\/wp\/v2\/ta_other?post=37324"}],"curies":[{"name":"wp","href":"https:\/\/api.w.org\/{rel}","templated":true}]}}