{"id":37321,"date":"2026-07-24T08:02:00","date_gmt":"2026-07-24T06:02:00","guid":{"rendered":"https:\/\/euapp01.newsmemory.com\/lamarseillaise\/news\/?p=37321"},"modified":"2026-07-30T08:46:48","modified_gmt":"2026-07-30T06:46:48","slug":"le-feu-ralentit-dans-les-hautes-alpes-les-ecologistes-montent-au-creneau","status":"publish","type":"post","link":"https:\/\/euapp01.newsmemory.com\/lamarseillaise\/news\/2026\/07\/24\/le-feu-ralentit-dans-les-hautes-alpes-les-ecologistes-montent-au-creneau\/","title":{"rendered":"Le feu ralentit dans les Hautes-Alpes, les \u00e9cologistes montent au cr\u00e9neau"},"content":{"rendered":"<div class=\"paragraph\">\n<p>L\u2019incendie \u00e0 Bois noir avait parcouru 260\u00a0hectares jeudi soir, mais sa progression ralentit et est d\u00e9sormais \u00ab\u00a0<i>tr\u00e8s lente<\/i><i>\u00a0<\/i>\u00bb, avec environ \u00ab\u00a0<i>20 \u00e0 25<\/i><i>\u00a0<\/i><i>hectares parcourus par jour<\/i><i>\u00a0<\/i>\u00bb, selon la pr\u00e9fecture des Hautes-Alpes. 220\u00a0personnels \u00e9taient engag\u00e9s jeudi, dont 60\u00a0sapeurs-pompiers haut-alpins, appuy\u00e9s par des militaires, des b\u00fbcherons ou encore des agriculteurs \u00e9quip\u00e9s de camions-citernes. La priorit\u00e9 reste de prot\u00e9ger les hameaux, mais \u00ab\u00a0<i>un risque demeure du fait de vents tr\u00e8s forts et de conditions m\u00e9t\u00e9o tr\u00e8s d\u00e9favorables<\/i><i>\u00a0<\/i>\u00bb, a indiqu\u00e9 la pr\u00e9fecture jeudi soir. L\u2019un des h\u00e9licopt\u00e8res mobilis\u00e9s, affr\u00e9t\u00e9 par le d\u00e9partement et la Communaut\u00e9 de communes, avait d\u00e9j\u00e0 r\u00e9alis\u00e9 67\u00a0largages jeudi matin. Des citernes ont par ailleurs \u00e9t\u00e9 install\u00e9es. Cinquante personnes du camping Les Allouviers, \u00e0 Freissini\u00e8res, ont d\u00fb \u00eatre \u00e9vacu\u00e9s jeudi soir.<\/p>\n<\/p><\/div>\n<div class=\"intext\"> \u00ab\u00a0Une catastrophe \u00e9cologique\u00a0\u00bb\n              <\/div>\n<div class=\"paragraph\">\n<p>Apr\u00e8s les maires et les habitants haut-alpins, les <span class=\"mln_uppercase_mln\">\u00e9<\/span>cologistes sont \u00e0 leur tour mont\u00e9s au cr\u00e9neau et ont d\u00e9plor\u00e9 dans un communiqu\u00e9 jeudi les d\u00e9lais d\u2019intervention\u00a0: \u00ab\u00a0<i>Les <\/i><i><span class=\"mln_uppercase_mln\">\u00e9<\/span><\/i><i>cologistes haut-alpins d\u00e9noncent la gestion catastrophique du pr\u00e9fet. Nous demandons que cette erreur de jugement serve de le\u00e7on. En montagne, la configuration du terrain devrait impliquer un principe de pr\u00e9caution, en engageant d\u00e8s le d\u00e9but des moyens a\u00e9riens pour \u00e9viter une extension impossible \u00e0 ma\u00eetriser<\/i><i>\u00a0<\/i>\u00bb. Selon eux, \u00ab\u00a0<i>le pr\u00e9fet n\u2019a pas cru bon d\u2019envoyer des moyens a\u00e9riens<\/i><i>\u00a0<\/i>\u00bb pour attaquer le feu rapidement, \u00ab\u00a0<i>ce qui aurait permis de le fixer avant qu\u2019il ne prenne la dimension que nous constatons aujourd\u2019hui. C\u2019est \u00e0 une catastrophe \u00e9cologique que nous assistons<\/i><i>\u00a0<\/i>\u00bb, ont d\u00e9plor\u00e9 les Verts. \u00ab\u00a0<i>Devrons nous attendre passivement que la pluie daigne \u00e9teindre le feu<\/i><i>\u00a0<\/i><i>? Nous assistons une fois de plus aux cons\u00e9quences de l\u2019inaction climatique et au manque de moyens allou\u00e9s par l\u2019\u00c9tat.<\/i>\u00a0\u00bb<\/p>\n<\/p><\/div>\n","protected":false},"excerpt":{"rendered":"L&rsquo;incendie &agrave; Bois noir avait parcouru 260&nbsp;hectares jeudi soir, mais sa progression ralentit et est d&eacute;sormais &laquo;&nbsp;tr&egrave;s lente&nbsp;&raquo;, avec environ &laquo;&nbsp;20 &agrave; 25&nbsp;hectares parcourus par &#8230;","protected":false},"author":1,"featured_media":37322,"comment_status":"open","ping_status":"open","sticky":false,"template":"","format":"standard","meta":{"footnotes":""},"categories":[3926,3925,333,330,20],"tags":[4768,372,90,1900,1569,318,6036,1353,319,304,3415,1188,191,320,1131,1567,419,1674,1397,51],"news-destination":[3944],"news-source":[475],"is_homepage":[],"ta_other":[],"class_list":["post-37321","post","type-post","status-publish","format-standard","has-post-thumbnail","hentry","category-accueil-merge","category-accueil-third","category-environnement","category-politique","category-societe","tag-alpes","tag-canicule","tag-eelv","tag-etat","tag-evacuation","tag-feu","tag-flammes","tag-helicoptere","tag-incendie","tag-les-ecologistes","tag-montagne","tag-moyens","tag-politique","tag-pompiers","tag-prefecture","tag-prefet","tag-rechauffement-climatique","tag-sapeurs-pompiers","tag-secheresse","tag-societe","news-destination-homepage","news-source-website"],"_links":{"self":[{"href":"https:\/\/euapp01.newsmemory.com\/lamarseillaise\/news\/wp-json\/wp\/v2\/posts\/37321","targetHints":{"allow":["GET"]}}],"collection":[{"href":"https:\/\/euapp01.newsmemory.com\/lamarseillaise\/news\/wp-json\/wp\/v2\/posts"}],"about":[{"href":"https:\/\/euapp01.newsmemory.com\/lamarseillaise\/news\/wp-json\/wp\/v2\/types\/post"}],"author":[{"embeddable":true,"href":"https:\/\/euapp01.newsmemory.com\/lamarseillaise\/news\/wp-json\/wp\/v2\/users\/1"}],"replies":[{"embeddable":true,"href":"https:\/\/euapp01.newsmemory.com\/lamarseillaise\/news\/wp-json\/wp\/v2\/comments?post=37321"}],"version-history":[{"count":1,"href":"https:\/\/euapp01.newsmemory.com\/lamarseillaise\/news\/wp-json\/wp\/v2\/posts\/37321\/revisions"}],"predecessor-version":[{"id":37323,"href":"https:\/\/euapp01.newsmemory.com\/lamarseillaise\/news\/wp-json\/wp\/v2\/posts\/37321\/revisions\/37323"}],"wp:featuredmedia":[{"embeddable":true,"href":"https:\/\/euapp01.newsmemory.com\/lamarseillaise\/news\/wp-json\/wp\/v2\/media\/37322"}],"wp:attachment":[{"href":"https:\/\/euapp01.newsmemory.com\/lamarseillaise\/news\/wp-json\/wp\/v2\/media?parent=37321"}],"wp:term":[{"taxonomy":"category","embeddable":true,"href":"https:\/\/euapp01.newsmemory.com\/lamarseillaise\/news\/wp-json\/wp\/v2\/categories?post=37321"},{"taxonomy":"post_tag","embeddable":true,"href":"https:\/\/euapp01.newsmemory.com\/lamarseillaise\/news\/wp-json\/wp\/v2\/tags?post=37321"},{"taxonomy":"news-destination","embeddable":true,"href":"https:\/\/euapp01.newsmemory.com\/lamarseillaise\/news\/wp-json\/wp\/v2\/news-destination?post=37321"},{"taxonomy":"news-source","embeddable":true,"href":"https:\/\/euapp01.newsmemory.com\/lamarseillaise\/news\/wp-json\/wp\/v2\/news-source?post=37321"},{"taxonomy":"is_homepage","embeddable":true,"href":"https:\/\/euapp01.newsmemory.com\/lamarseillaise\/news\/wp-json\/wp\/v2\/is_homepage?post=37321"},{"taxonomy":"ta_other","embeddable":true,"href":"https:\/\/euapp01.newsmemory.com\/lamarseillaise\/news\/wp-json\/wp\/v2\/ta_other?post=37321"}],"curies":[{"name":"wp","href":"https:\/\/api.w.org\/{rel}","templated":true}]}}