{"id":37318,"date":"2026-07-24T07:47:00","date_gmt":"2026-07-24T05:47:00","guid":{"rendered":"https:\/\/euapp01.newsmemory.com\/lamarseillaise\/news\/?p=37318"},"modified":"2026-07-24T10:06:25","modified_gmt":"2026-07-24T08:06:25","slug":"pop-rap-et-chanson-francaise-a-martigues","status":"publish","type":"post","link":"https:\/\/euapp01.newsmemory.com\/lamarseillaise\/news\/2026\/07\/24\/pop-rap-et-chanson-francaise-a-martigues\/","title":{"rendered":"Pop, rap et chanson fran\u00e7aise \u00e0 Martigues"},"content":{"rendered":"<div class=\"paragraph\">\n<p>Le Martigues Summer festiv\u2019halle pose ses valises sur l\u2019esplanade de la Halle pour sa 8<sup>e<\/sup>\u00a0\u00e9dition. Sur la rive du canal de Caronte, trois soir\u00e9es de concerts \u00e0 ciel ouvert qui \u00ab\u00a0<i>attirent chaque ann\u00e9e un public toujours plus large et interg\u00e9n\u00e9rationnel<\/i>\u00a0\u00bb, affirme son organisateur, Sud Concerts.<\/p>\n<p>Un grand spectre attis\u00e9 par une programmation qui s\u2019\u00e9lancera ce vendredi 24\u00a0juillet par une affiche aux accents pop. Un plateau f\u00e9minin mat\u00e9rialis\u00e9 par Styleto, chanteuse ayant \u00e9merg\u00e9 sur YouTube il y a une quinzaine d\u2019ann\u00e9es et r\u00e9cemment \u00e0 l\u2019origine d\u2019un premier album intitul\u00e9 <i>Fille lacrymale<\/i>, puis Helena, elle aussi auteur d\u2019un premier opus du nom d\u2019<i>H\u00e9l\u00e9<\/i>.<\/p>\n<\/p><\/div>\n<div class=\"intext\"> Interg\u00e9n\u00e9rationnel\n              <\/div>\n<div class=\"paragraph\">\n<p>Le lendemain, charge \u00e0 Black M de prendre le relais. Depuis sa r\u00e9v\u00e9lation au sein du groupe Sexion d\u2019assaut \u00e0 la fin des ann\u00e9es\u00a02000, le rappeur parisien poursuit sa carri\u00e8re en solo, \u00ab\u00a0<i>marqu\u00e9e par son style musical entre hits populaires, titres techniques, nostalgiques et avant-gardistes<\/i>\u00a0\u00bb, r\u00e9sume-t-on du c\u00f4t\u00e9 de Sud Concerts. C\u2019est \u00e0 Jean-Louis Aubert que reviendra la t\u00e2che de clore la 8<sup>e<\/sup>\u00a0\u00e9dition du Martigues Summer Festiv\u2019Halle, dimanche 26\u00a0juillet.<\/p>\n<p>L\u2019ancien leader du groupe T\u00e9l\u00e9phone, 71\u00a0ans au compteur, est programm\u00e9 pour un \u00ab<i>\u00a0<\/i><i>moment fort et f\u00e9d\u00e9rateur<\/i>\u00a0\u00bb, des tubes tels que \u00ab Locataire \u00bb<i> <\/i>ou \u00ab Juste une illusion \u00bb dans la besace.<\/p>\n<p><i>Web<\/i><i>\u00a0<\/i><i>: <\/i><i><a rel=\"nofollow noopener noreferrer\" href=\"https:\/\/www.martigues-summerfestivhalle.com\/fr\" target=\"_blank\">martigues-summerfestivhalle.com<\/a><\/i><\/p>\n<\/p><\/div>\n","protected":false},"excerpt":{"rendered":"Le Martigues Summer festiv&rsquo;halle pose ses valises sur l&rsquo;esplanade de la Halle pour sa 8e&nbsp;&eacute;dition. Sur la rive du canal de Caronte, trois soir&eacute;es de concerts &agrave; ciel ouvert qui &laquo;&nbsp;attirent chaque &#8230;","protected":false},"author":1,"featured_media":37319,"comment_status":"open","ping_status":"open","sticky":false,"template":"","format":"standard","meta":{"footnotes":""},"categories":[32],"tags":[10,326,327,400,329,5654,63,325,1251,3189],"news-destination":[],"news-source":[475],"is_homepage":[],"ta_other":[],"class_list":["post-37318","post","type-post","status-publish","format-standard","has-post-thumbnail","hentry","category-culture","tag-bouches-du-rhone","tag-chanson","tag-chanson-francaise","tag-concerts","tag-festival","tag-jean-louis-aubert","tag-martigues","tag-musique","tag-pop","tag-rap","news-source-website"],"_links":{"self":[{"href":"https:\/\/euapp01.newsmemory.com\/lamarseillaise\/news\/wp-json\/wp\/v2\/posts\/37318","targetHints":{"allow":["GET"]}}],"collection":[{"href":"https:\/\/euapp01.newsmemory.com\/lamarseillaise\/news\/wp-json\/wp\/v2\/posts"}],"about":[{"href":"https:\/\/euapp01.newsmemory.com\/lamarseillaise\/news\/wp-json\/wp\/v2\/types\/post"}],"author":[{"embeddable":true,"href":"https:\/\/euapp01.newsmemory.com\/lamarseillaise\/news\/wp-json\/wp\/v2\/users\/1"}],"replies":[{"embeddable":true,"href":"https:\/\/euapp01.newsmemory.com\/lamarseillaise\/news\/wp-json\/wp\/v2\/comments?post=37318"}],"version-history":[{"count":1,"href":"https:\/\/euapp01.newsmemory.com\/lamarseillaise\/news\/wp-json\/wp\/v2\/posts\/37318\/revisions"}],"predecessor-version":[{"id":37320,"href":"https:\/\/euapp01.newsmemory.com\/lamarseillaise\/news\/wp-json\/wp\/v2\/posts\/37318\/revisions\/37320"}],"wp:featuredmedia":[{"embeddable":true,"href":"https:\/\/euapp01.newsmemory.com\/lamarseillaise\/news\/wp-json\/wp\/v2\/media\/37319"}],"wp:attachment":[{"href":"https:\/\/euapp01.newsmemory.com\/lamarseillaise\/news\/wp-json\/wp\/v2\/media?parent=37318"}],"wp:term":[{"taxonomy":"category","embeddable":true,"href":"https:\/\/euapp01.newsmemory.com\/lamarseillaise\/news\/wp-json\/wp\/v2\/categories?post=37318"},{"taxonomy":"post_tag","embeddable":true,"href":"https:\/\/euapp01.newsmemory.com\/lamarseillaise\/news\/wp-json\/wp\/v2\/tags?post=37318"},{"taxonomy":"news-destination","embeddable":true,"href":"https:\/\/euapp01.newsmemory.com\/lamarseillaise\/news\/wp-json\/wp\/v2\/news-destination?post=37318"},{"taxonomy":"news-source","embeddable":true,"href":"https:\/\/euapp01.newsmemory.com\/lamarseillaise\/news\/wp-json\/wp\/v2\/news-source?post=37318"},{"taxonomy":"is_homepage","embeddable":true,"href":"https:\/\/euapp01.newsmemory.com\/lamarseillaise\/news\/wp-json\/wp\/v2\/is_homepage?post=37318"},{"taxonomy":"ta_other","embeddable":true,"href":"https:\/\/euapp01.newsmemory.com\/lamarseillaise\/news\/wp-json\/wp\/v2\/ta_other?post=37318"}],"curies":[{"name":"wp","href":"https:\/\/api.w.org\/{rel}","templated":true}]}}