{"id":37315,"date":"2026-07-24T07:23:00","date_gmt":"2026-07-24T05:23:00","guid":{"rendered":"https:\/\/euapp01.newsmemory.com\/lamarseillaise\/news\/?p=37315"},"modified":"2026-07-24T10:01:05","modified_gmt":"2026-07-24T08:01:05","slug":"un-80e-corso-de-la-lavande-haut-en-couleurs-se-prepare","status":"publish","type":"post","link":"https:\/\/euapp01.newsmemory.com\/lamarseillaise\/news\/2026\/07\/24\/un-80e-corso-de-la-lavande-haut-en-couleurs-se-prepare\/","title":{"rendered":"Un 80e Corso de la Lavande haut en couleurs se pr\u00e9pare"},"content":{"rendered":"<div class=\"paragraph\">\n<p>Dans le hangar des chars du Corso de La lavande, des dizaines de b\u00e9n\u00e9voles s\u2019activent depuis des mois pour pr\u00e9parer les seize chars de cette \u00e9dition, qui c\u00e9l\u00e9brera les 80\u00a0ans de la f\u00eate traditionnelle du Pays Dignois.<\/p>\n<p>\u00ab\u00a0<i>Je travaille sur la pr\u00e9paration de cette \u00e9dition depuis mars. En mars, on commence \u00e0 pr\u00e9parer les grosses structures en bois et en m\u00e9tal, puis en mai, on commence \u00e0 coller<\/i><i>\u00a0<\/i>\u00bb, explique Aur\u00e9lien, 15\u00a0ans, b\u00e9n\u00e9vole depuis d\u00e9j\u00e0 cinq ans. Chaque char est pr\u00e9par\u00e9 par une \u00e9quipe d\u2019une quinzaine de b\u00e9n\u00e9voles, qui choisissent un th\u00e8me libre chaque ann\u00e9e. Cette ann\u00e9e, pour les 80\u00a0ans, on retrouve un char bisounours, un sur le th\u00e8me des montgolfi\u00e8res, un sur le groupe ABBA, sur les ann\u00e9es\u00a080, le tour du monde en 80\u00a0jours ou encore sur le film Dragons. En plus des huit chars entrepos\u00e9s dans le hangar pendant leur pr\u00e9paration, huit autres chars sont en plein montage chez les pompiers, \u00e0 l\u2019h\u00f4pital ou encore \u00e0 la pr\u00e9fecture. Les b\u00e9n\u00e9voles profitent de tracteurs pr\u00eat\u00e9s par des paysans de la r\u00e9gion pour tirer leurs chars.<\/p>\n<p>\u00ab\u00a0<i>Cette ann\u00e9e, il y a beaucoup de m\u00e9canismes de mouvement qui ont \u00e9t\u00e9 install\u00e9s pour que les papillons ou encore les dragons puissent battre des ailes<\/i><i>\u00a0<\/i>\u00bb, se r\u00e9jouit Julien Di\u00a0Benedetto, maire de Digne et participant au Corso depuis son plus jeune \u00e2ge, pendant qu\u2019une b\u00e9n\u00e9vole installe une guirlande lumineuse pour le d\u00e9fil\u00e9 nocturne sur son char bisounours.<\/p>\n<\/p><\/div>\n<div class=\"intext\"> Une histoire de famille\n              <\/div>\n<div class=\"paragraph\">\n<p>Le Corso est un rendez-vous annuel primordial pour les Dignois depuis des d\u00e9cennies. \u00ab\u00a0<i><span class=\"mln_uppercase_mln\">\u00e0<\/span><\/i><i> une \u00e9poque, chaque quartier faisait son propre char<\/i><i>\u00a0<\/i>\u00bb, se rappelle Julien Di\u00a0Benedetto. \u00ab\u00a0<i>Dans ma famille, il \u00e9tait hors de question de partir en vacances pendant le Corso, cela aurait fait scandale<\/i><i>\u00a0<\/i><i>! Souvent, toute la famille vient m\u00eame \u00e0 Digne pour la f\u00eate<\/i><i>\u00a0<\/i>\u00bb, raconte-t-il, tout \u00e9mu de vivre son premier Corso en tant que maire. Car le Corso, c\u2019est avant tout une histoire de famille. Les enfants dignois baignent dedans depuis tout petit. \u00ab\u00a0<i>Avec l\u2019actuel premier adjoint, mon ami d\u2019enfance, on traversait la ville \u00e0 v\u00e9lo pour coller sur les chars tous les apr\u00e8s-midi de juillet, c\u2019\u00e9tait incroyable<\/i><i>\u00a0<\/i>\u00bb, se rappelle Julien Di\u00a0Benedetto, qui participe depuis ses 7\u00a0ans.<\/p>\n<p>Cette ann\u00e9e, pour le 80<sup>e<\/sup>\u00a0anniversaire du Corso, le nouveau maire a voulu viser grand en proposant \u00e0 Cyril F\u00e9raud, c\u00e9l\u00e8bre animateur de t\u00e9l\u00e9vision, d\u2019\u00eatre le parrain de cette \u00e9dition. \u00ab\u00a0<i>C\u2019est un vieux copain, on \u00e9tait \u00e0 l\u2019\u00e9cole ensemble. Son papa, d\u00e9c\u00e9d\u00e9 il y a sept ans, faisait les plus gros chars du Corso<\/i><i>\u00a0<\/i>\u00bb, explique Julien Di\u00a0Benedetto.<\/p>\n<p>Cette ann\u00e9e marque aussi le premier partenariat avec la marque proven\u00e7ale iconique L\u2019Occitane. \u00ab\u00a0<i>Comme c\u2019\u00e9tait leurs 50<\/i><i>\u00a0<\/i><i>ans et qu\u2019ils venaient de sortir une nouvelle gamme lavande, je leur ai dit qu\u2019il y avait quelque chose \u00e0 faire<\/i><i>\u00a0<\/i>\u00bb, d\u00e9taille le maire.<\/p>\n<p>\u00ab\u00a0<i>Une autre nouveaut\u00e9 depuis deux ans, c\u2019est que les chars sont conserv\u00e9s et ressortent pour Halloween et pour No\u00ebl. Cela leur permet d\u2019avoir une vie plus longue que pendant les quelques jours du Corso<\/i>\u00a0\u00bb, explique Julien Di\u00a0Benedetto.<\/p>\n<\/p><\/div>\n","protected":false},"excerpt":{"rendered":"Dans le hangar des chars du Corso de La lavande, des dizaines de b&eacute;n&eacute;voles s&rsquo;activent depuis des mois pour pr&eacute;parer les seize chars de cette &eacute;dition, qui c&eacute;l&eacute;brera les 80&nbsp;ans de la f&ecirc;te &#8230;","protected":false},"author":1,"featured_media":37316,"comment_status":"open","ping_status":"open","sticky":false,"template":"","format":"standard","meta":{"footnotes":""},"categories":[20],"tags":[4768,4467,183,6155,400,35,688,329,466,980,5807,325,97,457,51,1749],"news-destination":[],"news-source":[475],"is_homepage":[],"ta_other":[],"class_list":["post-37315","post","type-post","status-publish","format-standard","has-post-thumbnail","hentry","category-societe","tag-alpes","tag-alpes-de-haute-provence","tag-benevoles","tag-chars","tag-concerts","tag-culture","tag-defile","tag-festival","tag-fete","tag-fetes","tag-lavande","tag-musique","tag-patrimoine","tag-paysans","tag-societe","tag-tradition","news-source-website"],"_links":{"self":[{"href":"https:\/\/euapp01.newsmemory.com\/lamarseillaise\/news\/wp-json\/wp\/v2\/posts\/37315","targetHints":{"allow":["GET"]}}],"collection":[{"href":"https:\/\/euapp01.newsmemory.com\/lamarseillaise\/news\/wp-json\/wp\/v2\/posts"}],"about":[{"href":"https:\/\/euapp01.newsmemory.com\/lamarseillaise\/news\/wp-json\/wp\/v2\/types\/post"}],"author":[{"embeddable":true,"href":"https:\/\/euapp01.newsmemory.com\/lamarseillaise\/news\/wp-json\/wp\/v2\/users\/1"}],"replies":[{"embeddable":true,"href":"https:\/\/euapp01.newsmemory.com\/lamarseillaise\/news\/wp-json\/wp\/v2\/comments?post=37315"}],"version-history":[{"count":1,"href":"https:\/\/euapp01.newsmemory.com\/lamarseillaise\/news\/wp-json\/wp\/v2\/posts\/37315\/revisions"}],"predecessor-version":[{"id":37317,"href":"https:\/\/euapp01.newsmemory.com\/lamarseillaise\/news\/wp-json\/wp\/v2\/posts\/37315\/revisions\/37317"}],"wp:featuredmedia":[{"embeddable":true,"href":"https:\/\/euapp01.newsmemory.com\/lamarseillaise\/news\/wp-json\/wp\/v2\/media\/37316"}],"wp:attachment":[{"href":"https:\/\/euapp01.newsmemory.com\/lamarseillaise\/news\/wp-json\/wp\/v2\/media?parent=37315"}],"wp:term":[{"taxonomy":"category","embeddable":true,"href":"https:\/\/euapp01.newsmemory.com\/lamarseillaise\/news\/wp-json\/wp\/v2\/categories?post=37315"},{"taxonomy":"post_tag","embeddable":true,"href":"https:\/\/euapp01.newsmemory.com\/lamarseillaise\/news\/wp-json\/wp\/v2\/tags?post=37315"},{"taxonomy":"news-destination","embeddable":true,"href":"https:\/\/euapp01.newsmemory.com\/lamarseillaise\/news\/wp-json\/wp\/v2\/news-destination?post=37315"},{"taxonomy":"news-source","embeddable":true,"href":"https:\/\/euapp01.newsmemory.com\/lamarseillaise\/news\/wp-json\/wp\/v2\/news-source?post=37315"},{"taxonomy":"is_homepage","embeddable":true,"href":"https:\/\/euapp01.newsmemory.com\/lamarseillaise\/news\/wp-json\/wp\/v2\/is_homepage?post=37315"},{"taxonomy":"ta_other","embeddable":true,"href":"https:\/\/euapp01.newsmemory.com\/lamarseillaise\/news\/wp-json\/wp\/v2\/ta_other?post=37315"}],"curies":[{"name":"wp","href":"https:\/\/api.w.org\/{rel}","templated":true}]}}