{"id":37312,"date":"2026-07-24T07:31:00","date_gmt":"2026-07-24T05:31:00","guid":{"rendered":"https:\/\/euapp01.newsmemory.com\/lamarseillaise\/news\/?p=37312"},"modified":"2026-07-24T10:01:05","modified_gmt":"2026-07-24T08:01:05","slug":"a-jouques-mathieu-charreyre-veille-sur-un-tresor-du-patrimoine-numerique","status":"publish","type":"post","link":"https:\/\/euapp01.newsmemory.com\/lamarseillaise\/news\/2026\/07\/24\/a-jouques-mathieu-charreyre-veille-sur-un-tresor-du-patrimoine-numerique\/","title":{"rendered":"\u00c0 Jouques, Mathieu Charreyre veille sur un tr\u00e9sor du patrimoine num\u00e9rique"},"content":{"rendered":"<div class=\"paragraph\">\n<p>Au pied du massif de la Sainte-Victoire se cachent deux tr\u00e9sors. Le premier est le domaine Saint-Antonin, propri\u00e9t\u00e9 des descendants d\u2019Annibal Thus. Le second est abrit\u00e9 dans un entrep\u00f4t du domaine. Dans cette pi\u00e8ce sombre, soigneusement surveill\u00e9e, des centaines d\u2019anc\u00eatres de nos ordinateurs et de nos t\u00e9l\u00e9phones sont align\u00e9s sur des \u00e9tag\u00e8res qui semblent s\u2019\u00e9tendre \u00e0 perte de vue.<\/p>\n<p>L\u2019association Winter Development Association (WDA), fond\u00e9e en 1996, y conserve une partie de son importante collection d\u00e9di\u00e9e \u00e0 la pr\u00e9servation du patrimoine num\u00e9rique. En r\u00e9gion Provence-Alpes-C\u00f4te d\u2019Azur, pr\u00e8s de 40% des collections de l\u2019association sont ainsi entrepos\u00e9es. La WDA est l\u2019une des trois seules associations fran\u00e7aises sp\u00e9cialis\u00e9es dans ce domaine et vient de c\u00e9l\u00e9brer ses trente ans d\u2019existence. \u00c0 l\u2019heure o\u00f9 les technologies se renouvellent \u00e0 un rythme effr\u00e9n\u00e9, ordinateurs, consoles, logiciels et p\u00e9riph\u00e9riques sont restaur\u00e9s et pr\u00e9serv\u00e9s afin de t\u00e9moigner de l\u2019histoire de l\u2019informatique et de transmettre cette m\u00e9moire aux g\u00e9n\u00e9rations futures. \u00c0 la t\u00eate de cette mission, Mathieu Charreyre, descendant de la famille Thus et cofondateur de l\u2019association, g\u00e8re seul cette collection depuis le d\u00e9but des ann\u00e9es 2000.<\/p>\n<\/p><\/div>\n<div class=\"intext\"> Des \u00ab\u00a0bouts de vie\u00a0\u00bb\n              <\/div>\n<div class=\"paragraph\">\n<p>\u00ab\u00a0<i>Depuis le d\u00e9c\u00e8s de mes parents, j\u2019ai repris la gestion du domaine parce qu\u2019il n\u2019y a plus que moi. Je pense que quelque part, j\u2019ai \u00e9t\u00e9 fait pour \u00e7a, puisque je fais la m\u00eame chose avec la WDA depuis le d\u00e9but<\/i>, explique Mathieu Charreyre, hyperactif qui a fait ses d\u00e9buts au sein de Club Internet.<i> Le patrimoine, c\u2019est mon Rocher de Sisyphe<\/i><i>\u00a0<\/i>\u00bb, ajoute l\u2019informaticien.<\/p>\n<p>L\u2019histoire de cette collection d\u00e9bute en 1988, alors que trois amis, dont Mathieu, r\u00e9cup\u00e8rent les technologies abandonn\u00e9es dans les rues de Paris. Au fil des ann\u00e9es, l\u2019initiative se structure en association et dirige sa ligne vers la pr\u00e9servation d\u2019un bout d\u2019histoire. Alors, dans cette pi\u00e8ce ou sont pr\u00e9serv\u00e9s les traces de l\u2019histoire technologique et num\u00e9rique, on ne compte m\u00eame plus les objets de collection en nombre, mais en m<sup>3<\/sup>\u00a0: ici, 500\u00a0m<sup>3<\/sup> de mat\u00e9riel, provenantenti\u00e8rement de legs. Alors, tr\u00f4nent une machine de calculateur venue du CEA de Cadarache, dat\u00e9e de 1973. Ou des<i> <\/i>\u00ab\u00a0<i>licornes<\/i><i>\u00a0<\/i>\u00bb, comme les mod\u00e8les des trois Oric Atmos&#8230; Le travail \u00ab\u00a0<i>d\u2019une vie<\/i><i>\u00a0<\/i>\u00bb qui a valu des collaborations avec le Cnam et la BNF. Pour Mathieu Charreyre, hors de question de vendre<i>. <\/i>\u00ab\u00a0<i>Ce sont des bouts de la vie des gens qui me sont confi\u00e9s<\/i>.\u00a0\u00bb Quant au devenir de cette collection\u00a0: \u00ab\u00a0<i>\u00c7a, je ne sais pas encore&#8230;<\/i>\u00a0\u00bb<i> S<\/i>es portes restent n\u00e9anmoins ouvertes \u00e0 \u00ab<i>\u00a0<\/i><i>qui le veut<\/i>\u00a0\u00bb<i>. <\/i>Sur le domaine, Mathieu Charreyre s\u2019attelle \u00e9galement \u00e0 restaurer des ordinateurs, pour les redistribuer.<\/p>\n<\/p><\/div>\n","protected":false},"excerpt":{"rendered":"Au pied du massif de la Sainte-Victoire se cachent deux tr&eacute;sors. Le premier est le domaine Saint-Antonin, propri&eacute;t&eacute; des descendants d&rsquo;Annibal Thus. Le second est abrit&eacute; dans un entrep&ocirc;t du domaine. Dans cette &#8230;","protected":false},"author":1,"featured_media":37313,"comment_status":"open","ping_status":"open","sticky":false,"template":"","format":"standard","meta":{"footnotes":""},"categories":[20],"tags":[10,35,1358,1468,156,1591],"news-destination":[],"news-source":[475],"is_homepage":[],"ta_other":[],"class_list":["post-37312","post","type-post","status-publish","format-standard","has-post-thumbnail","hentry","category-societe","tag-bouches-du-rhone","tag-culture","tag-jouques","tag-numerique","tag-patrimoine-culturel","tag-technologies","news-source-website"],"_links":{"self":[{"href":"https:\/\/euapp01.newsmemory.com\/lamarseillaise\/news\/wp-json\/wp\/v2\/posts\/37312","targetHints":{"allow":["GET"]}}],"collection":[{"href":"https:\/\/euapp01.newsmemory.com\/lamarseillaise\/news\/wp-json\/wp\/v2\/posts"}],"about":[{"href":"https:\/\/euapp01.newsmemory.com\/lamarseillaise\/news\/wp-json\/wp\/v2\/types\/post"}],"author":[{"embeddable":true,"href":"https:\/\/euapp01.newsmemory.com\/lamarseillaise\/news\/wp-json\/wp\/v2\/users\/1"}],"replies":[{"embeddable":true,"href":"https:\/\/euapp01.newsmemory.com\/lamarseillaise\/news\/wp-json\/wp\/v2\/comments?post=37312"}],"version-history":[{"count":1,"href":"https:\/\/euapp01.newsmemory.com\/lamarseillaise\/news\/wp-json\/wp\/v2\/posts\/37312\/revisions"}],"predecessor-version":[{"id":37314,"href":"https:\/\/euapp01.newsmemory.com\/lamarseillaise\/news\/wp-json\/wp\/v2\/posts\/37312\/revisions\/37314"}],"wp:featuredmedia":[{"embeddable":true,"href":"https:\/\/euapp01.newsmemory.com\/lamarseillaise\/news\/wp-json\/wp\/v2\/media\/37313"}],"wp:attachment":[{"href":"https:\/\/euapp01.newsmemory.com\/lamarseillaise\/news\/wp-json\/wp\/v2\/media?parent=37312"}],"wp:term":[{"taxonomy":"category","embeddable":true,"href":"https:\/\/euapp01.newsmemory.com\/lamarseillaise\/news\/wp-json\/wp\/v2\/categories?post=37312"},{"taxonomy":"post_tag","embeddable":true,"href":"https:\/\/euapp01.newsmemory.com\/lamarseillaise\/news\/wp-json\/wp\/v2\/tags?post=37312"},{"taxonomy":"news-destination","embeddable":true,"href":"https:\/\/euapp01.newsmemory.com\/lamarseillaise\/news\/wp-json\/wp\/v2\/news-destination?post=37312"},{"taxonomy":"news-source","embeddable":true,"href":"https:\/\/euapp01.newsmemory.com\/lamarseillaise\/news\/wp-json\/wp\/v2\/news-source?post=37312"},{"taxonomy":"is_homepage","embeddable":true,"href":"https:\/\/euapp01.newsmemory.com\/lamarseillaise\/news\/wp-json\/wp\/v2\/is_homepage?post=37312"},{"taxonomy":"ta_other","embeddable":true,"href":"https:\/\/euapp01.newsmemory.com\/lamarseillaise\/news\/wp-json\/wp\/v2\/ta_other?post=37312"}],"curies":[{"name":"wp","href":"https:\/\/api.w.org\/{rel}","templated":true}]}}