{"id":37309,"date":"2026-07-24T07:43:00","date_gmt":"2026-07-24T05:43:00","guid":{"rendered":"https:\/\/euapp01.newsmemory.com\/lamarseillaise\/news\/?p=37309"},"modified":"2026-07-30T08:16:42","modified_gmt":"2026-07-30T06:16:42","slug":"cest-lete-jazz-au-ranquet-revient-pour-trois-soirees-gratuites-a-istres","status":"publish","type":"post","link":"https:\/\/euapp01.newsmemory.com\/lamarseillaise\/news\/2026\/07\/24\/cest-lete-jazz-au-ranquet-revient-pour-trois-soirees-gratuites-a-istres\/","title":{"rendered":"[C\u2019est l\u2019\u00e9t\u00e9] Jazz au Ranquet revient pour trois soir\u00e9es gratuites \u00e0 Istres"},"content":{"rendered":"<div class=\"paragraph\">\n<p>Cet \u00e9v\u00e9nement d\u00e9di\u00e9 au jazz revient cette ann\u00e9e encore sur les plages du Ranquet pour offrir au public trois soir\u00e9es de concerts au bord de l\u2019eau, les pieds dans le sable.<\/p>\n<p>Initi\u00e9 il y a quelques ann\u00e9es par la municipalit\u00e9, Jazz au Ranquet a su s\u2019imposer comme un rendez-vous incontournable de l\u2019\u00e9t\u00e9 istr\u00e9en. Chaque ann\u00e9e, le festival rassemble de nombreux curieux et passionn\u00e9s, vacanciers comme habitants de la r\u00e9gion. Ici, les m\u00e9lodies et le bruit des vagues s\u2019entrem\u00ealent pour cr\u00e9er une atmosph\u00e8re unique, \u00e0 partager en famille ou entre amis.<\/p>\n<\/p><\/div>\n<div class=\"intext\"> Un orchestre<br \/>\n               <br \/>de 21 musiciens\n              <\/div>\n<div class=\"paragraph\">\n<p>Du c\u00f4t\u00e9 de la programmation, les festivit\u00e9s d\u00e9buteront ce vendredi \u00e0 20 h avec le Nitcho Reinhardt Quartet. Autodidacte passionn\u00e9, Nitcho Reinhardt n\u2019a jamais cess\u00e9 d\u2019enrichir son univers musical. Il sera sur sc\u00e8ne aux c\u00f4t\u00e9s de ses deux fr\u00e8res, \u00e0 la guitare rythmique, et accompagn\u00e9 du contrebassiste parisien Thierry Chanteloup. Ensemble, ils pr\u00e9senteront \u00ab La vie en cordes \u00bb.<\/p>\n<p>\u00c0 partir de 22 h, le Big Band de Pertuis prendra le relais. Fond\u00e9 en 1984, l\u2019ensemble r\u00e9unit des musiciens professionnels et amateurs chevronn\u00e9s, passionn\u00e9s de jazz et de musique latino-am\u00e9ricaine. Cet orchestre de 21 musiciens interpr\u00e8te les plus grands standards du genre, de Count Basie \u00e0 Duke Ellington, entre autres.<\/p>\n<p>Samedi, la premi\u00e8re partie de soir\u00e9e sera consacr\u00e9e \u00e0 un hommage \u00e0 Michel Petrucciani propos\u00e9 par Marc Cicero.<\/p>\n<p>En seconde partie, Ronald Baker et ses fid\u00e8les sidemen revisiteront un hard-bop groovy aux racines solidement ancr\u00e9es dans la tradition du jazz. Une prestation qui promet de ravir les amateurs du genre.<\/p>\n<p>Enfin, dimanche, une soir\u00e9e organis\u00e9e en partenariat avec le Marseille Jazz des Cinq Continents viendra cl\u00f4turer le festival. \u00c0 partir de 21 h, Pierre Bertrand et La Caja Negra monteront sur sc\u00e8ne. Le groupe, qui a sillonn\u00e9 la France et l\u2019Am\u00e9rique du Sud, partagera avec le public son identit\u00e9 musicale singuli\u00e8re \u00e0 travers une musique vibrante, vivante et g\u00e9n\u00e9reuse.<\/p>\n<\/p><\/div>\n<div class=\"paragraph\">\n<p><i>Informations aupr\u00e8s de l\u2019office de tourisme au<\/i><i>\u00a0<\/i><i>: 04.42.81.76.00<\/i><\/p>\n<\/p><\/div>\n","protected":false},"excerpt":{"rendered":"Cet &eacute;v&eacute;nement d&eacute;di&eacute; au jazz revient cette ann&eacute;e encore sur les plages du Ranquet pour offrir au public trois soir&eacute;es de concerts au bord de l&rsquo;eau, les pieds dans le sable.Initi&eacute; il y a quelques &#8230;","protected":false},"author":1,"featured_media":37310,"comment_status":"open","ping_status":"open","sticky":false,"template":"","format":"standard","meta":{"footnotes":""},"categories":[3926,3925,32],"tags":[10,6085,34,400,329,1083,534,40,6056,325,3045,888],"news-destination":[3944],"news-source":[475],"is_homepage":[],"ta_other":[],"class_list":["post-37309","post","type-post","status-publish","format-standard","has-post-thumbnail","hentry","category-accueil-merge","category-accueil-third","category-culture","tag-bouches-du-rhone","tag-cest-lete","tag-concert","tag-concerts","tag-festival","tag-gratuit","tag-istres","tag-jazz","tag-marseille-jazz-5-continents","tag-musique","tag-orchestre","tag-plages","news-destination-homepage","news-source-website"],"_links":{"self":[{"href":"https:\/\/euapp01.newsmemory.com\/lamarseillaise\/news\/wp-json\/wp\/v2\/posts\/37309","targetHints":{"allow":["GET"]}}],"collection":[{"href":"https:\/\/euapp01.newsmemory.com\/lamarseillaise\/news\/wp-json\/wp\/v2\/posts"}],"about":[{"href":"https:\/\/euapp01.newsmemory.com\/lamarseillaise\/news\/wp-json\/wp\/v2\/types\/post"}],"author":[{"embeddable":true,"href":"https:\/\/euapp01.newsmemory.com\/lamarseillaise\/news\/wp-json\/wp\/v2\/users\/1"}],"replies":[{"embeddable":true,"href":"https:\/\/euapp01.newsmemory.com\/lamarseillaise\/news\/wp-json\/wp\/v2\/comments?post=37309"}],"version-history":[{"count":1,"href":"https:\/\/euapp01.newsmemory.com\/lamarseillaise\/news\/wp-json\/wp\/v2\/posts\/37309\/revisions"}],"predecessor-version":[{"id":37311,"href":"https:\/\/euapp01.newsmemory.com\/lamarseillaise\/news\/wp-json\/wp\/v2\/posts\/37309\/revisions\/37311"}],"wp:featuredmedia":[{"embeddable":true,"href":"https:\/\/euapp01.newsmemory.com\/lamarseillaise\/news\/wp-json\/wp\/v2\/media\/37310"}],"wp:attachment":[{"href":"https:\/\/euapp01.newsmemory.com\/lamarseillaise\/news\/wp-json\/wp\/v2\/media?parent=37309"}],"wp:term":[{"taxonomy":"category","embeddable":true,"href":"https:\/\/euapp01.newsmemory.com\/lamarseillaise\/news\/wp-json\/wp\/v2\/categories?post=37309"},{"taxonomy":"post_tag","embeddable":true,"href":"https:\/\/euapp01.newsmemory.com\/lamarseillaise\/news\/wp-json\/wp\/v2\/tags?post=37309"},{"taxonomy":"news-destination","embeddable":true,"href":"https:\/\/euapp01.newsmemory.com\/lamarseillaise\/news\/wp-json\/wp\/v2\/news-destination?post=37309"},{"taxonomy":"news-source","embeddable":true,"href":"https:\/\/euapp01.newsmemory.com\/lamarseillaise\/news\/wp-json\/wp\/v2\/news-source?post=37309"},{"taxonomy":"is_homepage","embeddable":true,"href":"https:\/\/euapp01.newsmemory.com\/lamarseillaise\/news\/wp-json\/wp\/v2\/is_homepage?post=37309"},{"taxonomy":"ta_other","embeddable":true,"href":"https:\/\/euapp01.newsmemory.com\/lamarseillaise\/news\/wp-json\/wp\/v2\/ta_other?post=37309"}],"curies":[{"name":"wp","href":"https:\/\/api.w.org\/{rel}","templated":true}]}}