{"id":37303,"date":"2026-07-24T07:11:01","date_gmt":"2026-07-24T05:11:01","guid":{"rendered":"https:\/\/euapp01.newsmemory.com\/lamarseillaise\/news\/?p=37303"},"modified":"2026-07-30T07:45:36","modified_gmt":"2026-07-30T05:45:36","slug":"la-calade-de-fontville-restauree-a-lancienne","status":"publish","type":"post","link":"https:\/\/euapp01.newsmemory.com\/lamarseillaise\/news\/2026\/07\/24\/la-calade-de-fontville-restauree-a-lancienne\/","title":{"rendered":"La calade de Fontville restaur\u00e9e \u00e0 l\u2019ancienne"},"content":{"rendered":"<div class=\"paragraph\">\n<p>La voie n\u2019est pas r\u00e9pertori\u00e9e sur le GPS, mais elle est bien connue des habitants de Miramas-le-Vieux. Au d\u00e9part du bas du village, \u00e0 proximit\u00e9 du cimeti\u00e8re, la calade du chemin de la Fontville permet de rejoindre le parc de la Poudrerie Royale. Les enfants l\u2019empruntent quotidiennement pour prendre le bus qui les am\u00e8ne \u00e0 l\u2019\u00e9cole. Du moins en p\u00e9riode scolaire. \u00c0 l\u2019\u00e9poque, les anciens y descendaient pour aller au lavoir. La l\u00e9gende raconte m\u00eame que Catherine de M\u00e9dicis l\u2019aurait arpent\u00e9e alors qu\u2019elle \u00e9tait en visite \u00e0 Salon-de-Provence.<\/p>\n<p>Aujourd\u2019hui, \u00e0 force de passages, ce sentier m\u00e9di\u00e9val est ab\u00eem\u00e9. Apr\u00e8s avoir \u00e9t\u00e9 interpell\u00e9e par le Conseil de quartier des 4\u00a0chemins, la Ville de Miramas a fl\u00e9ch\u00e9 12\u00a0000\u00a0euros pour sa restauration. Depuis le 20\u00a0juillet et jusqu\u2019\u00e0 la fin du mois, une dizaine de b\u00e9n\u00e9voles de l\u2019association Opus s\u2019affairent sur la voie historique en s\u2019appliquant \u00e0 respecter les techniques traditionnelles\u00a0: un rev\u00eatement en pierres s\u00e8ches plant\u00e9es \u00e0 la verticale, en contact les unes avec les autres, sur un lit de mortier de chaux \u00e0 sec. Luc Alain, animateur technique du chantier, explique\u00a0: \u00ab\u00a0<i>\u00c7a permet au sol de respirer tout en canalisant les eaux de pluie.<\/i><i>\u00a0<\/i>\u00bb<\/p>\n<\/p><\/div>\n<div class=\"intext\"> Une aventure humaine<br \/>\n               <br \/>avant tout\n              <\/div>\n<div class=\"paragraph\">\n<p>Pour cet artisan muralier d\u2019Aix-en-Provence, encadrer des b\u00e9n\u00e9voles via une association est une premi\u00e8re\u00a0: \u00ab\u00a0<i>C\u2019est int\u00e9ressant, \u00e7a permet d\u2019\u00eatre dans la transmission du savoir-faire et de les int\u00e9resser au patrimoine. Ce que je leur ai dit, c\u2019est qu\u2019ils travaillent sur un ouvrage qui est l\u00e0 depuis probablement plus de 500<\/i><i>\u00a0<\/i><i>ans, et que les pierres qu\u2019ils manipulent ont d\u00e9j\u00e0 \u00e9t\u00e9 manipul\u00e9es il y a des centaines d\u2019ann\u00e9es par d\u2019autres personnes.<\/i><i>\u00a0<\/i>\u00bb<\/p>\n<p>Le message semble \u00eatre pass\u00e9. Accroupis sur le chemin, les jeunes, \u00e2g\u00e9s de 18 \u00e0 22\u00a0ans, sont concentr\u00e9s. Leurs journ\u00e9es bien charg\u00e9es. Le r\u00e9veil sonne \u00e0 6h, pour d\u00e9buter les travaux une heure plus tard. Ils et elles passent la matin\u00e9e \u00e0 enlever les pierres des zones caboss\u00e9es ou b\u00e9tonn\u00e9es, remettre de la chaux et replacer le rev\u00eatement. \u00c0 13h, retour au Parc de la Poudrerie, o\u00f9 ils sont log\u00e9s. L\u2019apr\u00e8s-midi, place aux activit\u00e9s et \u00e0 la d\u00e9couverte de la r\u00e9gion.<\/p>\n<p>Amandine et Ilda, qui travaillent en bin\u00f4me sur la calade, ont d\u2019abord \u00e9t\u00e9 attir\u00e9es par \u00ab\u00a0<i>l\u2019aventure humaine<\/i>\u00a0\u00bb que propose Opus. \u00ab\u00a0<i>C\u2019est l\u2019id\u00e9e de partager deux semaines avec des gens qu\u2019on ne conna\u00eet pas, de d\u00e9couvrir de nouvelles personnes, de nouvelles cultures, parce que c\u2019est un chantier international<\/i><i>\u00a0<\/i>\u00bb, d\u00e9taille la premi\u00e8re, \u00e9tudiante en kin\u00e9sith\u00e9rapie \u00e0 Lille. Leur meilleur souvenir\u00a0? La soir\u00e9e pass\u00e9e la veille, lors de laquelle elles ont d\u00e9couvert des chants turcs de leurs camarades originaires du pays d\u2019Asie.<\/p>\n<p>Dans quelques semaines, d\u2019autres b\u00e9n\u00e9voles d\u2019Opus viendront restaurer le canal du Parc de la Poudrerie. Le partenariat de la Ville avec l\u2019association, qui dure depuis pr\u00e8s de vingt ans, a notamment permis \u00e0 de nombreux \u00e9l\u00e9ments du patrimoine de cet ancien domaine industriel d\u2019avoir une seconde vie, \u00e0 l\u2019instar du lavoir, des moulins \u00e0 poudre, ou encore de la chapelle.<\/p>\n<\/p><\/div>\n","protected":false},"excerpt":{"rendered":"La voie n&rsquo;est pas r&eacute;pertori&eacute;e sur le GPS, mais elle est bien connue des habitants de Miramas-le-Vieux. Au d&eacute;part du bas du village, &agrave; proximit&eacute; du cimeti&egrave;re, la calade du chemin de la Fontville permet &#8230;","protected":false},"author":1,"featured_media":37304,"comment_status":"open","ping_status":"open","sticky":false,"template":"","format":"standard","meta":{"footnotes":""},"categories":[3926,3925,20],"tags":[183,10,1619,1680,4290,1578,97,180,960,166],"news-destination":[3944],"news-source":[475],"is_homepage":[],"ta_other":[],"class_list":["post-37303","post","type-post","status-publish","format-standard","has-post-thumbnail","hentry","category-accueil-merge","category-accueil-third","category-societe","tag-benevoles","tag-bouches-du-rhone","tag-chantier","tag-cultures","tag-medieval","tag-miramas","tag-patrimoine","tag-restauration","tag-transmission","tag-travaux","news-destination-homepage","news-source-website"],"_links":{"self":[{"href":"https:\/\/euapp01.newsmemory.com\/lamarseillaise\/news\/wp-json\/wp\/v2\/posts\/37303","targetHints":{"allow":["GET"]}}],"collection":[{"href":"https:\/\/euapp01.newsmemory.com\/lamarseillaise\/news\/wp-json\/wp\/v2\/posts"}],"about":[{"href":"https:\/\/euapp01.newsmemory.com\/lamarseillaise\/news\/wp-json\/wp\/v2\/types\/post"}],"author":[{"embeddable":true,"href":"https:\/\/euapp01.newsmemory.com\/lamarseillaise\/news\/wp-json\/wp\/v2\/users\/1"}],"replies":[{"embeddable":true,"href":"https:\/\/euapp01.newsmemory.com\/lamarseillaise\/news\/wp-json\/wp\/v2\/comments?post=37303"}],"version-history":[{"count":1,"href":"https:\/\/euapp01.newsmemory.com\/lamarseillaise\/news\/wp-json\/wp\/v2\/posts\/37303\/revisions"}],"predecessor-version":[{"id":37305,"href":"https:\/\/euapp01.newsmemory.com\/lamarseillaise\/news\/wp-json\/wp\/v2\/posts\/37303\/revisions\/37305"}],"wp:featuredmedia":[{"embeddable":true,"href":"https:\/\/euapp01.newsmemory.com\/lamarseillaise\/news\/wp-json\/wp\/v2\/media\/37304"}],"wp:attachment":[{"href":"https:\/\/euapp01.newsmemory.com\/lamarseillaise\/news\/wp-json\/wp\/v2\/media?parent=37303"}],"wp:term":[{"taxonomy":"category","embeddable":true,"href":"https:\/\/euapp01.newsmemory.com\/lamarseillaise\/news\/wp-json\/wp\/v2\/categories?post=37303"},{"taxonomy":"post_tag","embeddable":true,"href":"https:\/\/euapp01.newsmemory.com\/lamarseillaise\/news\/wp-json\/wp\/v2\/tags?post=37303"},{"taxonomy":"news-destination","embeddable":true,"href":"https:\/\/euapp01.newsmemory.com\/lamarseillaise\/news\/wp-json\/wp\/v2\/news-destination?post=37303"},{"taxonomy":"news-source","embeddable":true,"href":"https:\/\/euapp01.newsmemory.com\/lamarseillaise\/news\/wp-json\/wp\/v2\/news-source?post=37303"},{"taxonomy":"is_homepage","embeddable":true,"href":"https:\/\/euapp01.newsmemory.com\/lamarseillaise\/news\/wp-json\/wp\/v2\/is_homepage?post=37303"},{"taxonomy":"ta_other","embeddable":true,"href":"https:\/\/euapp01.newsmemory.com\/lamarseillaise\/news\/wp-json\/wp\/v2\/ta_other?post=37303"}],"curies":[{"name":"wp","href":"https:\/\/api.w.org\/{rel}","templated":true}]}}