{"id":37300,"date":"2026-07-24T07:15:00","date_gmt":"2026-07-24T05:15:00","guid":{"rendered":"https:\/\/euapp01.newsmemory.com\/lamarseillaise\/news\/?p=37300"},"modified":"2026-07-30T07:58:52","modified_gmt":"2026-07-30T05:58:52","slug":"face-aux-risques-le-concert-damir-annule-aux-terrasses","status":"publish","type":"post","link":"https:\/\/euapp01.newsmemory.com\/lamarseillaise\/news\/2026\/07\/24\/face-aux-risques-le-concert-damir-annule-aux-terrasses\/","title":{"rendered":"Face aux \u00ab&nbsp;risques&nbsp;\u00bb, le concert d\u2019Amir annul\u00e9 aux Terrasses"},"content":{"rendered":"<div class=\"paragraph\">\n<p>\u00ab <i>U<\/i>n \u00ab\u00a0<i>imp\u00e9ratif de s\u00e9curit\u00e9<\/i>\u00a0\u00bb invoqu\u00e9 pour annuler le concert du chanteur franco-isra\u00e9lien, Amir. Pr\u00e9vu ce 26\u00a0juillet sur aux Terrasses du Port, cet \u00e9v\u00e9nement gratuit n\u2019aura finalement pas lieu. \u00ab\u00a0<i>Compte tenu de l\u2019affluence attendue et des risques identifi\u00e9s, les conditions n\u2019\u00e9taient pas r\u00e9unies pour assurer le maintien de cette animation destin\u00e9e \u00e0 un public familial<\/i><i>\u00a0<\/i><i>\u00bb<\/i>, d\u00e9taille Alice Moreau, directrice de l\u2019agence organisatrice.<\/p>\n<p>Cette annulation survient \u00e0 la suite d\u2019appels au boycott de l\u2019\u00e9v\u00e9nement par plusieurs collectifs pro-palestiniens. En cause, selon eux, les positions politiques d\u2019Amir.\u00a0: \u00ab\u00a0<i>Cet artiste soutient activement l\u2019arm\u00e9e et la politique isra\u00e9liennes. Il a notamment particip\u00e9 \u00e0 des \u00e9v\u00e9nements dans des colonies en territoire palestinien occup\u00e9<\/i>\u00a0\u00bb, d\u00e9nonce l\u2019Union pour la Palestine Marseille (UPM), dans un communiqu\u00e9.<\/p>\n<p>\u00c0 l\u2019inverse, d\u2019autres organisations s\u2019opposent \u00e0 cette annulation et se disent \u00ab\u00a0<i>inqui\u00e8tes<\/i>\u00a0\u00bb. Parmi elles, le Conseil repr\u00e9sentatif des institutions juives de France (Crif) \u00ab\u00a0<i>refuse que l\u2019identit\u00e9 franco-isra\u00e9lienne d\u2019un artiste puisse devenir un motif de mise \u00e0 l\u2019index. La culture ne doit jamais c\u00e9der devant la volont\u00e9 d\u2019exclusion<\/i>\u00a0\u00bb<i>.<\/i><\/p>\n<p>De son c\u00f4t\u00e9, l\u2019UPM \u00ab\u00a0<i>se f\u00e9licite<\/i>\u00a0\u00bb de l\u2019annulation du concert et rappelle la d\u00e9marche \u00ab<i>\u00a0<\/i><i>exclusivement pacifique<\/i>\u00a0\u00bb de son action.<\/p>\n<\/p><\/div>\n","protected":false},"excerpt":{"rendered":"&laquo; Un &laquo;&nbsp;imp&eacute;ratif de s&eacute;curit&eacute;&nbsp;&raquo; invoqu&eacute; pour annuler le concert du chanteur franco-isra&eacute;lien, Amir. Pr&eacute;vu ce 26&nbsp;juillet sur aux Terrasses du Port, cet &eacute;v&eacute;nement &#8230;","protected":false},"author":1,"featured_media":37301,"comment_status":"open","ping_status":"open","sticky":false,"template":"","format":"standard","meta":{"footnotes":""},"categories":[3926,3925,32,20],"tags":[2086,992,4751,102,34,2143,1083,74,16,75,1911,111],"news-destination":[3944],"news-source":[475],"is_homepage":[],"ta_other":[],"class_list":["post-37300","post","type-post","status-publish","format-standard","has-post-thumbnail","hentry","category-accueil-merge","category-accueil-third","category-culture","category-societe","tag-annulation","tag-artiste","tag-boycott","tag-collectif","tag-concert","tag-crif","tag-gratuit","tag-israel-palestine","tag-marseille","tag-palestine","tag-risques","tag-securite","news-destination-homepage","news-source-website"],"_links":{"self":[{"href":"https:\/\/euapp01.newsmemory.com\/lamarseillaise\/news\/wp-json\/wp\/v2\/posts\/37300","targetHints":{"allow":["GET"]}}],"collection":[{"href":"https:\/\/euapp01.newsmemory.com\/lamarseillaise\/news\/wp-json\/wp\/v2\/posts"}],"about":[{"href":"https:\/\/euapp01.newsmemory.com\/lamarseillaise\/news\/wp-json\/wp\/v2\/types\/post"}],"author":[{"embeddable":true,"href":"https:\/\/euapp01.newsmemory.com\/lamarseillaise\/news\/wp-json\/wp\/v2\/users\/1"}],"replies":[{"embeddable":true,"href":"https:\/\/euapp01.newsmemory.com\/lamarseillaise\/news\/wp-json\/wp\/v2\/comments?post=37300"}],"version-history":[{"count":1,"href":"https:\/\/euapp01.newsmemory.com\/lamarseillaise\/news\/wp-json\/wp\/v2\/posts\/37300\/revisions"}],"predecessor-version":[{"id":37302,"href":"https:\/\/euapp01.newsmemory.com\/lamarseillaise\/news\/wp-json\/wp\/v2\/posts\/37300\/revisions\/37302"}],"wp:featuredmedia":[{"embeddable":true,"href":"https:\/\/euapp01.newsmemory.com\/lamarseillaise\/news\/wp-json\/wp\/v2\/media\/37301"}],"wp:attachment":[{"href":"https:\/\/euapp01.newsmemory.com\/lamarseillaise\/news\/wp-json\/wp\/v2\/media?parent=37300"}],"wp:term":[{"taxonomy":"category","embeddable":true,"href":"https:\/\/euapp01.newsmemory.com\/lamarseillaise\/news\/wp-json\/wp\/v2\/categories?post=37300"},{"taxonomy":"post_tag","embeddable":true,"href":"https:\/\/euapp01.newsmemory.com\/lamarseillaise\/news\/wp-json\/wp\/v2\/tags?post=37300"},{"taxonomy":"news-destination","embeddable":true,"href":"https:\/\/euapp01.newsmemory.com\/lamarseillaise\/news\/wp-json\/wp\/v2\/news-destination?post=37300"},{"taxonomy":"news-source","embeddable":true,"href":"https:\/\/euapp01.newsmemory.com\/lamarseillaise\/news\/wp-json\/wp\/v2\/news-source?post=37300"},{"taxonomy":"is_homepage","embeddable":true,"href":"https:\/\/euapp01.newsmemory.com\/lamarseillaise\/news\/wp-json\/wp\/v2\/is_homepage?post=37300"},{"taxonomy":"ta_other","embeddable":true,"href":"https:\/\/euapp01.newsmemory.com\/lamarseillaise\/news\/wp-json\/wp\/v2\/ta_other?post=37300"}],"curies":[{"name":"wp","href":"https:\/\/api.w.org\/{rel}","templated":true}]}}