{"id":37297,"date":"2026-07-24T07:21:00","date_gmt":"2026-07-24T05:21:00","guid":{"rendered":"https:\/\/euapp01.newsmemory.com\/lamarseillaise\/news\/?p=37297"},"modified":"2026-07-30T08:16:42","modified_gmt":"2026-07-30T06:16:42","slug":"des-dechets-stockes-a-lair-libre-prennent-feu-au-centre-suez-distres","status":"publish","type":"post","link":"https:\/\/euapp01.newsmemory.com\/lamarseillaise\/news\/2026\/07\/24\/des-dechets-stockes-a-lair-libre-prennent-feu-au-centre-suez-distres\/","title":{"rendered":"Des d\u00e9chets stock\u00e9s \u00e0 l\u2019air libre prennent feu au centre Suez d\u2019Istres"},"content":{"rendered":"<div class=\"paragraph\">\n<p>Le centre de tri de Suez, implant\u00e9 au sein de l\u2019\u00e9co-p\u00f4le Tub\u00e9 Nord \u00e0 Istres, a \u00e9t\u00e9 touch\u00e9 par un incendie mercredi soir, peu avant 23 heures. Selon le Service d\u00e9partemental d\u2019incendie et de secours des Bouches-du-Rh\u00f4ne (Sdis 13), des d\u00e9chets organiques stock\u00e9s \u00e0 l\u2019air libre dans l\u2019enceinte du site ont pris feu.<\/p>\n<p>L\u2019action rapide et \u00ab\u00a0<i>conjointe des Pompiers<\/i><i>\u00a0<\/i><i>13 et des moyens du site a permis de contenir le sinistre \u00e0 environ 600<\/i><i>\u00a0<\/i><i>m\u00e8tres cubes<\/i>\u00a0\u00bb, d\u2019apr\u00e8s le Sdis, soit un volume l\u00e9g\u00e8rement inf\u00e9rieur \u00e0 celui cumul\u00e9 d\u2019une dizaine de conteneurs maritimes standards. Jointe jeudi soir, la pr\u00e9fecture parle quant \u00e0 elle de 3 m\u00e8tres cubes br\u00fbl\u00e9s, \u00e9quivalent \u00e0 un petit v\u00e9hicule utilitaire.<\/p>\n<p>Les services de l\u2019\u00c9tat se sont rendus, jeudi apr\u00e8s-midi, sur le site de Suez Istres suite \u00e0 l\u2019incendie. \u00ab <i>Au regard des premi\u00e8res constations r\u00e9alis\u00e9es par les inspecteurs, il appara\u00eet qu\u2019il n\u2019y a aucune trace de pollution des milieux<\/i>\u00a0\u00bb, note la pr\u00e9fecture.<\/p>\n<p>Suez recyclage et valorisation Istres avait \u00e9t\u00e9 mise en demeure en avril dernier par la pr\u00e9fecture des Bouches-du-Rh\u00f4ne. \u00ab <i>Sur les deux mises en demeure dont l\u2019exploitant a fait l\u2019objet, en avril 2026, pour des travaux sur l\u2019enrob\u00e9 et le forage, l\u2019exploitant ayant r\u00e9pondu \u00e0 la premi\u00e8re mise en demeure, une visite de r\u00e9colement est en cours pour la seconde. <\/i><i><span class=\"mln_uppercase_mln\">\u00e0<\/span><\/i><i> ce jour, aucune non-conformit\u00e9 n\u2019a \u00e9t\u00e9 constat\u00e9<\/i>\u00a0\u00bb, concluent les services de l\u2019\u00c9tat.<\/p>\n<\/p><\/div>\n<div class=\"intext\"> Du combustible CSR<br \/>\n               <br \/>avait pris feu en 2020\n              <\/div>\n<div class=\"paragraph\">\n<p>Ce site de Suez a connu un incendie il y a six\u00a0ans. La zone de confection de Combustible solide de r\u00e9cup\u00e9ration (CSR) \u00e0 partir de d\u00e9chets s\u2019\u00e9tait embras\u00e9e\u00a0: <a rel=\"noopener noreferrer\" href=\"https:\/\/www.lamarseillaise.fr\/accueil\/flash-incendie-istres-MN3791680\" target=\"_blank\">5\u00a0000\u00a0m\u00b2 de d\u00e9chets et de machineries avaient pris feu en juillet\u00a02020<\/a>. Un arr\u00eat\u00e9 pr\u00e9fectoral en avait ordonn\u00e9 l\u2019arr\u00eat en raison de \u00ab\u00a0<i>l\u2019accumulation de d\u00e9chets m\u00e9talliques ayant entra\u00een\u00e9 \u00e9chauffement puis incendie<\/i>\u00a0\u00bb par les convoyeurs, avant une propagation du feu entre les ateliers.<\/p>\n<p>\u00c0 noter que le CSR est le produit au centre du <a rel=\"noopener noreferrer\" href=\"https:\/\/www.lamarseillaise.fr\/environnement\/a-istres-la-concertation-autour-du-projet-d-incinerateur-etendue-CD20106224\" target=\"_blank\">projet de \u00ab<i>\u00a0<\/i><i>chaufferie<\/i><i>\u00a0<\/i>\u00bb port\u00e9 par Suez sur le m\u00eame site, fortement contest\u00e9 par la Ville d\u2019Istres<\/a> et des associations locales, qui le consid\u00e8rent comme un incin\u00e9rateur. Sollicit\u00e9, Suez n\u2019a pas r\u00e9pondu \u00e0 nos sollicitations.<\/p>\n<\/p><\/div>\n","protected":false},"excerpt":{"rendered":"Le centre de tri de Suez, implant&eacute; au sein de l&rsquo;&eacute;co-p&ocirc;le Tub&eacute; Nord &agrave; Istres, a &eacute;t&eacute; touch&eacute; par un incendie mercredi soir, peu avant 23 heures. Selon le Service d&eacute;partemental &#8230;","protected":false},"author":1,"featured_media":37298,"comment_status":"open","ping_status":"open","sticky":false,"template":"","format":"standard","meta":{"footnotes":""},"categories":[3926,3925,333,20],"tags":[10,725,1106,318,319,1396,534,116,320,1131,2239,3600,468],"news-destination":[3944],"news-source":[475],"is_homepage":[],"ta_other":[],"class_list":["post-37297","post","type-post","status-publish","format-standard","has-post-thumbnail","hentry","category-accueil-merge","category-accueil-third","category-environnement","category-societe","tag-bouches-du-rhone","tag-dechets","tag-dechetterie","tag-feu","tag-incendie","tag-incendies","tag-istres","tag-pollution","tag-pompiers","tag-prefecture","tag-recyclage","tag-sdis13","tag-suez","news-destination-homepage","news-source-website"],"_links":{"self":[{"href":"https:\/\/euapp01.newsmemory.com\/lamarseillaise\/news\/wp-json\/wp\/v2\/posts\/37297","targetHints":{"allow":["GET"]}}],"collection":[{"href":"https:\/\/euapp01.newsmemory.com\/lamarseillaise\/news\/wp-json\/wp\/v2\/posts"}],"about":[{"href":"https:\/\/euapp01.newsmemory.com\/lamarseillaise\/news\/wp-json\/wp\/v2\/types\/post"}],"author":[{"embeddable":true,"href":"https:\/\/euapp01.newsmemory.com\/lamarseillaise\/news\/wp-json\/wp\/v2\/users\/1"}],"replies":[{"embeddable":true,"href":"https:\/\/euapp01.newsmemory.com\/lamarseillaise\/news\/wp-json\/wp\/v2\/comments?post=37297"}],"version-history":[{"count":1,"href":"https:\/\/euapp01.newsmemory.com\/lamarseillaise\/news\/wp-json\/wp\/v2\/posts\/37297\/revisions"}],"predecessor-version":[{"id":37299,"href":"https:\/\/euapp01.newsmemory.com\/lamarseillaise\/news\/wp-json\/wp\/v2\/posts\/37297\/revisions\/37299"}],"wp:featuredmedia":[{"embeddable":true,"href":"https:\/\/euapp01.newsmemory.com\/lamarseillaise\/news\/wp-json\/wp\/v2\/media\/37298"}],"wp:attachment":[{"href":"https:\/\/euapp01.newsmemory.com\/lamarseillaise\/news\/wp-json\/wp\/v2\/media?parent=37297"}],"wp:term":[{"taxonomy":"category","embeddable":true,"href":"https:\/\/euapp01.newsmemory.com\/lamarseillaise\/news\/wp-json\/wp\/v2\/categories?post=37297"},{"taxonomy":"post_tag","embeddable":true,"href":"https:\/\/euapp01.newsmemory.com\/lamarseillaise\/news\/wp-json\/wp\/v2\/tags?post=37297"},{"taxonomy":"news-destination","embeddable":true,"href":"https:\/\/euapp01.newsmemory.com\/lamarseillaise\/news\/wp-json\/wp\/v2\/news-destination?post=37297"},{"taxonomy":"news-source","embeddable":true,"href":"https:\/\/euapp01.newsmemory.com\/lamarseillaise\/news\/wp-json\/wp\/v2\/news-source?post=37297"},{"taxonomy":"is_homepage","embeddable":true,"href":"https:\/\/euapp01.newsmemory.com\/lamarseillaise\/news\/wp-json\/wp\/v2\/is_homepage?post=37297"},{"taxonomy":"ta_other","embeddable":true,"href":"https:\/\/euapp01.newsmemory.com\/lamarseillaise\/news\/wp-json\/wp\/v2\/ta_other?post=37297"}],"curies":[{"name":"wp","href":"https:\/\/api.w.org\/{rel}","templated":true}]}}