{"id":37294,"date":"2026-07-24T07:13:00","date_gmt":"2026-07-24T05:13:00","guid":{"rendered":"https:\/\/euapp01.newsmemory.com\/lamarseillaise\/news\/?p=37294"},"modified":"2026-07-30T07:58:52","modified_gmt":"2026-07-30T05:58:52","slug":"le-delta-festival-ouvre-sous-le-regard-prudent-des-participants","status":"publish","type":"post","link":"https:\/\/euapp01.newsmemory.com\/lamarseillaise\/news\/2026\/07\/24\/le-delta-festival-ouvre-sous-le-regard-prudent-des-participants\/","title":{"rendered":"Le Delta Festival ouvre sous le regard prudent des participants"},"content":{"rendered":"<div class=\"paragraph\">\n<p>\u00ab <i>J<\/i><i>\u2019ai pris connaissance des accusations il y a une semaine, j\u2019ai r\u00e9fl\u00e9chi pendant trois jours avant de d\u00e9cider de maintenir mon stand. C\u2019\u00e9tait une d\u00e9cision difficile<\/i><i>\u00a0<\/i>\u00bb, confie Manon, pr\u00e9sidente de l\u2019association d\u2019\u00e9ducation sexuelle Les fleurs de clitoria. Comme beaucoup d\u2019autres associations, elle a choisi de maintenir son stand, malgr\u00e9 les accusations de violences sexuelles \u00e0 l\u2019encontre du pr\u00e9sident du Delta Festival, Olivier Ledot, qui conteste les faits.<\/p>\n<p>Ce jeudi, \u00e0 15h, sur la plage du Prado, le festival ouvrait ses portes, mais avec des espaces vides. Depuis une semaine, des artistes, des associations et des festivaliers se d\u00e9sengagent de l\u2019\u00e9v\u00e9nement. D\u2019autres font le choix de rester. C\u2019est le cas de Manon, qui justifie sa d\u00e9cision\u00a0: \u00ab\u00a0<i>L\u2019asso fait de la pr\u00e9vention et de la sensibilisation au consentement. On s\u2019est dit que si on n\u2019\u00e9tait pas l\u00e0, peut-\u00eatre que personne ne passerait ce message.<\/i><i>\u00a0<\/i>\u00bb<\/p>\n<p>St\u00e9phane Mollet, secr\u00e9taire g\u00e9n\u00e9ral de la CFDT Paca, explique que le syndicat est pr\u00e9sent tous les ans \u00ab\u00a0<i>pour sensibiliser les jeunes \u00e0 leurs droits<\/i><i>\u00a0<\/i>\u00bb. Cette ann\u00e9e, l\u2019approche de la CFDT a \u00e9volu\u00e9 en lien avec les r\u00e9centes r\u00e9v\u00e9lations. \u00ab<i>\u00a0<\/i><i>On a directement d\u00e9cid\u00e9 d\u2019annuler notre pr\u00e9sence sur les animations organis\u00e9es par le Delta, mais de nous maintenir sur le forum pour parler librement des questions de violences sexuelles aux festivaliers et aux travailleurs<\/i><i>\u00a0<\/i>\u00bb, commente St\u00e9phane Mollet.<\/p>\n<p>Du c\u00f4t\u00e9 des spectateurs comme des associations, on ne sait sur quel pied danser. Alors que les premiers DJ montent sur la sc\u00e8ne, Aaron, Marseillais de 19\u00a0ans, se montre partag\u00e9\u00a0: \u00ab<i>\u00a0<\/i><i>C\u2019est un sujet compliqu\u00e9. Le directeur a \u00e9t\u00e9 \u00e9cart\u00e9, le Delta a fait un communiqu\u00e9&#8230; Je ne veux pas incriminer toutes les \u00e9quipes du festival \u00e0 cause d\u2019un mec qui est dans tous les cas mis de c\u00f4t\u00e9.<\/i><i>\u00a0<\/i>\u00bb<\/p>\n<\/p><\/div>\n<div class=\"intext\"> \u00ab\u00a0Un avant et un apr\u00e8s\u00a0\u00bb\n              <\/div>\n<div class=\"paragraph\">\n<p>Clara et In\u00e8s, 22\u00a0ans, sont d\u00e9\u00e7ues car leurs artistes pr\u00e9f\u00e9r\u00e9s ont annul\u00e9 leur concert\u00a0: \u00ab\u00a0<i>On comprend leur d\u00e9cision, mais en m\u00eame temps, \u00e7a p\u00e9nalise les mauvaises personnes, on comprend mieux les artistes qui reversent leur cachet aux assos<\/i>\u00a0\u00bb. \u00ab\u00a0<i>J\u2019ai trouv\u00e9 le communiqu\u00e9 du Delta tr\u00e8s bien et je comprends leur volont\u00e9 de maintenir et de ne pas renoncer<\/i>\u00a0\u00bb, salue une b\u00e9n\u00e9vole de l\u2019association PSSM, qui forme et sensibilise \u00e0 la sant\u00e9 mentale. Face aux accusations, le Delta festival a expliqu\u00e9, dans un communiqu\u00e9, que \u00ab\u00a0<i>l\u2019int\u00e9gralit\u00e9 des b\u00e9n\u00e9fices potentiels du festival sera revers\u00e9e \u00e0 la cause des violences sexistes et sexuelles<\/i>\u00a0\u00bb.<\/p>\n<p>Si le communiqu\u00e9 laisse Manon et les membres de son association \u00ab\u00a0<i>mitig\u00e9s<\/i><i>\u00a0<\/i><i>\u00bb<\/i>, elle salue la r\u00e9activit\u00e9 des \u00e9quipes\u00a0: \u00ab\u00a0<i>Il y a beaucoup de festivals que l\u2019on sait probl\u00e9matiques, comme le Hellfest, et ou personne ne fait rien. On voit que les choses changent, il y aura un avant et un apr\u00e8s Delta festival.<\/i><i>\u00a0<\/i>\u00bb<\/p>\n<\/p><\/div>\n","protected":false},"excerpt":{"rendered":"&laquo; J&rsquo;ai pris connaissance des accusations il y a une semaine, j&rsquo;ai r&eacute;fl&eacute;chi pendant trois jours avant de d&eacute;cider de maintenir mon stand. C&rsquo;&eacute;tait une d&eacute;cision difficile&nbsp;&raquo;, confie &#8230;","protected":false},"author":1,"featured_media":37295,"comment_status":"open","ping_status":"open","sticky":false,"template":"","format":"standard","meta":{"footnotes":""},"categories":[3926,3925,32,20],"tags":[168,10,34,1270,397,16,1271,431,424,1304],"news-destination":[3944],"news-source":[475],"is_homepage":[],"ta_other":[],"class_list":["post-37294","post","type-post","status-publish","format-standard","has-post-thumbnail","hentry","category-accueil-merge","category-accueil-third","category-culture","category-societe","tag-association","tag-bouches-du-rhone","tag-concert","tag-delta-festival","tag-festivals","tag-marseille","tag-polemique","tag-prevention","tag-sante-mentale","tag-violences-sexuelles","news-destination-homepage","news-source-website"],"_links":{"self":[{"href":"https:\/\/euapp01.newsmemory.com\/lamarseillaise\/news\/wp-json\/wp\/v2\/posts\/37294","targetHints":{"allow":["GET"]}}],"collection":[{"href":"https:\/\/euapp01.newsmemory.com\/lamarseillaise\/news\/wp-json\/wp\/v2\/posts"}],"about":[{"href":"https:\/\/euapp01.newsmemory.com\/lamarseillaise\/news\/wp-json\/wp\/v2\/types\/post"}],"author":[{"embeddable":true,"href":"https:\/\/euapp01.newsmemory.com\/lamarseillaise\/news\/wp-json\/wp\/v2\/users\/1"}],"replies":[{"embeddable":true,"href":"https:\/\/euapp01.newsmemory.com\/lamarseillaise\/news\/wp-json\/wp\/v2\/comments?post=37294"}],"version-history":[{"count":1,"href":"https:\/\/euapp01.newsmemory.com\/lamarseillaise\/news\/wp-json\/wp\/v2\/posts\/37294\/revisions"}],"predecessor-version":[{"id":37296,"href":"https:\/\/euapp01.newsmemory.com\/lamarseillaise\/news\/wp-json\/wp\/v2\/posts\/37294\/revisions\/37296"}],"wp:featuredmedia":[{"embeddable":true,"href":"https:\/\/euapp01.newsmemory.com\/lamarseillaise\/news\/wp-json\/wp\/v2\/media\/37295"}],"wp:attachment":[{"href":"https:\/\/euapp01.newsmemory.com\/lamarseillaise\/news\/wp-json\/wp\/v2\/media?parent=37294"}],"wp:term":[{"taxonomy":"category","embeddable":true,"href":"https:\/\/euapp01.newsmemory.com\/lamarseillaise\/news\/wp-json\/wp\/v2\/categories?post=37294"},{"taxonomy":"post_tag","embeddable":true,"href":"https:\/\/euapp01.newsmemory.com\/lamarseillaise\/news\/wp-json\/wp\/v2\/tags?post=37294"},{"taxonomy":"news-destination","embeddable":true,"href":"https:\/\/euapp01.newsmemory.com\/lamarseillaise\/news\/wp-json\/wp\/v2\/news-destination?post=37294"},{"taxonomy":"news-source","embeddable":true,"href":"https:\/\/euapp01.newsmemory.com\/lamarseillaise\/news\/wp-json\/wp\/v2\/news-source?post=37294"},{"taxonomy":"is_homepage","embeddable":true,"href":"https:\/\/euapp01.newsmemory.com\/lamarseillaise\/news\/wp-json\/wp\/v2\/is_homepage?post=37294"},{"taxonomy":"ta_other","embeddable":true,"href":"https:\/\/euapp01.newsmemory.com\/lamarseillaise\/news\/wp-json\/wp\/v2\/ta_other?post=37294"}],"curies":[{"name":"wp","href":"https:\/\/api.w.org\/{rel}","templated":true}]}}