{"id":37291,"date":"2026-07-24T07:04:00","date_gmt":"2026-07-24T05:04:00","guid":{"rendered":"https:\/\/euapp01.newsmemory.com\/lamarseillaise\/news\/?p=37291"},"modified":"2026-07-30T07:45:36","modified_gmt":"2026-07-30T05:45:36","slug":"des-cendriers-de-poche-offerts-pour-contrer-les-jets-de-megots","status":"publish","type":"post","link":"https:\/\/euapp01.newsmemory.com\/lamarseillaise\/news\/2026\/07\/24\/des-cendriers-de-poche-offerts-pour-contrer-les-jets-de-megots\/","title":{"rendered":"Des cendriers de poche offerts pour contrer les jets de m\u00e9gots"},"content":{"rendered":"<div class=\"paragraph\">\n<p>Dans le cadre d\u2019une semaine de sensibilisation aux m\u00e9gots mal jet\u00e9s, la Conf\u00e9d\u00e9ration des Buralistes, la M\u00e9tropole Aix-Marseille-Provence et Alcome, \u00e9co-organisme d\u00e9di\u00e9 \u00e0 la r\u00e9duction des m\u00e9gots dans l\u2019espace public, se sont associ\u00e9s pour mener une campagne intitul\u00e9e #MonM\u00e9gotO\u00f9IlFaut. Ils sont venus pr\u00e9senter leur initiative, ce jeudi, sur la terrasse de la brasserie Le\u00a0Delibes (8<sup>e<\/sup>), avec comme mot d\u2019ordre\u00a0: \u00ab\u00a0<i>Neuf d\u00e9chets sur dix sont des m\u00e9gots.<\/i>\u00a0\u00bb<\/p>\n<p>Au total, 129\u00a0buralistes marseillais s\u2019engagent \u00e0 distribuer gratuitement \u00e0 leurs clients pr\u00e8s de 70\u00a0000\u00a0cendriers de poche. Une initiative qui vise \u00e0 lutter contre la pr\u00e9sence de ces d\u00e9chets dans la rue. \u00ab\u00a0<i>Aujourd\u2019hui, le mauvais jet du m\u00e9got par terre est inconscient<\/i>\u00a0\u00bb, explique Jonathan Decottignies, directeur des op\u00e9rations d\u2019Alcome. Il appelle \u00e0 \u00ab\u00a0<i>une r\u00e9elle prise de conscience<\/i>\u00a0\u00bb, alors que \u00ab\u00a0<i>quatre \u00e0 cinq m\u00e9gots sont pr\u00e9sents en permanence tous les 10<\/i><i>\u00a0<\/i><i>m\u00e8tres de voirie<\/i>\u00a0\u00bb, affirme cette fois Hedi Ramdane, conseiller m\u00e9tropolitain d\u00e9l\u00e9gu\u00e9 \u00e0 la propret\u00e9 et adjoint au maire de Marseille.<\/p>\n<p>En contact direct avec les fumeurs, les buralistes sont \u00ab\u00a0<i>le premier maillon \u00e0 solliciter<\/i>\u00a0\u00bb, explique Jonathan Decottignies. Un avis partag\u00e9 par Fr\u00e9d\u00e9ric Pourchier, pr\u00e9sident de la F\u00e9d\u00e9ration d\u00e9partementale des buralistes des Bouches-du-Rh\u00f4ne. Ce dernier se dit pr\u00eat \u00e0 faire de la \u00ab\u00a0<i>pr\u00e9vention aupr\u00e8s des clients<\/i>\u00a0\u00bb, car, selon lui, \u00ab\u00a0<i>c\u2019est aux buralistes d\u2019habituer les consommateurs<\/i>\u00a0\u00bb. Une mani\u00e8re \u00e9galement de montrer que les buralistes peuvent \u00ab\u00a0<i>s\u2019engager pour l\u2019\u00e9cologie<\/i>\u00a0\u00bb.<\/p>\n<\/p><\/div>\n<div class=\"intext\"> Pas de solution miracle\n              <\/div>\n<div class=\"paragraph\">\n<p>\u00c0 la fin de leurs discours, les trois hommes ont test\u00e9 les cendriers. Ceux-ci peuvent contenir, selon eux, \u00ab\u00a0<i>une dizaine de m\u00e9gots de cigarettes<\/i>\u00a0\u00bb et \u00ab\u00a0<i>ne d\u00e9gagent aucune odeur dans les sacs<\/i>\u00a0\u00bb.<\/p>\n<p>Ainsi, les cendriers de poche restent l\u2019outil \u00ab\u00a0<i>le plus important<\/i>\u00a0\u00bb pour sensibiliser la population, selon le pr\u00e9sident de la F\u00e9d\u00e9ration des buralistes. Pourtant, un seul cendrier ne suffit pas \u00e0 r\u00e9pondre \u00e0 l\u2019ampleur du probl\u00e8me. En effet, \u00ab\u00a0<i>il en faut quatre \u00e0 cinq \u00e0 chaque fumeur pour qu\u2019ils soient utilis\u00e9s de fa\u00e7on r\u00e9guli\u00e8re<\/i>\u00a0\u00bb, afin \u00ab\u00a0<i>d\u2019en avoir toujours un \u00e0 disposition<\/i>\u00a0\u00bb, explique Ali\u00e9nor Galamez, d\u00e9l\u00e9gu\u00e9e r\u00e9gionale d\u2019Alcome. Elle l\u2019assure toutefois\u00a0: \u00ab\u00a0<i>Le stock a \u00e9t\u00e9 calcul\u00e9 pour que tout le monde puisse \u00eatre \u00e9quip\u00e9.<\/i>\u00a0\u00bb<\/p>\n<p>Si la M\u00e9tropole et Alcome affirment agir tout au long de l\u2019ann\u00e9e face \u00e0 ce ph\u00e9nom\u00e8ne, ils admettent \u00ab\u00a0<i>renforcer leurs efforts<\/i>\u00a0\u00bb en p\u00e9riode estivale, o\u00f9 un nombre plus important de d\u00e9chets est constat\u00e9. En effet, le jet de m\u00e9gots sur la voirie est \u00ab\u00a0<i>un probl\u00e8me particuli\u00e8rement r\u00e9current en milieu festif et sur les plages o\u00f9 ont lieu de nombreux ap\u00e9ros<\/i>\u00a0\u00bb, note Ali\u00e9nor Galamez. Des \u00ab\u00a0hot spots\u00a0\u00bb (lieux o\u00f9 les d\u00e9chets sont nombreux) ont \u00e9t\u00e9 identifi\u00e9s par la Ville afin de renforcer la pr\u00e9vention.<\/p>\n<p>Provence-Alpes-C\u00f4te d\u2019Azur est la r\u00e9gion qui compte le plus de fumeurs en France, selon une \u00e9tude de Sant\u00e9 publique France publi\u00e9e en 2024.<\/p>\n<\/p><\/div>\n","protected":false},"excerpt":{"rendered":"Dans le cadre d&rsquo;une semaine de sensibilisation aux m&eacute;gots mal jet&eacute;s, la Conf&eacute;d&eacute;ration des Buralistes, la M&eacute;tropole Aix-Marseille-Provence et Alcome, &eacute;co-organisme d&eacute;di&eacute; &agrave; la &#8230;","protected":false},"author":1,"featured_media":37292,"comment_status":"open","ping_status":"open","sticky":false,"template":"","format":"standard","meta":{"footnotes":""},"categories":[3926,3925,20],"tags":[10,4860,725,3408,16,671,178,1085],"news-destination":[3944],"news-source":[475],"is_homepage":[],"ta_other":[],"class_list":["post-37291","post","type-post","status-publish","format-standard","has-post-thumbnail","hentry","category-accueil-merge","category-accueil-third","category-societe","tag-bouches-du-rhone","tag-cigarettes","tag-dechets","tag-hedi-ramdane","tag-marseille","tag-metropole-aix-marseille","tag-population","tag-sensibilisation","news-destination-homepage","news-source-website"],"_links":{"self":[{"href":"https:\/\/euapp01.newsmemory.com\/lamarseillaise\/news\/wp-json\/wp\/v2\/posts\/37291","targetHints":{"allow":["GET"]}}],"collection":[{"href":"https:\/\/euapp01.newsmemory.com\/lamarseillaise\/news\/wp-json\/wp\/v2\/posts"}],"about":[{"href":"https:\/\/euapp01.newsmemory.com\/lamarseillaise\/news\/wp-json\/wp\/v2\/types\/post"}],"author":[{"embeddable":true,"href":"https:\/\/euapp01.newsmemory.com\/lamarseillaise\/news\/wp-json\/wp\/v2\/users\/1"}],"replies":[{"embeddable":true,"href":"https:\/\/euapp01.newsmemory.com\/lamarseillaise\/news\/wp-json\/wp\/v2\/comments?post=37291"}],"version-history":[{"count":1,"href":"https:\/\/euapp01.newsmemory.com\/lamarseillaise\/news\/wp-json\/wp\/v2\/posts\/37291\/revisions"}],"predecessor-version":[{"id":37293,"href":"https:\/\/euapp01.newsmemory.com\/lamarseillaise\/news\/wp-json\/wp\/v2\/posts\/37291\/revisions\/37293"}],"wp:featuredmedia":[{"embeddable":true,"href":"https:\/\/euapp01.newsmemory.com\/lamarseillaise\/news\/wp-json\/wp\/v2\/media\/37292"}],"wp:attachment":[{"href":"https:\/\/euapp01.newsmemory.com\/lamarseillaise\/news\/wp-json\/wp\/v2\/media?parent=37291"}],"wp:term":[{"taxonomy":"category","embeddable":true,"href":"https:\/\/euapp01.newsmemory.com\/lamarseillaise\/news\/wp-json\/wp\/v2\/categories?post=37291"},{"taxonomy":"post_tag","embeddable":true,"href":"https:\/\/euapp01.newsmemory.com\/lamarseillaise\/news\/wp-json\/wp\/v2\/tags?post=37291"},{"taxonomy":"news-destination","embeddable":true,"href":"https:\/\/euapp01.newsmemory.com\/lamarseillaise\/news\/wp-json\/wp\/v2\/news-destination?post=37291"},{"taxonomy":"news-source","embeddable":true,"href":"https:\/\/euapp01.newsmemory.com\/lamarseillaise\/news\/wp-json\/wp\/v2\/news-source?post=37291"},{"taxonomy":"is_homepage","embeddable":true,"href":"https:\/\/euapp01.newsmemory.com\/lamarseillaise\/news\/wp-json\/wp\/v2\/is_homepage?post=37291"},{"taxonomy":"ta_other","embeddable":true,"href":"https:\/\/euapp01.newsmemory.com\/lamarseillaise\/news\/wp-json\/wp\/v2\/ta_other?post=37291"}],"curies":[{"name":"wp","href":"https:\/\/api.w.org\/{rel}","templated":true}]}}