{"id":37288,"date":"2026-07-24T07:05:00","date_gmt":"2026-07-24T05:05:00","guid":{"rendered":"https:\/\/euapp01.newsmemory.com\/lamarseillaise\/news\/?p=37288"},"modified":"2026-07-30T07:45:36","modified_gmt":"2026-07-30T05:45:36","slug":"la-dz-mafia-nie-avoir-menace-le-maire-dales","status":"publish","type":"post","link":"https:\/\/euapp01.newsmemory.com\/lamarseillaise\/news\/2026\/07\/24\/la-dz-mafia-nie-avoir-menace-le-maire-dales\/","title":{"rendered":"La DZ mafia nie avoir menac\u00e9 le maire d\u2019Al\u00e8s"},"content":{"rendered":"<div class=\"paragraph\">\n<p>Six personnes cagoul\u00e9es derri\u00e8re une table recouverte d\u2019un drap avec le logo DZ, qui n\u2019est pas sans rappeler la vid\u00e9o publi\u00e9e apr\u00e8s le meurtre, en octobre\u00a02024, d\u2019un chauffeur de VTC \u00e0 Marseille par un adolescent de 14\u00a0ans. Dans ce nouveau film de quelques minutes post\u00e9 mercredi soir sur les r\u00e9seaux sociaux, des membres assurant appartenir \u00e0 l\u2019organisation criminelle se d\u00e9douanent, niant toute implication dans les menaces visant le maire d\u2019Al\u00e8s dans le Gard, Christophe Rivenq, exfiltr\u00e9 de son domicile par le Raid en pleine nuit.<\/p>\n<p>L\u2019homme au centre de l\u2019image assure que l\u2019organisation \u00ab\u00a0<i>n\u2019est en aucun cas responsable<\/i><i>\u00a0<\/i>\u00bb des menaces visant l\u2019\u00e9dile, qualifi\u00e9es \u00ab<i>\u00a0<\/i><i>d\u2019acte l\u00e2che et odieux fait par des personnes voulant nuire \u00e0 la soci\u00e9t\u00e9, rabaissant la moralit\u00e9 fran\u00e7aise, mais surtout en visant le groupe de la DZ<\/i><i>\u00a0<\/i>\u00bb. Plus inqui\u00e9tant encore, il assure \u00e9galement que le groupe cherche \u00e0 identifier les auteurs de \u00ab\u00a0<i>cet acte qui nuit \u00e9norm\u00e9ment \u00e0 (leurs) affaires<\/i><i>\u00a0<\/i>\u00bb.<\/p>\n<\/p><\/div>\n<div class=\"intext\"> Une enqu\u00eate<br \/>\n               <br \/>toujours en cours\n              <\/div>\n<div class=\"paragraph\">\n<p>Contact\u00e9, le Parquet national anticriminalit\u00e9 organis\u00e9e (Pnaco), charg\u00e9 de l\u2019enqu\u00eate sur l\u2019ensemble des menaces visant le maire, nous indique qu\u2019\u00e0 \u00ab<i>\u00a0<\/i><i>ce stade, il a eu connaissance de cette vid\u00e9o<\/i><i>\u00a0<\/i>\u00bb, et que les \u00ab\u00a0<i>investigations se poursuivent<\/i>\u00a0\u00bb.<\/p>\n<p>Le maire LR d\u2019Al\u00e8s, Christophe Rivenq, a re\u00e7u le 16\u00a0juillet une enveloppe contenant deux balles de calibre 9\u00a0mm, ainsi que des inscriptions mena\u00e7antes tagu\u00e9es sur le mur de sa cl\u00f4ture, sign\u00e9es \u00ab\u00a0DZ\u00a0NG\u00a0\u00bb, pour DZ Mafia nouvelle g\u00e9n\u00e9ration, possible scission du groupe. Plac\u00e9 sous protection polici\u00e8re depuis, il a \u00e9t\u00e9 exfiltr\u00e9 de son domicile par le Raid, dans la nuit de lundi \u00e0 mardi, apr\u00e8s la remont\u00e9e d\u2019une menace \u00e9voquant la possible pr\u00e9sence d\u2019une voiture pi\u00e9g\u00e9e, information non confirm\u00e9e \u00e0 ce stade.<\/p>\n<\/p><\/div>\n","protected":false},"excerpt":{"rendered":"Six personnes cagoul&eacute;es derri&egrave;re une table recouverte d&rsquo;un drap avec le logo DZ, qui n&rsquo;est pas sans rappeler la vid&eacute;o publi&eacute;e apr&egrave;s le meurtre, en octobre&nbsp;2024, d&rsquo;un chauffeur de VTC &agrave; &#8230;","protected":false},"author":1,"featured_media":37289,"comment_status":"open","ping_status":"open","sticky":false,"template":"","format":"standard","meta":{"footnotes":""},"categories":[3926,3925,20],"tags":[1960,10,2773,635,2394,1276,16,3439,2061,3289,380],"news-destination":[3944],"news-source":[475],"is_homepage":[],"ta_other":[],"class_list":["post-37288","post","type-post","status-publish","format-standard","has-post-thumbnail","hentry","category-accueil-merge","category-accueil-third","category-societe","tag-auteurs","tag-bouches-du-rhone","tag-chauffeur","tag-christophe-rivenq","tag-dz-mafia","tag-enquete","tag-marseille","tag-meurtre","tag-parquet","tag-raid","tag-reseaux-sociaux","news-destination-homepage","news-source-website"],"_links":{"self":[{"href":"https:\/\/euapp01.newsmemory.com\/lamarseillaise\/news\/wp-json\/wp\/v2\/posts\/37288","targetHints":{"allow":["GET"]}}],"collection":[{"href":"https:\/\/euapp01.newsmemory.com\/lamarseillaise\/news\/wp-json\/wp\/v2\/posts"}],"about":[{"href":"https:\/\/euapp01.newsmemory.com\/lamarseillaise\/news\/wp-json\/wp\/v2\/types\/post"}],"author":[{"embeddable":true,"href":"https:\/\/euapp01.newsmemory.com\/lamarseillaise\/news\/wp-json\/wp\/v2\/users\/1"}],"replies":[{"embeddable":true,"href":"https:\/\/euapp01.newsmemory.com\/lamarseillaise\/news\/wp-json\/wp\/v2\/comments?post=37288"}],"version-history":[{"count":1,"href":"https:\/\/euapp01.newsmemory.com\/lamarseillaise\/news\/wp-json\/wp\/v2\/posts\/37288\/revisions"}],"predecessor-version":[{"id":37290,"href":"https:\/\/euapp01.newsmemory.com\/lamarseillaise\/news\/wp-json\/wp\/v2\/posts\/37288\/revisions\/37290"}],"wp:featuredmedia":[{"embeddable":true,"href":"https:\/\/euapp01.newsmemory.com\/lamarseillaise\/news\/wp-json\/wp\/v2\/media\/37289"}],"wp:attachment":[{"href":"https:\/\/euapp01.newsmemory.com\/lamarseillaise\/news\/wp-json\/wp\/v2\/media?parent=37288"}],"wp:term":[{"taxonomy":"category","embeddable":true,"href":"https:\/\/euapp01.newsmemory.com\/lamarseillaise\/news\/wp-json\/wp\/v2\/categories?post=37288"},{"taxonomy":"post_tag","embeddable":true,"href":"https:\/\/euapp01.newsmemory.com\/lamarseillaise\/news\/wp-json\/wp\/v2\/tags?post=37288"},{"taxonomy":"news-destination","embeddable":true,"href":"https:\/\/euapp01.newsmemory.com\/lamarseillaise\/news\/wp-json\/wp\/v2\/news-destination?post=37288"},{"taxonomy":"news-source","embeddable":true,"href":"https:\/\/euapp01.newsmemory.com\/lamarseillaise\/news\/wp-json\/wp\/v2\/news-source?post=37288"},{"taxonomy":"is_homepage","embeddable":true,"href":"https:\/\/euapp01.newsmemory.com\/lamarseillaise\/news\/wp-json\/wp\/v2\/is_homepage?post=37288"},{"taxonomy":"ta_other","embeddable":true,"href":"https:\/\/euapp01.newsmemory.com\/lamarseillaise\/news\/wp-json\/wp\/v2\/ta_other?post=37288"}],"curies":[{"name":"wp","href":"https:\/\/api.w.org\/{rel}","templated":true}]}}